{"id":273,"date":"2013-01-16T19:30:25","date_gmt":"2013-01-16T18:30:25","guid":{"rendered":"https:\/\/fiaf.net\/diaf\/?p=273"},"modified":"2013-01-16T19:30:25","modified_gmt":"2013-01-16T18:30:25","slug":"1-concorso-internazionale-av-citta-di-garda","status":"publish","type":"post","link":"https:\/\/fiaf.net\/diaf\/1-concorso-internazionale-av-citta-di-garda\/","title":{"rendered":"1\u00b0 Concorso Internazionale AV \u201cCitt\u00e0 di Garda\u201d"},"content":{"rendered":"<p><span style=\"font-family: Verdana,Arial,Helvetica,sans-serif\"><strong>Il Gruppo Fotografico Lo Scatto di Garda<\/strong> (Verona)\u00a0 con la collaborazione del responsabile relazioni con l\u2019estero DIAF \u2013 annuncia il <em>1\u00b0 Concorso Internazionale Audiovisivi \u201cCitt\u00e0 di Garda\u201d<\/em>, aperto agli autori di tutto il mondo, Patrocinio FIAF 13AVF01- FIAP in corso<br \/>\nIl Concorso si svolger\u00e0 dal 6 al 9 giugno 2013 nell\u2019incantevole cornice della sponda veronese del lago di Garda, rinomata localit\u00e0 turistica internazionale in una regione ricca di testimonianze storico\/artistiche e culturali. In palio tre soggiorni a Garda in Hotel cat. 3 stelle o superiore.<br \/>\n<a href=\"https:\/\/fiaf.net\/diaf\/wp-content\/uploads\/sites\/26\/2013\/02\/Regolamento_Garda13_-I.pdf\" target=\"_blank\" rel=\"noopener\"><span style=\"color: #3366ff\"><em><span style=\"color: #3366ff\">Regolamento e scheda di iscrizione<\/span><\/em><\/span><\/a> &#8211; <em><span style=\"color: #3366ff\"><a href=\"https:\/\/fiaf.net\/diaf\/wp-content\/uploads\/sites\/26\/2013\/01\/Fiche-AV-FIAP_editabile.pdf\" target=\"_blank\" rel=\"noopener\"><span style=\"color: #3366ff\">Fiche di identificazione AV<\/span><\/a><\/span><\/em><\/span><\/p>\n<p>&nbsp;<\/p>\n<p><span style=\"font-family: Verdana,Arial,Helvetica,sans-serif\"><strong>The Photographic Group\u00a0 \u201cLo Scatto\u201d<\/strong> (Verona) in collaboration with the responsible foreign relations DIAF &#8211; announces the <em>1st International Audiovisual &#8220;Citt\u00e0 di Garda&#8221;<\/em>, open to authors from around the world, Patronage FIAF 13AVF01-FIAP being assigned<br \/>\nThe competition will be held from 6 to 9 June 2013 in the beautiful setting of the Verona side of Lake Garda, a famous\u00a0 international tourist destination in a region with a rich historical \/ cultural and artistic environment.<br \/>\nWinners will be prized with free stays in hotels in Garda cat 3 stars or higher.<br \/>\n<a href=\"https:\/\/fiaf.net\/diaf\/wp-content\/uploads\/sites\/26\/2013\/02\/Regulation_Garda13_-E.pdf\" target=\"_blank\" rel=\"noopener\"><span style=\"color: #3366ff\"><em><span style=\"color: #3366ff\">Rules and entry form<\/span><\/em><\/span><\/a> &#8211; <em><span style=\"color: #3366ff\"><a href=\"https:\/\/fiaf.net\/diaf\/wp-content\/uploads\/2013\/01\/Regulation-v-3.3-English.pdf\" target=\"_blank\" rel=\"noopener\"><span style=\"color: #3366ff\">AV Identification Fiche<\/span><\/a><\/span><\/em><\/span><\/p>\n<p>&nbsp;<\/p>\n<p><span style=\"font-family: Verdana,Arial,Helvetica,sans-serif\"><strong>L\u2019Equipe \u00a0photo \u00ab\u00a0Lo Scatto\u00a0\u00bb de Garda<\/strong> (V\u00e9rone), en collaboration avec le responsable des relations \u00e9trang\u00e8res DIAF &#8211; annonce le <em>1er Salon International Audiovisuel &#8220;Citt\u00e0 di Garda&#8221;<\/em>, ouvert aux auteurs du monde entier, Patronage \u00a0FIAF 13AVF01- FIAP en cours<br \/>\nLa comp\u00e9tition se tiendra du 6 au 9 Juin 2013 dans le cadre magnifique du c\u00f4t\u00e9 de V\u00e9rone Lac de Garde, une destination touristique populaire internationale dans une r\u00e9gion avec un riche patrimoine historique \/ culturel et artistique.<br \/>\nOn pourra gagner \u00a0trois s\u00e9jours dans des h\u00f4tels \u00e0 Garda chat 3 \u00e9toiles ou plus.<br \/>\n<a href=\"https:\/\/fiaf.net\/diaf\/wp-content\/uploads\/sites\/26\/2013\/02\/Reglement_Garda13_F.pdf\" target=\"_blank\" rel=\"noopener\"><span style=\"color: #3366ff\"><em><span style=\"color: #3366ff\">R\u00e8gles et fiche d\u2019 inscription<\/span><\/em><\/span><\/a> &#8211; <a href=\"https:\/\/fiaf.net\/diaf\/wp-content\/uploads\/sites\/26\/2013\/01\/Fiche-AV-FIAP_editabile.pdf\" target=\"_blank\" rel=\"noopener\"><em><span style=\"color: #3366ff\">Fiche d&#8217;identification AV<\/span><\/em><\/a><\/span><\/p>\n<p>&nbsp;<\/p>\n<p><span style=\"font-family: Verdana,Arial,Helvetica,sans-serif\"><strong>Der Konzern Foto Taking The Garda<\/strong> (Verona) in Zusammenarbeit mit der zust\u00e4ndigen ausl\u00e4ndischen Beziehungen DIAF &#8211; k\u00fcndigt die erste Internationale Audiovisual &#8220;Citt\u00e0 di Garda&#8221;, offen f\u00fcr Autoren aus der ganzen Welt, FIAP-Patronat FIAF 13AVF01 Wohlbefinden<br \/>\nDer Wettbewerb findet vom 6. bis 9. Juni 2013 in der sch\u00f6nen Umgebung des Veroneser Seite des Gardasees, ein beliebtes Ziel des internationalen Tourismus in einer Region mit einer reichen historischen \/ kulturellen und k\u00fcnstlerischen gehalten werden.<br \/>\nVerlosen drei Aufenthalte in Hotels in Garda Kat. 3 oder mehr Sternen<em>.<\/em><br \/>\n<em><span style=\"font-family: Verdana,Arial,Helvetica,sans-serif\"><span style=\"color: #3366ff\"><a href=\"https:\/\/fiaf.net\/diaf\/wp-content\/uploads\/sites\/26\/2013\/02\/Regolamento_Garda13_D.pdf\"><span style=\"color: #3366ff\">Regeln und das Anmeldeformular<\/span><\/a><\/span> &#8211; <span style=\"color: #3366ff\"><a href=\"https:\/\/fiaf.net\/diaf\/wp-content\/uploads\/sites\/26\/2013\/01\/Fiche-AV-FIAP_editabile.pdf\"><span style=\"color: #3366ff\">Fiche Identifizierung AV<\/span><\/a><\/span><\/span><\/em><\/span><\/p>\n<p>&#8212;&#8212;&#8212;&#8212;&#8212;&#8212;&#8212;&#8211;<\/p>\n<p><a href=\"https:\/\/fiaf.net\/diaf\/wp-content\/uploads\/sites\/26\/2013\/06\/AV-Intl-Garda-2013_catalogOK.pdf\"><span style=\"color: #ff6600\"><span style=\"color: #ff6600\"><strong><span style=\"font-family: Verdana,Arial,Helvetica,sans-serif\">A questo link, potete scaricare il catalogo dei partecipanti con il programma delle proiezioni.<\/span><\/strong><\/span><\/span><\/a><\/p>\n<p><a href=\"https:\/\/fiaf.net\/diaf\/wp-content\/uploads\/sites\/26\/2013\/06\/AV-Intl-Garda-2013_catalogOK.pdf\"><span style=\"color: #ff6600\"><span style=\"color: #ff6600\"><strong><span style=\"font-family: Verdana,Arial,Helvetica,sans-serif\">\u00c0 ce lien vous pouvez t\u00e9l\u00e9charger le catalog et le programme<\/span><\/strong><\/span><\/span><\/a><\/p>\n<p><a href=\"https:\/\/fiaf.net\/diaf\/wp-content\/uploads\/sites\/26\/2013\/06\/AV-Intl-Garda-2013_catalogOK.pdf\"><span style=\"color: #ff6600\"><span style=\"color: #ff6600\"><strong><span style=\"font-family: Verdana,Arial,Helvetica,sans-serif\">At this link you can download the catalogue and the program<\/span><\/strong><\/span><\/span><\/a><\/p>\n\n    <div class=\"xs_social_share_widget xs_share_url after_content \t\tmain_content  wslu-style-1 wslu-share-box-shaped wslu-fill-colored wslu-none wslu-share-horizontal wslu-theme-font-no wslu-main_content\">\n\n\t\t\n        <ul>\n\t\t\t        <\/ul>\n    <\/div> \n","protected":false},"excerpt":{"rendered":"<p>Il Gruppo Fotografico Lo Scatto di Garda (Verona)\u00a0 con la collaborazione del responsabile relazioni con l\u2019estero DIAF \u2013 annuncia il &hellip;<\/p>\n","protected":false},"author":64,"featured_media":281,"comment_status":"closed","ping_status":"open","sticky":false,"template":"","format":"standard","meta":{"_acf_changed":false,"footnotes":""},"categories":[9],"tags":[],"class_list":["post-273","post","type-post","status-publish","format-standard","has-post-thumbnail","hentry","category-attivita"],"acf":[],"_links":{"self":[{"href":"https:\/\/fiaf.net\/diaf\/wp-json\/wp\/v2\/posts\/273","targetHints":{"allow":["GET"]}}],"collection":[{"href":"https:\/\/fiaf.net\/diaf\/wp-json\/wp\/v2\/posts"}],"about":[{"href":"https:\/\/fiaf.net\/diaf\/wp-json\/wp\/v2\/types\/post"}],"author":[{"embeddable":true,"href":"https:\/\/fiaf.net\/diaf\/wp-json\/wp\/v2\/users\/64"}],"replies":[{"embeddable":true,"href":"https:\/\/fiaf.net\/diaf\/wp-json\/wp\/v2\/comments?post=273"}],"version-history":[{"count":0,"href":"https:\/\/fiaf.net\/diaf\/wp-json\/wp\/v2\/posts\/273\/revisions"}],"wp:featuredmedia":[{"embeddable":true,"href":"https:\/\/fiaf.net\/diaf\/wp-json\/wp\/v2\/media\/281"}],"wp:attachment":[{"href":"https:\/\/fiaf.net\/diaf\/wp-json\/wp\/v2\/media?parent=273"}],"wp:term":[{"taxonomy":"category","embeddable":true,"href":"https:\/\/fiaf.net\/diaf\/wp-json\/wp\/v2\/categories?post=273"},{"taxonomy":"post_tag","embeddable":true,"href":"https:\/\/fiaf.net\/diaf\/wp-json\/wp\/v2\/tags?post=273"}],"curies":[{"name":"wp","href":"https:\/\/api.w.org\/{rel}","templated":true}]}}