{"id":4797,"date":"2016-05-09T17:09:14","date_gmt":"2016-05-09T15:09:14","guid":{"rendered":"https:\/\/fiaf.net\/diaf\/?p=4797"},"modified":"2016-05-09T17:09:14","modified_gmt":"2016-05-09T15:09:14","slug":"10-circuito-nazionale-audiovisivi-2","status":"publish","type":"post","link":"https:\/\/fiaf.net\/diaf\/10-circuito-nazionale-audiovisivi-2\/","title":{"rendered":"10\u00b0 Circuito Nazionale Audiovisivi"},"content":{"rendered":"<p><a href=\"https:\/\/fiaf.net\/diaf\/wp-content\/uploads\/sites\/26\/2016\/02\/pagina-fotoit2016-small.jpg\"><img loading=\"lazy\" decoding=\"async\" class=\"size-full wp-image-4075 alignleft\" src=\"https:\/\/fiaf.net\/diaf\/wp-content\/uploads\/sites\/26\/2016\/02\/pagina-fotoit2016-small.jpg\" alt=\"pagina-fotoit2016-small\" width=\"170\" height=\"234\" \/><\/a>Il <strong>10\u00b0 Circuito Nazionale<\/strong> \u00e8 coordinato dal DiAF Dipartimento Audiovisivi FIAF e si articola in <strong>14\u00a0\u201ctappe\u201c<\/strong>, da Giugno a Novembre 2016, ciascuna organizzata dai Circoli Fotografici aderenti con lo scopo di diffondere la cultura dell\u2019audiovisivo fotografico, disciplina particolarmente creativa e completa.<\/p>\n<p>La peculiarit\u00e0 della manifestazione \u00e8 quella di proporre le opere iscritte alla valutazione di pi\u00f9 Giurie in diverse regioni italiane; una pi\u00f9 vasta diffusione dell\u2019AV sul territorio \u00e8 quindi uno scopo primario di questo Circuito.<\/p>\n<p>Ogni tappa \u00e8 un Concorso indipendente con una propria Giuria che avr\u00e0 il compito di valutare e classificare gli audiovisivi pervenuti assegnando i premi in palio ed i punteggi\u00a0 validi per la Statistica AV FIAF ai primi 10 classificati solo se iscritti alla FIAF.<\/p>\n<p><em><a href=\"https:\/\/fiaf.net\/diaf\/10-circuito-regolamento\/\"><strong>Vedi il\u00a0Regolamento<\/strong>\u00a0<\/a><\/em><\/p>\n<p><strong>Queste le \u201ctappe\u201d della manifestazione:<\/strong><\/p>\n<p>\u2013 Gruppo Fotografico EIKON AV-BFI \u2013 <strong><em>Torino <\/em><\/strong><br \/>\n\u2013 Circolo Fotografico Famiglia Legnanese BFI \u2013 <strong><em>Legnano <\/em><\/strong><em>MI<\/em><br \/>\n\u2013 Circolo Fotografico Desiano SMF BFI \u2013 <strong><em>Desio <\/em><\/strong><em>MB<\/em><br \/>\n\u2013 Circolo Fotografico il Palazzaccio \u2013 <strong><em>S. Giovanni in Persiceto <\/em><\/strong><em>BO<\/em><br \/>\n\u2013 Circolo Cinefotografico Gruppo 98 \u2013 <strong><em>Caorso <\/em><\/strong><em>PC<\/em><br \/>\n\u2013 Gruppo Fotografico Lo Scatto BFI \u2013 <strong><em>Garda <\/em><\/strong><em>VR<\/em><br \/>\n\u2013 Foto Club Etruria \u2013 <strong><em>Cortona <\/em><\/strong><em>AR<\/em><br \/>\n\u2013 Circolo Fotografico Zoom AV BFI \u2013 <strong><em>Salsomaggiore <\/em><\/strong><em>PR<\/em><br \/>\n\u2013 Fotoamatori \u201cFrancesco Mochi\u201d BFI \u2013 <strong><em>Montevarchi <\/em><\/strong><em>AR<\/em><br \/>\n\u2013 Gruppo Fotoamatori Sestesi BFI \u2013 <strong><em>Sesto San Giovanni <\/em><\/strong><em>MI<\/em><br \/>\n\u2013 Aternum Fotoamatori Abruzzesi BFI SMF \u2013 <strong><em>Pescara <\/em><\/strong><em>PE<\/em><br \/>\n\u2013\u00a0C.F. San Donato \u201cF. Ventura\u201d \u2013<strong> San Donato Milanese <\/strong><br \/>\n\u2013 ADF Amici della Fotografia \u2013 <strong><em>Pove del Grappa <\/em><\/strong><em>VI<br \/>\n\u2013 <\/em>Foto Cine Club Foggia<em> \u2013 <strong>Foggia<\/strong><br \/>\n<\/em><\/p>\n<p>Il Concorso riprende la formula ormai collaudata degli scorsi anni, con l\u2019introduzione di alcune nuove e importanti indicazioni, <strong>(nuova scheda di identificazione AV, nuove \u201cmacro aree\u201d di categoria\/classificazione, Immagini sonorizzate)<\/strong> dettate dalla necessit\u00e0 di migliorarne lo svolgimento.<\/p>\n<p>Ai link seguenti, trovate i nomi dei giurati di ciascuna tappa, nei formati .doc oppure .pdf<\/p>\n<p>A questo LINK la CLASSIFICA FINALE del Circuito<\/p>\n<p>A questo LINK, le date di premiazione.<\/p>\n\n    <div class=\"xs_social_share_widget xs_share_url after_content \t\tmain_content  wslu-style-1 wslu-share-box-shaped wslu-fill-colored wslu-none wslu-share-horizontal wslu-theme-font-no wslu-main_content\">\n\n\t\t\n        <ul>\n\t\t\t        <\/ul>\n    <\/div> \n","protected":false},"excerpt":{"rendered":"<p>Il 10\u00b0 Circuito Nazionale \u00e8 coordinato dal DiAF Dipartimento Audiovisivi FIAF e si articola in 14\u00a0\u201ctappe\u201c, da Giugno a Novembre &hellip;<\/p>\n","protected":false},"author":59,"featured_media":0,"comment_status":"closed","ping_status":"open","sticky":false,"template":"","format":"standard","meta":{"_acf_changed":false,"footnotes":""},"categories":[9],"tags":[],"class_list":["post-4797","post","type-post","status-publish","format-standard","hentry","category-attivita"],"acf":[],"_links":{"self":[{"href":"https:\/\/fiaf.net\/diaf\/wp-json\/wp\/v2\/posts\/4797","targetHints":{"allow":["GET"]}}],"collection":[{"href":"https:\/\/fiaf.net\/diaf\/wp-json\/wp\/v2\/posts"}],"about":[{"href":"https:\/\/fiaf.net\/diaf\/wp-json\/wp\/v2\/types\/post"}],"author":[{"embeddable":true,"href":"https:\/\/fiaf.net\/diaf\/wp-json\/wp\/v2\/users\/59"}],"replies":[{"embeddable":true,"href":"https:\/\/fiaf.net\/diaf\/wp-json\/wp\/v2\/comments?post=4797"}],"version-history":[{"count":0,"href":"https:\/\/fiaf.net\/diaf\/wp-json\/wp\/v2\/posts\/4797\/revisions"}],"wp:attachment":[{"href":"https:\/\/fiaf.net\/diaf\/wp-json\/wp\/v2\/media?parent=4797"}],"wp:term":[{"taxonomy":"category","embeddable":true,"href":"https:\/\/fiaf.net\/diaf\/wp-json\/wp\/v2\/categories?post=4797"},{"taxonomy":"post_tag","embeddable":true,"href":"https:\/\/fiaf.net\/diaf\/wp-json\/wp\/v2\/tags?post=4797"}],"curies":[{"name":"wp","href":"https:\/\/api.w.org\/{rel}","templated":true}]}}