{"id":170,"date":"2015-02-13T15:57:13","date_gmt":"2015-02-13T14:57:13","guid":{"rendered":"https:\/\/fiaf.net\/didattica\/?p=170"},"modified":"2015-02-13T15:57:13","modified_gmt":"2015-02-13T14:57:13","slug":"massimo-mazzoli","status":"publish","type":"post","link":"https:\/\/fiaf.net\/didattica\/massimo-mazzoli\/","title":{"rendered":"Massimo Mazzoli"},"content":{"rendered":"<p>\t\t\t\t<strong>Vive a Senigallia (AN) &#8211;&nbsp;<\/strong><\/p>\n<p><strong>Contatti<\/strong>: <a href=\"mailto:massimo@fotoit.it\"><strong>massimo@fotoit.it<\/strong><\/a><\/p>\n<p><strong>Note Biografiche:<\/strong><\/p>\n<p>Nato a Senigallia (AN) nel 1966, ha iniziato a fotografare all\u2019et\u00e0 di 11 anni &nbsp;grazie agli stimoli dell\u2019insegnante di educazione artistica che lo ha avvicinato alle arti visive e gli ha insegnato i rudimenti della camera oscura.<\/p>\n<p>Si \u00e8 avvicinato al mondo della fotografia amatoriale nel 1987 e ed \u00e8 entrato nella Fiaf nel 1996. Dal 2008 \u00e8 componente del Dipartimento Attivit\u00e0 Culturali (DAC) della Federazione. Nel 2008 \u00e8 stato insignito del BFI (Benemerito della Fotografia Italiana). Dal 2009 redige articoli di lettura dell\u2019immagine fotografica singola e dei portfolio sulla rivista della federazione <strong><em>Fotoit<\/em><\/strong>.&nbsp;Componente del comitato di Redazione di Fotoit.<\/p>\n<p>Dal 2009 conduce un\u2019attivit\u00e0 di coordinamento artistico e di consulenza presso i Circoli FIAF.<\/p>\n<p>Dal 2011 al 2014 \u00e8 stato il Direttore del Dipartimento Web della FIAF.<\/p>\n<p><strong>Manifestazioni e mostre<\/strong>:\u2028Ha partecipato come lettore a diversi tavoli di lettura di portfolio a Bibbiena, Sestri Levante, Citerna, Sassoferrato, Colorno oltre alle pedane FIAF attivate in occasione dei Congressi Nazionali della Federazione.&nbsp;Lettore Circuito \u201cPortfolio Italia\u201d<\/p>\n<p>E\u2019 stato ideatore e Coordinatore Artistico del progetto regionale \u201c10\/12\/2008 \u2013 Una giornata particolare nelle Marche\u201d.<\/p>\n<p>2011 Coordinatore progetto \u201cPassione Italia\u201d<\/p>\n<p>Ha curato e attualmente cura in qualit\u00e0 di amministratore i seguenti Blog:&nbsp;\u201cPassione Italia 150\u00b0\u201d,&nbsp;\u201cFotoit\u201d,&nbsp;\u201cAgor\u00e0 di Cult\u201d<br \/>\n2009-2015 Curatore Festival Fotografico FacePhotoNews<\/p>\n<p>Svolgo da un dieci anni attivit\u00e0 di lettura dell\u2019immagine, lettura portfolio, workshop, serate tematiche, nell\u2019ambito di festival fotografici, manifestazioni, circoli Fiaf e non del panorama nazionale.<\/p>\n<hr>\n<p>&nbsp;<\/p>\n<p><strong>Offerta didattica:<\/strong><\/p>\n<pre><span style=\"color: #993300\"><strong>Conversazioni:<\/strong><\/span><\/pre>\n<ul>\n<li>Luigi Crocenzi \u2013 Il fotoracconto<\/li>\n<li>Ferruccio Ferroni \u2013 Un autore da scoprire<\/li>\n<li>Mario Giacomelli \u2013 Un autore da riscoprire<\/li>\n<li>Lettura di portfolio<\/li>\n<li>Lettura dell\u2019immagine<\/li>\n<li>Grandi autori<\/li>\n<li>Segni, simboli, icone<\/li>\n<li>Evoluzione del linguaggio fotografico<\/li>\n<\/ul>\n<pre><span style=\"color: #993300\"><strong>Conversazioni (pi\u00f9 serate):\n<\/strong><\/span><\/pre>\n<ul>\n<li>Dall\u2019immagine singola al portfolio &nbsp; &nbsp;(2 serate)<\/li>\n<li>Fotografia come forma di espressione &nbsp; (2-3 serate)<\/li>\n<li>Fotografia concettuale<\/li>\n<\/ul>\n<pre><span style=\"color: #993300\"><strong>Corsi:\n<\/strong><\/span><\/pre>\n<ul>\n<li>Giochiamo con la fotografia.&nbsp;Incontro con i bambini delle scuole elementari e medie inferiori. ( 4 incontri)<\/li>\n<li>Corso di sviluppo e stampa b&amp;n &nbsp; &nbsp; (in 12 lezioni)<\/li>\n<li>Corso di fotografia, tecnica e significati &nbsp; &nbsp; &nbsp;(in 15 lezioni)<\/li>\n<li>Fotoracconto come forma d\u2019espressione &nbsp; &nbsp;(in 8\/10 lezioni)<\/li>\n<\/ul>\n<pre><span style=\"color: #993300\"><strong>Workshop:\n<\/strong><\/span><\/pre>\n<ul>\n<li>Racconto Fotografico &nbsp;(3 giorni)<\/li>\n<li>Lettura dell\u2019immagine &nbsp; (2 giorni)<\/li>\n<\/ul>\n<pre><span style=\"color: #993300\"><strong>Lettore portfolio accreditato Fiaf<\/strong><\/span><\/pre>\n\n    <div class=\"xs_social_share_widget xs_share_url after_content \t\tmain_content  wslu-style-1 wslu-share-box-shaped wslu-fill-colored wslu-none wslu-share-horizontal wslu-theme-font-no wslu-main_content\">\n\n\t\t\n        <ul>\n\t\t\t        <\/ul>\n    <\/div> \n","protected":false},"excerpt":{"rendered":"<p>Vive a Senigallia (AN) &#8211;&nbsp; Contatti: massimo@fotoit.it Note Biografiche: Nato a Senigallia (AN) nel 1966, ha iniziato a fotografare all\u2019et\u00e0 &hellip;<\/p>\n","protected":false},"author":64,"featured_media":171,"comment_status":"open","ping_status":"open","sticky":false,"template":"","format":"standard","meta":{"_acf_changed":false,"footnotes":""},"categories":[3,24],"tags":[],"class_list":["post-170","post","type-post","status-publish","format-standard","has-post-thumbnail","hentry","category-docenti-fiaf","category-docenti"],"acf":[],"_links":{"self":[{"href":"https:\/\/fiaf.net\/didattica\/wp-json\/wp\/v2\/posts\/170","targetHints":{"allow":["GET"]}}],"collection":[{"href":"https:\/\/fiaf.net\/didattica\/wp-json\/wp\/v2\/posts"}],"about":[{"href":"https:\/\/fiaf.net\/didattica\/wp-json\/wp\/v2\/types\/post"}],"author":[{"embeddable":true,"href":"https:\/\/fiaf.net\/didattica\/wp-json\/wp\/v2\/users\/64"}],"replies":[{"embeddable":true,"href":"https:\/\/fiaf.net\/didattica\/wp-json\/wp\/v2\/comments?post=170"}],"version-history":[{"count":0,"href":"https:\/\/fiaf.net\/didattica\/wp-json\/wp\/v2\/posts\/170\/revisions"}],"wp:featuredmedia":[{"embeddable":true,"href":"https:\/\/fiaf.net\/didattica\/wp-json\/wp\/v2\/media\/171"}],"wp:attachment":[{"href":"https:\/\/fiaf.net\/didattica\/wp-json\/wp\/v2\/media?parent=170"}],"wp:term":[{"taxonomy":"category","embeddable":true,"href":"https:\/\/fiaf.net\/didattica\/wp-json\/wp\/v2\/categories?post=170"},{"taxonomy":"post_tag","embeddable":true,"href":"https:\/\/fiaf.net\/didattica\/wp-json\/wp\/v2\/tags?post=170"}],"curies":[{"name":"wp","href":"https:\/\/api.w.org\/{rel}","templated":true}]}}