{"id":2792,"date":"2022-02-06T14:16:18","date_gmt":"2022-02-06T13:16:18","guid":{"rendered":"https:\/\/fiaf.net\/didattica\/?p=2792"},"modified":"2022-02-06T14:16:18","modified_gmt":"2022-02-06T13:16:18","slug":"il-meraviglioso-mondo-di-albert-kahn-di-silvia-ricci","status":"publish","type":"post","link":"https:\/\/fiaf.net\/didattica\/il-meraviglioso-mondo-di-albert-kahn-di-silvia-ricci\/","title":{"rendered":"IL MERAVIGLIOSO MONDO DI ALBERT KAHN, di Silvia Ricci"},"content":{"rendered":"<p><span style=\"font-weight: 400\">Chi era Albert Kahn?<\/span><\/p>\n<p><span style=\"font-weight: 400\">Filantropo francese, umanista e banchiere &#8220;stravagante&#8221;, come lo definivano i suoi contemporanei,\u00a0nel corso della sua vita Albert Kahn ha investito le sue risorse miliardarie per finanziare varie attivit\u00e0 filantropiche. Kahn era convinto che la conoscenza delle culture straniere incoraggiasse il rispetto reciproco e le relazioni pacifiche tra i popoli. Ansioso di costruire <\/span><b>un inventario visivo sulle trasformazioni del suo tempo<\/b><span style=\"font-weight: 400\">, utilizz\u00f2 la sua fortuna per realizzare un vasto programma di documentazione: u<\/span><span style=\"font-weight: 400\">n progetto ambizioso per preservare la memoria del mondo com&#8217;era, turbato dalle guerre e sotto l\u2019influsso della modernit\u00e0 e dell&#8217;imperialismo.<\/span><\/p>\n<p><span style=\"font-weight: 400\">Cos\u00ec tra il 1909 e il 1931 \u00e8 nato l\u2019Archivio del Pianeta.<\/span><\/p>\n<p>&nbsp;<\/p>\n<p><img loading=\"lazy\" decoding=\"async\" class=\"aligncenter size-full wp-image-2793\" src=\"https:\/\/fiaf.net\/didattica\/wp-content\/uploads\/sites\/24\/2022\/02\/Albert_Kahn_grey-2598-book-production-manager-publishing-bristol.jpg\" alt=\"\" width=\"1024\" height=\"632\" srcset=\"https:\/\/fiaf.net\/didattica\/wp-content\/uploads\/sites\/24\/2022\/02\/Albert_Kahn_grey-2598-book-production-manager-publishing-bristol.jpg 1024w, https:\/\/fiaf.net\/didattica\/wp-content\/uploads\/sites\/24\/2022\/02\/Albert_Kahn_grey-2598-book-production-manager-publishing-bristol-300x185.jpg 300w, https:\/\/fiaf.net\/didattica\/wp-content\/uploads\/sites\/24\/2022\/02\/Albert_Kahn_grey-2598-book-production-manager-publishing-bristol-768x474.jpg 768w\" sizes=\"auto, (max-width: 1024px) 100vw, 1024px\" \/><\/p>\n<p>&nbsp;<\/p>\n<p><span style=\"font-weight: 400\">Per oltre ventidue anni, Kahn invi\u00f2\u00a0in tutti i paesi del mondo fotografi e cineasti, i quali hanno esplorato una cinquantina di paesi e hanno realizzato quella che \u00e8 ancora oggi la pi\u00f9 grande collezione di autocromie esistente. L&#8217;Autochrome \u00e8 la prima tecnica industriale per fotografie a colori, inventata dai fratelli Lumi\u00e8re nel 1907.<\/span><\/p>\n<p><span style=\"font-weight: 400\">Fu raccolto un immenso patrimonio formato da <\/span><b>circa 72.000 lastre autocromatiche<\/b><span style=\"font-weight: 400\"> e <\/span><b>180.000 metri di pellicole cinematografiche<\/b><span style=\"font-weight: 400\">.\u00a0<\/span><\/p>\n<p>&nbsp;<\/p>\n<p><img loading=\"lazy\" decoding=\"async\" class=\"aligncenter size-full wp-image-2794\" src=\"https:\/\/fiaf.net\/didattica\/wp-content\/uploads\/sites\/24\/2022\/02\/Albert-Khan-contents-BBC-Random-House-book-production-manager-publishing-bristol.jpg\" alt=\"\" width=\"1024\" height=\"632\" srcset=\"https:\/\/fiaf.net\/didattica\/wp-content\/uploads\/sites\/24\/2022\/02\/Albert-Khan-contents-BBC-Random-House-book-production-manager-publishing-bristol.jpg 1024w, https:\/\/fiaf.net\/didattica\/wp-content\/uploads\/sites\/24\/2022\/02\/Albert-Khan-contents-BBC-Random-House-book-production-manager-publishing-bristol-300x185.jpg 300w, https:\/\/fiaf.net\/didattica\/wp-content\/uploads\/sites\/24\/2022\/02\/Albert-Khan-contents-BBC-Random-House-book-production-manager-publishing-bristol-768x474.jpg 768w\" sizes=\"auto, (max-width: 1024px) 100vw, 1024px\" \/><\/p>\n<p>&nbsp;<\/p>\n<p><span style=\"font-weight: 400\">Il sogno di Kahn era quello di avvicinare le persone tra loro, di legarle di nuovo insieme nell&#8217;apprezzare le loro differenze. Albert Kahn era un sognatore; non stava cercando di elevare determinate persone o una certa classe, ma preferiva dare la priorit\u00e0 a una visione oggettiva, guardando alle persone invece che agli individui.\u00a0<\/span><span style=\"font-weight: 400\">I suoi fotografi hanno catturato uno stato d&#8217;animo della vita quotidiana, i momenti banali e ordinari della vita. <\/span><b>Hanno scelto di catturare i punti ciechi della storia<\/b><span style=\"font-weight: 400\">.<\/span><\/p>\n<p>&nbsp;<\/p>\n<p><img loading=\"lazy\" decoding=\"async\" class=\"aligncenter size-full wp-image-2795\" src=\"https:\/\/fiaf.net\/didattica\/wp-content\/uploads\/sites\/24\/2022\/02\/Albert-Khan_030-031-BBC-Random-House-book-production-manager-publishing-bristol.jpg\" alt=\"\" width=\"1024\" height=\"632\" srcset=\"https:\/\/fiaf.net\/didattica\/wp-content\/uploads\/sites\/24\/2022\/02\/Albert-Khan_030-031-BBC-Random-House-book-production-manager-publishing-bristol.jpg 1024w, https:\/\/fiaf.net\/didattica\/wp-content\/uploads\/sites\/24\/2022\/02\/Albert-Khan_030-031-BBC-Random-House-book-production-manager-publishing-bristol-300x185.jpg 300w, https:\/\/fiaf.net\/didattica\/wp-content\/uploads\/sites\/24\/2022\/02\/Albert-Khan_030-031-BBC-Random-House-book-production-manager-publishing-bristol-768x474.jpg 768w\" sizes=\"auto, (max-width: 1024px) 100vw, 1024px\" \/><\/p>\n<p>&nbsp;<\/p>\n<p><span style=\"font-weight: 400\">I<\/span><span style=\"font-weight: 400\">l libro <\/span><i><span style=\"font-weight: 400\">The Wonderful World of Albert Kahn: Colour Photographs from a Lost Age<\/span><\/i><span style=\"font-weight: 400\"> (edito BBC Books) celebra il grande lavoro nato dalle spedizioni in giro per il mondo, un mondo che poteva essere visto finalmente a colori.<\/span><\/p>\n<p>&nbsp;<\/p>\n<p><img loading=\"lazy\" decoding=\"async\" class=\"aligncenter size-full wp-image-2796\" src=\"https:\/\/fiaf.net\/didattica\/wp-content\/uploads\/sites\/24\/2022\/02\/Albert-Khan-196-197-BBC-Random-House-book-production-manager-publishing-bristol.jpg\" alt=\"\" width=\"1024\" height=\"632\" srcset=\"https:\/\/fiaf.net\/didattica\/wp-content\/uploads\/sites\/24\/2022\/02\/Albert-Khan-196-197-BBC-Random-House-book-production-manager-publishing-bristol.jpg 1024w, https:\/\/fiaf.net\/didattica\/wp-content\/uploads\/sites\/24\/2022\/02\/Albert-Khan-196-197-BBC-Random-House-book-production-manager-publishing-bristol-300x185.jpg 300w, https:\/\/fiaf.net\/didattica\/wp-content\/uploads\/sites\/24\/2022\/02\/Albert-Khan-196-197-BBC-Random-House-book-production-manager-publishing-bristol-768x474.jpg 768w\" sizes=\"auto, (max-width: 1024px) 100vw, 1024px\" \/><\/p>\n<p>&nbsp;<\/p>\n<p><img loading=\"lazy\" decoding=\"async\" class=\"aligncenter size-full wp-image-2797\" src=\"https:\/\/fiaf.net\/didattica\/wp-content\/uploads\/sites\/24\/2022\/02\/Albert-Khan-222-223_grey-BBC-Random-House-book-production-manager-publishing-bristol.jpg\" alt=\"\" width=\"1024\" height=\"632\" srcset=\"https:\/\/fiaf.net\/didattica\/wp-content\/uploads\/sites\/24\/2022\/02\/Albert-Khan-222-223_grey-BBC-Random-House-book-production-manager-publishing-bristol.jpg 1024w, https:\/\/fiaf.net\/didattica\/wp-content\/uploads\/sites\/24\/2022\/02\/Albert-Khan-222-223_grey-BBC-Random-House-book-production-manager-publishing-bristol-300x185.jpg 300w, https:\/\/fiaf.net\/didattica\/wp-content\/uploads\/sites\/24\/2022\/02\/Albert-Khan-222-223_grey-BBC-Random-House-book-production-manager-publishing-bristol-768x474.jpg 768w\" sizes=\"auto, (max-width: 1024px) 100vw, 1024px\" \/><\/p>\n<p>&nbsp;<\/p>\n<p><span style=\"font-weight: 400\">La sua eredit\u00e0 \u00e8 ancora conservata al museo Albert-Kahn, nella sua propriet\u00e0 nella periferia di Boulogne-Billancourt a Parigi, circondato da un eclettico parco che comprende paesaggi e giardini di varie culture e tradizioni.\u00a0Per chi non pu\u00f2 raggiungere Parigi, la vasta collezione \u00e8 consultabile (corredata di mappa geografica per esplorare le fotografie scattate in determinati luoghi) all\u2019interno del sito <\/span><a href=\"http:\/\/collections.albert-kahn.hauts-de-seine.fr\/?page=accueil\" target=\"_blank\" rel=\"noopener\"><span style=\"font-weight: 400\">Les collections du Mus\u00e9e Albert-Kahn<\/span><\/a><span style=\"font-weight: 400\">.<\/span><\/p>\n<p><span style=\"font-weight: 400\">Curiosi di vedere l\u2019Irlanda, l\u2019America, la Cina, il Giappone, i Balcani, la Mongolia, la Francia\u2026 e anche l\u2019Italia a colori agli inizi del \u2018900?\u00a0<\/span><\/p>\n<p><span style=\"font-weight: 400\">Buon viaggio!<\/span><\/p>\n<p>&nbsp;<\/p>\n<p><img loading=\"lazy\" decoding=\"async\" class=\"aligncenter size-full wp-image-2798\" src=\"https:\/\/fiaf.net\/didattica\/wp-content\/uploads\/sites\/24\/2022\/02\/A1AJBK2ZKoL.jpg\" alt=\"\" width=\"2560\" height=\"2559\" srcset=\"https:\/\/fiaf.net\/didattica\/wp-content\/uploads\/sites\/24\/2022\/02\/A1AJBK2ZKoL.jpg 2560w, https:\/\/fiaf.net\/didattica\/wp-content\/uploads\/sites\/24\/2022\/02\/A1AJBK2ZKoL-300x300.jpg 300w, https:\/\/fiaf.net\/didattica\/wp-content\/uploads\/sites\/24\/2022\/02\/A1AJBK2ZKoL-1024x1024.jpg 1024w, https:\/\/fiaf.net\/didattica\/wp-content\/uploads\/sites\/24\/2022\/02\/A1AJBK2ZKoL-150x150.jpg 150w, https:\/\/fiaf.net\/didattica\/wp-content\/uploads\/sites\/24\/2022\/02\/A1AJBK2ZKoL-768x768.jpg 768w, https:\/\/fiaf.net\/didattica\/wp-content\/uploads\/sites\/24\/2022\/02\/A1AJBK2ZKoL-1536x1536.jpg 1536w, https:\/\/fiaf.net\/didattica\/wp-content\/uploads\/sites\/24\/2022\/02\/A1AJBK2ZKoL-2048x2048.jpg 2048w\" sizes=\"auto, (max-width: 2560px) 100vw, 2560px\" \/><\/p>\n<p>&nbsp;<\/p>\n<p style=\"text-align: right\"><em>Silvia Ricci<\/em><\/p>\n<p>&nbsp;<\/p>\n\n    <div class=\"xs_social_share_widget xs_share_url after_content \t\tmain_content  wslu-style-1 wslu-share-box-shaped wslu-fill-colored wslu-none wslu-share-horizontal wslu-theme-font-no wslu-main_content\">\n\n\t\t\n        <ul>\n\t\t\t        <\/ul>\n    <\/div> \n","protected":false},"excerpt":{"rendered":"<p>Chi era Albert Kahn? Filantropo francese, umanista e banchiere &#8220;stravagante&#8221;, come lo definivano i suoi contemporanei,\u00a0nel corso della sua vita &hellip;<\/p>\n","protected":false},"author":70,"featured_media":2798,"comment_status":"open","ping_status":"open","sticky":false,"template":"","format":"standard","meta":{"_acf_changed":false,"footnotes":""},"categories":[148],"tags":[128,139,140,141,150,151,164],"class_list":["post-2792","post","type-post","status-publish","format-standard","has-post-thumbnail","hentry","category-rubriche-libri-fotografici","tag-cultura","tag-fiaf","tag-did","tag-dipartimento-didattica-fiaf","tag-silvia-ricci","tag-libri-fotografici","tag-albert-kahn"],"acf":[],"_links":{"self":[{"href":"https:\/\/fiaf.net\/didattica\/wp-json\/wp\/v2\/posts\/2792","targetHints":{"allow":["GET"]}}],"collection":[{"href":"https:\/\/fiaf.net\/didattica\/wp-json\/wp\/v2\/posts"}],"about":[{"href":"https:\/\/fiaf.net\/didattica\/wp-json\/wp\/v2\/types\/post"}],"author":[{"embeddable":true,"href":"https:\/\/fiaf.net\/didattica\/wp-json\/wp\/v2\/users\/70"}],"replies":[{"embeddable":true,"href":"https:\/\/fiaf.net\/didattica\/wp-json\/wp\/v2\/comments?post=2792"}],"version-history":[{"count":2,"href":"https:\/\/fiaf.net\/didattica\/wp-json\/wp\/v2\/posts\/2792\/revisions"}],"predecessor-version":[{"id":2800,"href":"https:\/\/fiaf.net\/didattica\/wp-json\/wp\/v2\/posts\/2792\/revisions\/2800"}],"wp:featuredmedia":[{"embeddable":true,"href":"https:\/\/fiaf.net\/didattica\/wp-json\/wp\/v2\/media\/2798"}],"wp:attachment":[{"href":"https:\/\/fiaf.net\/didattica\/wp-json\/wp\/v2\/media?parent=2792"}],"wp:term":[{"taxonomy":"category","embeddable":true,"href":"https:\/\/fiaf.net\/didattica\/wp-json\/wp\/v2\/categories?post=2792"},{"taxonomy":"post_tag","embeddable":true,"href":"https:\/\/fiaf.net\/didattica\/wp-json\/wp\/v2\/tags?post=2792"}],"curies":[{"name":"wp","href":"https:\/\/api.w.org\/{rel}","templated":true}]}}