{"id":2835,"date":"2022-03-27T11:47:16","date_gmt":"2022-03-27T09:47:16","guid":{"rendered":"https:\/\/fiaf.net\/didattica\/?p=2835"},"modified":"2022-03-30T12:07:47","modified_gmt":"2022-03-30T10:07:47","slug":"robert-capa-e-la-maleta-mexicana","status":"publish","type":"post","link":"https:\/\/fiaf.net\/didattica\/robert-capa-e-la-maleta-mexicana\/","title":{"rendered":"ROBERT CAPA E LA MALETA MEXICANA, di Claudia Ioan"},"content":{"rendered":"<p>&nbsp;<\/p>\n<p>Robert Capa (vero nome\u00a0Endre Ern\u0151 Friedmann,\u00a0Budapest 1913 &#8211; Tay Ninh 1954) \u00e8 probabilmente il fotoreporter di guerra pi\u00f9 famoso del mondo: nella sua breve e folgorante vita, ha fatto in tempo a raccontare con le sue straordinarie fotografie ben cinque conflitti in diversi continenti. Sue le fotografie pi\u00f9 iconiche del secolo trascorso: <em>Il miliziano colpito a morte<\/em>, scattata nel 1936 durante la Guerra Civile spagnola, e le <em>wonderful eleven<\/em>, le poche immagini pervenuteci dello sbarco in Normandia il D-Day. \u00c8 stato anche tra i co-fondatori\u00a0della Magnum Photos, rivoluzionaria agenzia-cooperativa fotografica internazionale.<\/p>\n<p>&nbsp;<\/p>\n<figure id=\"attachment_2836\" aria-describedby=\"caption-attachment-2836\" style=\"width: 950px\" class=\"wp-caption aligncenter\"><img loading=\"lazy\" decoding=\"async\" class=\"wp-image-2836 size-full\" src=\"https:\/\/fiaf.net\/didattica\/wp-content\/uploads\/sites\/24\/2022\/03\/capa_01.jpg\" alt=\"\" width=\"950\" height=\"950\" srcset=\"https:\/\/fiaf.net\/didattica\/wp-content\/uploads\/sites\/24\/2022\/03\/capa_01.jpg 950w, https:\/\/fiaf.net\/didattica\/wp-content\/uploads\/sites\/24\/2022\/03\/capa_01-300x300.jpg 300w, https:\/\/fiaf.net\/didattica\/wp-content\/uploads\/sites\/24\/2022\/03\/capa_01-150x150.jpg 150w, https:\/\/fiaf.net\/didattica\/wp-content\/uploads\/sites\/24\/2022\/03\/capa_01-768x768.jpg 768w\" sizes=\"auto, (max-width: 950px) 100vw, 950px\" \/><figcaption id=\"caption-attachment-2836\" class=\"wp-caption-text\">Robert Capa<\/figcaption><\/figure>\n<p>&nbsp;<\/p>\n<p>A partire dagli Anni &#8217;30, Robert Capa si lega, umanamente e professionalmente, a Gerda Taro e a David &#8220;Chim&#8221; Seymour, anch&#8217;egli futura figura chiave della Magnum. Tutti e tre avranno il triste destino di cadere in guerra.<\/p>\n<p>La loro vita fu impegnata ed estrema, sempre al centro della Storia che tende a travolgere tutto. Quando nel 1939 l&#8217;esercito tedesco mosse verso Parigi, Robert Capa fu costretto a fuggire, abbandonando tutti i negativi (suoi, di Gerda Taro e di David &#8220;Chim&#8221; Seymour, oltre a un paio di rullini di Fred Stein con le notissime foto di Capa e Taro sorridenti) nel suo studio di Rue Froidevaux, nelle fedeli mani dell&#8217;amico e collaboratore Csiki Weiss.<\/p>\n<p>&nbsp;<\/p>\n<figure id=\"attachment_2837\" aria-describedby=\"caption-attachment-2837\" style=\"width: 2560px\" class=\"wp-caption aligncenter\"><img loading=\"lazy\" decoding=\"async\" class=\"size-full wp-image-2837\" src=\"https:\/\/fiaf.net\/didattica\/wp-content\/uploads\/sites\/24\/2022\/03\/Schermata-2022-03-27-alle-08.45.13-scaled.jpg\" alt=\"\" width=\"2560\" height=\"1861\" srcset=\"https:\/\/fiaf.net\/didattica\/wp-content\/uploads\/sites\/24\/2022\/03\/Schermata-2022-03-27-alle-08.45.13-scaled.jpg 2560w, https:\/\/fiaf.net\/didattica\/wp-content\/uploads\/sites\/24\/2022\/03\/Schermata-2022-03-27-alle-08.45.13-300x218.jpg 300w, https:\/\/fiaf.net\/didattica\/wp-content\/uploads\/sites\/24\/2022\/03\/Schermata-2022-03-27-alle-08.45.13-1024x744.jpg 1024w, https:\/\/fiaf.net\/didattica\/wp-content\/uploads\/sites\/24\/2022\/03\/Schermata-2022-03-27-alle-08.45.13-768x558.jpg 768w, https:\/\/fiaf.net\/didattica\/wp-content\/uploads\/sites\/24\/2022\/03\/Schermata-2022-03-27-alle-08.45.13-1536x1117.jpg 1536w, https:\/\/fiaf.net\/didattica\/wp-content\/uploads\/sites\/24\/2022\/03\/Schermata-2022-03-27-alle-08.45.13-2048x1489.jpg 2048w\" sizes=\"auto, (max-width: 2560px) 100vw, 2560px\" \/><figcaption id=\"caption-attachment-2837\" class=\"wp-caption-text\">Gerda Taro e Robert Capa, fotografia di Fred Stein, Parigi, 1935<\/figcaption><\/figure>\n<p>&nbsp;<\/p>\n<p>Ed \u00e8 proprio nel 1939 che inizia il viaggio di questi celebri negativi, ben 4.500, attraverso il tempo e lo spazio: un viaggio lungo 70 anni attraverso due secoli, due continenti e molta Storia, il cui esito era onestamente imprevedibile. La vicenda della <em>maleta mexicana<\/em>, la valigia messicana piena di tesori fotografici che si credevano perduti per sempre e invece ritrovati con commozione e sorpresa, ha colpito profondamente il pubblico ed \u00e8 diventata un docufilm del 2011 firmato da Trisha Ziff.<\/p>\n<p>&nbsp;<\/p>\n<p><img loading=\"lazy\" decoding=\"async\" class=\"aligncenter size-full wp-image-2839\" src=\"https:\/\/fiaf.net\/didattica\/wp-content\/uploads\/sites\/24\/2022\/03\/la-maleta-mexicana.jpg\" alt=\"\" width=\"366\" height=\"516\" srcset=\"https:\/\/fiaf.net\/didattica\/wp-content\/uploads\/sites\/24\/2022\/03\/la-maleta-mexicana.jpg 366w, https:\/\/fiaf.net\/didattica\/wp-content\/uploads\/sites\/24\/2022\/03\/la-maleta-mexicana-213x300.jpg 213w\" sizes=\"auto, (max-width: 366px) 100vw, 366px\" \/><\/p>\n<p>&nbsp;<\/p>\n<p>I fatti: nel 1939,\u00a0all&#8217;arrivo dei tedeschi nelle vicinanze di Parigi, Imre &#8220;Csiki&#8221; Weiss (1911\u20132006) prese tutti i negativi di Robert Capa, Gerda Taro, David &#8220;Chim&#8221; Seymour e Fred Stein (tutti in grave pericolo per motivi religiosi e politici) e fugg\u00ec in bicicletta fino a Bordeaux, per provare a inviarli in Messico.\u00a0Il Messico era infatti uno degli unici due Paesi al mondo, insieme all&#8217;Unione Sovietica, ad aver tagliato i rapporti con la Spagna franchista. Sulla strada, come Weiss stesso racconta, &#8220;incontr\u00f2 un cileno&#8221; (la cui identit\u00e0 rimane ignota), e gli affid\u00f2 le scatole con i rullini, chiedendogli di portarle al suo Consolato.\u00a0Da questo momento si perdono le tracce dei negativi.<\/p>\n<p>&nbsp;<\/p>\n<figure id=\"attachment_2838\" aria-describedby=\"caption-attachment-2838\" style=\"width: 800px\" class=\"wp-caption aligncenter\"><img loading=\"lazy\" decoding=\"async\" class=\"wp-image-2838 size-full\" src=\"https:\/\/fiaf.net\/didattica\/wp-content\/uploads\/sites\/24\/2022\/03\/Boite-rouge-valise.jpg\" alt=\"\" width=\"800\" height=\"774\" srcset=\"https:\/\/fiaf.net\/didattica\/wp-content\/uploads\/sites\/24\/2022\/03\/Boite-rouge-valise.jpg 800w, https:\/\/fiaf.net\/didattica\/wp-content\/uploads\/sites\/24\/2022\/03\/Boite-rouge-valise-300x290.jpg 300w, https:\/\/fiaf.net\/didattica\/wp-content\/uploads\/sites\/24\/2022\/03\/Boite-rouge-valise-768x743.jpg 768w\" sizes=\"auto, (max-width: 800px) 100vw, 800px\" \/><figcaption id=\"caption-attachment-2838\" class=\"wp-caption-text\">La maleta mexicana, la valigia messicana contenente i negativi di Robert Capa, Gerda Taro, David &#8220;Chim&#8221; Seymour e Fred Stein<\/figcaption><\/figure>\n<p>&nbsp;<\/p>\n<p>Csiki Weiss non riusc\u00ec a lasciare la Francia, come non ci riusc\u00ec Robert Capa: furono entrambi catturati e imprigionati.\u00a0Una volta libero (grazie all&#8217;intervento di Cornell Capa), Csiki Weiss riusc\u00ec ad andare a Citt\u00e0 del Messico, dove si stabil\u00ec con la moglie Leonora Carrington.<\/p>\n<p>&nbsp;<\/p>\n<figure id=\"attachment_2840\" aria-describedby=\"caption-attachment-2840\" style=\"width: 547px\" class=\"wp-caption aligncenter\"><img loading=\"lazy\" decoding=\"async\" class=\"wp-image-2840 size-full\" src=\"https:\/\/fiaf.net\/didattica\/wp-content\/uploads\/sites\/24\/2022\/03\/DmM7oCKW4AA3tkV.jpg\" alt=\"\" width=\"547\" height=\"720\" srcset=\"https:\/\/fiaf.net\/didattica\/wp-content\/uploads\/sites\/24\/2022\/03\/DmM7oCKW4AA3tkV.jpg 547w, https:\/\/fiaf.net\/didattica\/wp-content\/uploads\/sites\/24\/2022\/03\/DmM7oCKW4AA3tkV-228x300.jpg 228w\" sizes=\"auto, (max-width: 547px) 100vw, 547px\" \/><figcaption id=\"caption-attachment-2840\" class=\"wp-caption-text\">Imre Csiki Weiss, collaboratore e amico di Robert Capa, e la moglie Leonora Carrington, 1946<\/figcaption><\/figure>\n<p>&nbsp;<\/p>\n<p>La vita supera ogni immaginazione: a Citt\u00e0 del Messico Csiki Weiss\u00a0vivr\u00e0, senza saperlo, nelle vicinanze della casa\u00a0in Calle Amsterdam del Generale Francisco Aguilar Gonz\u00e1lez, ambasciatore del Messico in Francia durante il governo di Vichy, a cui erano stati affidati nel 1939 i preziosi negativi nelle scatole originali costruite a mano da Weiss e recanti le attribuzioni precise scritte di suo pugno. Di questo passaggio dei negativi nelle mani del Generale messicano non si seppe nulla fino alla fine del Novecento; d&#8217;altronde il Generale non indag\u00f2 n\u00e9 utilizz\u00f2 mai in alcun modo il contenuto della valigia.<\/p>\n<p>Fu Benjamin Tarver, regista, a ricevere in eredit\u00e0 per vie traverse (attraverso una zia amica del Generale) la valigia contenete 126 rullini. Del valore di questi rullini, confermato da esperti, Tarver si rese presto lucidamente conto: era il 1995.<\/p>\n<p>Cornell Capa, che non aveva mai perso le speranze di ritrovare i negativi perduti del fratello per i quali aveva lanciato innumerevoli appelli, venuto a sapere del ritrovamento e coadiuvato da Richard Whelan, il grande biografo ufficiale di Robert Capa, e da Brian Wallis, curatore capo dell&#8217;ICP di New York (fondato dallo stesso Cornell Capa), tent\u00f2 con ogni mezzo possibile di convincere Benjamin Tarver a rendere disponibili i negativi, ma senza successo.<\/p>\n<p>Infine, dopo pi\u00f9 di un decennio di negoziazioni infruttuose, fu Trisha Ziff, curatrice e regista di Citt\u00e0 del Messico, a sbloccare definitivamente la vicenda: il 19 dicembre 2007 la regista giunge a New York con la valigia perduta e ritrovata, consentendo finalmente di riunificare l&#8217;intero archivio di Robert Capa e Gerda Taro, oltre che di ampliare l&#8217;archivio di Seymour. Il lungo viaggio della valigia, iniziato nel 1939, finalmente si conclude.<\/p>\n<p>Il valore di questi negativi \u00e8 inestimabile; la Guerra Civile spagnola, durata tre anni, lacer\u00f2 la Spagna, provoc\u00f2 la morte di 500.000 spagnoli e richiam\u00f2 legioni di fotografi e intellettuali che si mobilitarono in prima persona e in prima linea. Tra questi, George Orwell, autore di <em>Omaggio alla Catalogna<\/em>, ed Ernest Hemingway, ispirato da una fotografia del collettivo Capa-Taro a scrivere <em>Per chi suona la campana<\/em>.<\/p>\n<p>I negativi della valigia messicana hanno consentito finalmente anche la corretta attribuzione di molte delle fotografie di Gerda Taro, in larga parte firmate genericamente &#8220;Robert Capa&#8221;, il nome suggerito da Gerda utilizzato indifferentemente da entrambi per le loro fotografie all&#8217;inizio della loro carriera. Gerda Taro mor\u00ec tragicamente proprio durante la Guerra Civile spagnola, a Brunete, nel 1937, prima donna fotoreporter di guerra a morire sul campo. La sua produzione si arresta alla Guerra Civile spagnola, e i negativi ritrovati hanno reso possibile la ricostruzione precisa &#8211; e la conseguente rivalutazione &#8211; della sua opera.<\/p>\n<p>&nbsp;<\/p>\n<figure id=\"attachment_2843\" aria-describedby=\"caption-attachment-2843\" style=\"width: 1108px\" class=\"wp-caption aligncenter\"><img loading=\"lazy\" decoding=\"async\" class=\"wp-image-2843 size-full\" src=\"https:\/\/fiaf.net\/didattica\/wp-content\/uploads\/sites\/24\/2022\/03\/0222816-cropped.jpg\" alt=\"\" width=\"1108\" height=\"738\" srcset=\"https:\/\/fiaf.net\/didattica\/wp-content\/uploads\/sites\/24\/2022\/03\/0222816-cropped.jpg 1108w, https:\/\/fiaf.net\/didattica\/wp-content\/uploads\/sites\/24\/2022\/03\/0222816-cropped-300x200.jpg 300w, https:\/\/fiaf.net\/didattica\/wp-content\/uploads\/sites\/24\/2022\/03\/0222816-cropped-1024x682.jpg 1024w, https:\/\/fiaf.net\/didattica\/wp-content\/uploads\/sites\/24\/2022\/03\/0222816-cropped-768x512.jpg 768w\" sizes=\"auto, (max-width: 1108px) 100vw, 1108px\" \/><figcaption id=\"caption-attachment-2843\" class=\"wp-caption-text\">Gerda Taro<\/figcaption><\/figure>\n<p>&nbsp;<\/p>\n<p>Nel 2011, Trisha Ziff realizza un docufilm per l&#8217;appunto dal titolo <em>La maleta mexicana<\/em>, della durata di circa 90 minuti, girato in Spagna e Messico, in cui racconta in modo accurato e vibrante l&#8217;intera vicenda. <em>La maleta mexicana<\/em> ha sicuramente il merito di ricostruire e narrare eventi eccezionali quale \u00e8 la storia della valigia, peraltro gi\u00e0 illustrata in una serie di mostre importanti; ha inoltre analizzato il diverso ruolo della Guerra Civile spagnola nella cultura spagnola e messicana e ha restituito vita alla memoria e alla Storia, grazie all&#8217;identificazione dei superstiti del conflitto e dei loro discendenti grazie alle fotografie ritrovate.<\/p>\n<p>&nbsp;<\/p>\n<figure id=\"attachment_2842\" aria-describedby=\"caption-attachment-2842\" style=\"width: 720px\" class=\"wp-caption aligncenter\"><img loading=\"lazy\" decoding=\"async\" class=\"wp-image-2842 size-full\" src=\"https:\/\/fiaf.net\/didattica\/wp-content\/uploads\/sites\/24\/2022\/03\/mexicase_1_0.jpeg\" alt=\"\" width=\"720\" height=\"687\" srcset=\"https:\/\/fiaf.net\/didattica\/wp-content\/uploads\/sites\/24\/2022\/03\/mexicase_1_0.jpeg 720w, https:\/\/fiaf.net\/didattica\/wp-content\/uploads\/sites\/24\/2022\/03\/mexicase_1_0-300x286.jpeg 300w\" sizes=\"auto, (max-width: 720px) 100vw, 720px\" \/><figcaption id=\"caption-attachment-2842\" class=\"wp-caption-text\">Un negativo della Guerra Civile spagnola ritrovato nella valigia messicana<\/figcaption><\/figure>\n<p>&nbsp;<\/p>\n<p>&nbsp;<\/p>\n<p>La scoperta di un archivio ridefinisce il passato, di cui completa e modifica il quadro, andando a incidere sulla nostra conoscenza. Non possiamo che continuare a stupirci con emozione dei mondi e delle trame, a volte di natura spontaneamente cinematografica, che la fotografia ci regala, facendo s\u00ec che la Storia &#8211; non solo della Fotografia &#8211; si riscriva continuamente.<\/p>\n<p>&nbsp;<\/p>\n<p style=\"text-align: right\">Claudia Ioan, Direttrice Dipartimento Didattica FIAF<\/p>\n\n    <div class=\"xs_social_share_widget xs_share_url after_content \t\tmain_content  wslu-style-1 wslu-share-box-shaped wslu-fill-colored wslu-none wslu-share-horizontal wslu-theme-font-no wslu-main_content\">\n\n\t\t\n        <ul>\n\t\t\t        <\/ul>\n    <\/div> \n","protected":false},"excerpt":{"rendered":"<p>&nbsp; Robert Capa (vero nome\u00a0Endre Ern\u0151 Friedmann,\u00a0Budapest 1913 &#8211; Tay Ninh 1954) \u00e8 probabilmente il fotoreporter di guerra pi\u00f9 famoso &hellip;<\/p>\n","protected":false},"author":70,"featured_media":2837,"comment_status":"open","ping_status":"open","sticky":false,"template":"","format":"standard","meta":{"_acf_changed":false,"footnotes":""},"categories":[146],"tags":[139,141,142,144,168,169,170,171,172],"class_list":["post-2835","post","type-post","status-publish","format-standard","has-post-thumbnail","hentry","category-storia-della-fotografia","tag-fiaf","tag-dipartimento-didattica-fiaf","tag-claudia-ioan","tag-storia-della-fotografia","tag-robert-capa","tag-gerda-taro","tag-david-chim-seymour","tag-fred-stein","tag-la-valigia-messicana"],"acf":[],"_links":{"self":[{"href":"https:\/\/fiaf.net\/didattica\/wp-json\/wp\/v2\/posts\/2835","targetHints":{"allow":["GET"]}}],"collection":[{"href":"https:\/\/fiaf.net\/didattica\/wp-json\/wp\/v2\/posts"}],"about":[{"href":"https:\/\/fiaf.net\/didattica\/wp-json\/wp\/v2\/types\/post"}],"author":[{"embeddable":true,"href":"https:\/\/fiaf.net\/didattica\/wp-json\/wp\/v2\/users\/70"}],"replies":[{"embeddable":true,"href":"https:\/\/fiaf.net\/didattica\/wp-json\/wp\/v2\/comments?post=2835"}],"version-history":[{"count":11,"href":"https:\/\/fiaf.net\/didattica\/wp-json\/wp\/v2\/posts\/2835\/revisions"}],"predecessor-version":[{"id":2856,"href":"https:\/\/fiaf.net\/didattica\/wp-json\/wp\/v2\/posts\/2835\/revisions\/2856"}],"wp:featuredmedia":[{"embeddable":true,"href":"https:\/\/fiaf.net\/didattica\/wp-json\/wp\/v2\/media\/2837"}],"wp:attachment":[{"href":"https:\/\/fiaf.net\/didattica\/wp-json\/wp\/v2\/media?parent=2835"}],"wp:term":[{"taxonomy":"category","embeddable":true,"href":"https:\/\/fiaf.net\/didattica\/wp-json\/wp\/v2\/categories?post=2835"},{"taxonomy":"post_tag","embeddable":true,"href":"https:\/\/fiaf.net\/didattica\/wp-json\/wp\/v2\/tags?post=2835"}],"curies":[{"name":"wp","href":"https:\/\/api.w.org\/{rel}","templated":true}]}}