{"id":2937,"date":"2022-07-17T09:26:25","date_gmt":"2022-07-17T07:26:25","guid":{"rendered":"https:\/\/fiaf.net\/didattica\/?p=2937"},"modified":"2022-07-17T12:16:54","modified_gmt":"2022-07-17T10:16:54","slug":"il-meraviglioso-pluralismo-della-fotografia-contemporanea-di-fulvio-merlak","status":"publish","type":"post","link":"https:\/\/fiaf.net\/didattica\/il-meraviglioso-pluralismo-della-fotografia-contemporanea-di-fulvio-merlak\/","title":{"rendered":"IL MERAVIGLIOSO PLURALISMO DELLA FOTOGRAFIA CONTEMPORANEA, di Fulvio Merlak"},"content":{"rendered":"<p>&nbsp;<\/p>\n<p><em>Roue de bicyclette<\/em> (<em>Ruota di bicicletta<\/em>) \u00e8 l\u2019opera, prodotta nel 1913 da Marcel Duchamp, che rappresenta una sorta di spartiacque fra il sistema dell\u2019arte ufficiale riconosciuto tradizionalmente e la sua riscrittura trasferita dal piano fisico-figurativo a quello intellettuale-iconoclasta. Per l\u2019autore francese, qualsiasi oggetto separato dal contesto che lo genera, purch\u00e9 convalidato dalla firma dell\u2019artista, diventa opera a tutti gli effetti. Ed \u00e8 stato lui ad avviare il processo che ha portato all\u2019arte concettuale dei vari Joseph Kosuth (Toledo, Ohio, 1945), Mario Merz (Milano, 1925 &#8211; Torino, 2003), Gilbert &amp; George (San Martino, 1943 &amp; Plymouth, 1942), On Kawara (Kariva, 1932 &#8211; New York, 2014), Bruce Nauman (Fort Wayne, 1941), ecc\u2026 (perch\u00e9 la lista sarebbe davvero troppo lunga). Orbene, l\u2019arte concettuale ha indubbiamente liberato il medium fotografico dall&#8217;obbligo di rappresentare la realt\u00e0; per\u00f2, \u00e8 anche vero che la fotografia ha affrancato l\u2019arte dallo stallo di un suo possibile affrancamento dall\u2019espressivit\u00e0 materica.<i> <\/i><\/p>\n<figure id=\"attachment_2938\" aria-describedby=\"caption-attachment-2938\" style=\"width: 900px\" class=\"wp-caption aligncenter\"><img loading=\"lazy\" decoding=\"async\" class=\"wp-image-2938 size-full\" src=\"https:\/\/fiaf.net\/didattica\/wp-content\/uploads\/sites\/24\/2022\/07\/Marcel-Duchamp-Roue-de-Bicyclette-1913.jpg\" alt=\"\" width=\"900\" height=\"1032\" srcset=\"https:\/\/fiaf.net\/didattica\/wp-content\/uploads\/sites\/24\/2022\/07\/Marcel-Duchamp-Roue-de-Bicyclette-1913.jpg 900w, https:\/\/fiaf.net\/didattica\/wp-content\/uploads\/sites\/24\/2022\/07\/Marcel-Duchamp-Roue-de-Bicyclette-1913-262x300.jpg 262w, https:\/\/fiaf.net\/didattica\/wp-content\/uploads\/sites\/24\/2022\/07\/Marcel-Duchamp-Roue-de-Bicyclette-1913-893x1024.jpg 893w, https:\/\/fiaf.net\/didattica\/wp-content\/uploads\/sites\/24\/2022\/07\/Marcel-Duchamp-Roue-de-Bicyclette-1913-768x881.jpg 768w\" sizes=\"auto, (max-width: 900px) 100vw, 900px\" \/><figcaption id=\"caption-attachment-2938\" class=\"wp-caption-text\">Marcel Duchamp, Roue de Bicyclette, 1913<\/figcaption><\/figure>\n<p>&nbsp;<\/p>\n<p><i>\u00ab<\/i>La fotografia \u2013 ha affermato il docente Marco Ceccaroni (Roma 1964) \u2013 viene in aiuto all\u2019arte poich\u00e9 essa sembra scongiurare il pericolo di una sua smaterializzazione concettualista. Il concetto, l\u2019idea prendono il sopravvento rispetto alla forma. [\u2026] Il significato, il concetto, nel mondo dell\u2019arte concettuale, perdono il loro riferimento con la forma in modo determinante. [\u2026] La fotografia incarna ci\u00f2 che resiste alle categorie canoniche delle belle arti. La fotografia funziona come punto di rottura, permettendo all\u2019arte di essere ci\u00f2 che non poteva essere: un\u2019altra cosa da se stessa.\u00bb In altre parole, con l\u2019avvento dell\u2019arte concettuale, le argomentazioni estetiche originate dalla fotografia si sono rivelate liberatorie per l\u2019arte allorch\u00e9 i principi propri dell\u2019arte sono stati messi in dubbio; e ci\u00f2 ha dato vita a una provvidenziale relazione fra le due forme espressive, rendendo attuali le parole profetiche di Walker Evans (St. Louis 1903 &#8211; New Haven 1975), che nel 1947 afferm\u00f2: \u00abLa fotografia non ha assolutamente nulla a che vedere con l\u2019\u201cArte\u201d. Ma proprio per questo \u00e8 arte.\u00bb<\/p>\n<p>&nbsp;<\/p>\n<figure id=\"attachment_2939\" aria-describedby=\"caption-attachment-2939\" style=\"width: 2500px\" class=\"wp-caption aligncenter\"><img loading=\"lazy\" decoding=\"async\" class=\"wp-image-2939 size-full\" src=\"https:\/\/fiaf.net\/didattica\/wp-content\/uploads\/sites\/24\/2022\/07\/Walker-Evans-Labor-Anonymous-Fortune-Novembre-1946.jpg\" alt=\"\" width=\"2500\" height=\"1568\" srcset=\"https:\/\/fiaf.net\/didattica\/wp-content\/uploads\/sites\/24\/2022\/07\/Walker-Evans-Labor-Anonymous-Fortune-Novembre-1946.jpg 2500w, https:\/\/fiaf.net\/didattica\/wp-content\/uploads\/sites\/24\/2022\/07\/Walker-Evans-Labor-Anonymous-Fortune-Novembre-1946-300x188.jpg 300w, https:\/\/fiaf.net\/didattica\/wp-content\/uploads\/sites\/24\/2022\/07\/Walker-Evans-Labor-Anonymous-Fortune-Novembre-1946-1024x642.jpg 1024w, https:\/\/fiaf.net\/didattica\/wp-content\/uploads\/sites\/24\/2022\/07\/Walker-Evans-Labor-Anonymous-Fortune-Novembre-1946-768x482.jpg 768w, https:\/\/fiaf.net\/didattica\/wp-content\/uploads\/sites\/24\/2022\/07\/Walker-Evans-Labor-Anonymous-Fortune-Novembre-1946-1536x963.jpg 1536w, https:\/\/fiaf.net\/didattica\/wp-content\/uploads\/sites\/24\/2022\/07\/Walker-Evans-Labor-Anonymous-Fortune-Novembre-1946-2048x1285.jpg 2048w\" sizes=\"auto, (max-width: 2500px) 100vw, 2500px\" \/><figcaption id=\"caption-attachment-2939\" class=\"wp-caption-text\">Walker Evans, Labor Anonymous, in Fortune, novembre 1946<\/figcaption><\/figure>\n<p>&nbsp;<\/p>\n<p>Fu dunque alla fine degli anni Settanta che la fotografia fu accolta dagli artisti come un\u2019effettiva forma espressiva autoriale. \u00c8 peraltro vero che la legittimazione della fotografia, come pratica artistica, \u00e8 stata possibile soltanto nel momento cruciale di quello che \u00e8 stato il crepuscolo dei valori artigianali e materici dell\u2019arte; ma \u00e8 altres\u00ec reale che tale processo \u00e8 avvenuto quando la fotografia \u00e8 riuscita a stimolare un mutamento dei tradizionali criteri artistici. In pratica, il rinnovamento \u00e8 iniziato quando la fotografia si \u00e8 rivelata capace di colmare il vuoto lasciato dalla pratica pittorica. \u00abLa fotografia artistica \u2013 ha affermato lo storico, docente all\u2019Universit\u00e0 di Parigi 8, Andr\u00e9 Rouill\u00e9 (1948) \u2013 ha contribuito a secolarizzare l\u2019arte, a inventare le relazioni che essa pu\u00f2 intrecciare con questo mondo, con la sua originalit\u00e0, con la sua diversit\u00e0 e con la sua estrema complessit\u00e0. In un momento in cui le certezze di ieri si stavano sgretolando.\u00bb<\/p>\n<p>&nbsp;<\/p>\n<figure id=\"attachment_2940\" aria-describedby=\"caption-attachment-2940\" style=\"width: 2400px\" class=\"wp-caption aligncenter\"><img loading=\"lazy\" decoding=\"async\" class=\"size-full wp-image-2940\" src=\"https:\/\/fiaf.net\/didattica\/wp-content\/uploads\/sites\/24\/2022\/07\/Gilbert-George-Street-meet-1982.jpg\" alt=\"\" width=\"2400\" height=\"1663\" srcset=\"https:\/\/fiaf.net\/didattica\/wp-content\/uploads\/sites\/24\/2022\/07\/Gilbert-George-Street-meet-1982.jpg 2400w, https:\/\/fiaf.net\/didattica\/wp-content\/uploads\/sites\/24\/2022\/07\/Gilbert-George-Street-meet-1982-300x208.jpg 300w, https:\/\/fiaf.net\/didattica\/wp-content\/uploads\/sites\/24\/2022\/07\/Gilbert-George-Street-meet-1982-1024x710.jpg 1024w, https:\/\/fiaf.net\/didattica\/wp-content\/uploads\/sites\/24\/2022\/07\/Gilbert-George-Street-meet-1982-768x532.jpg 768w, https:\/\/fiaf.net\/didattica\/wp-content\/uploads\/sites\/24\/2022\/07\/Gilbert-George-Street-meet-1982-1536x1064.jpg 1536w, https:\/\/fiaf.net\/didattica\/wp-content\/uploads\/sites\/24\/2022\/07\/Gilbert-George-Street-meet-1982-2048x1419.jpg 2048w\" sizes=\"auto, (max-width: 2400px) 100vw, 2400px\" \/><figcaption id=\"caption-attachment-2940\" class=\"wp-caption-text\">Gilbert &amp; George, Street meet, 1982<\/figcaption><\/figure>\n<p>&nbsp;<\/p>\n<p>Non pi\u00f9 dunque \u00abserva, la pi\u00f9 umile serva, delle scienze e delle arti\u00bb, cos\u00ec come l\u2019avrebbe voluta il poeta e critico artistico francese Charles Baudelaire (Parigi 1821 &#8211; 1867 \u2013 articolo pubblicato il 20 luglio 1859 sulla <em>R\u00e9vue Fran\u00e7aise<\/em>), bens\u00ec un medium coinvolto nella cultura, nella conoscenza e nell\u2019arte, responsabile di svariati progressi che si sono rivelati determinanti per l\u2019evoluzione dell\u2019odierna umanit\u00e0. \u00abLa fotografia \u2013 come hanno scritto l\u2019accademico e saggista Enrico Menduni (Firenze, 1948) e il professore associato presso l\u2019Universitas Mercatorum di Roma, Lorenzo Marmo, nel saggio <em>Fotografia e culture visuali del XXI secolo<\/em> \u2013<span class=\"Apple-converted-space\">\u00a0<\/span> immagine immobile, densamente sintetica di eventi e concetti, si conferma la culla, lo stadio seminale delle culture visuali di oggi contribuendo in modo sostanziale allo smantellamento delle identit\u00e0 ferme e salde che caratterizza il mondo sempre pi\u00f9 secolarizzato della modernit\u00e0, grazie alla capacit\u00e0 di far circolare ovunque, con un\u2019accentuata riproducibilit\u00e0 e molteplici regimi della visione, le immagini di oggetti e fenomeni, luoghi e geografie, persone e corpi sociali.\u00bb<\/p>\n<p>&nbsp;<\/p>\n<figure id=\"attachment_2941\" aria-describedby=\"caption-attachment-2941\" style=\"width: 1024px\" class=\"wp-caption aligncenter\"><img loading=\"lazy\" decoding=\"async\" class=\"size-full wp-image-2941\" src=\"https:\/\/fiaf.net\/didattica\/wp-content\/uploads\/sites\/24\/2022\/07\/Wendy-McMurdo-Helen-Backstage-Merlin-Theatre-1996.jpg\" alt=\"\" width=\"1024\" height=\"1031\" srcset=\"https:\/\/fiaf.net\/didattica\/wp-content\/uploads\/sites\/24\/2022\/07\/Wendy-McMurdo-Helen-Backstage-Merlin-Theatre-1996.jpg 1024w, https:\/\/fiaf.net\/didattica\/wp-content\/uploads\/sites\/24\/2022\/07\/Wendy-McMurdo-Helen-Backstage-Merlin-Theatre-1996-298x300.jpg 298w, https:\/\/fiaf.net\/didattica\/wp-content\/uploads\/sites\/24\/2022\/07\/Wendy-McMurdo-Helen-Backstage-Merlin-Theatre-1996-1017x1024.jpg 1017w, https:\/\/fiaf.net\/didattica\/wp-content\/uploads\/sites\/24\/2022\/07\/Wendy-McMurdo-Helen-Backstage-Merlin-Theatre-1996-150x150.jpg 150w, https:\/\/fiaf.net\/didattica\/wp-content\/uploads\/sites\/24\/2022\/07\/Wendy-McMurdo-Helen-Backstage-Merlin-Theatre-1996-768x773.jpg 768w\" sizes=\"auto, (max-width: 1024px) 100vw, 1024px\" \/><figcaption id=\"caption-attachment-2941\" class=\"wp-caption-text\">Wendy McMurdo, Helen, Backstage, Merlin Theatre, 1996<\/figcaption><\/figure>\n<p>&nbsp;<\/p>\n<p>Orbene, oggigiorno la fotografia \u00e8 stata definitivamente accolta nel mondo dell\u2019arte contemporanea. Ma capire il significato di tale accettazione e i relativi confini, non \u00e8 un esercizio scontato. La panoramica della fotografia prodotta dalla fine degli anni Settanta a oggi, \u00e8 talmente vasta da lasciare realmente interdetti. La curatrice di importanti raccolte di fotografia, come quella del Victoria &amp; Albert Museum di Londra, nonch\u00e9 scrittrice indipendente Charlotte Cotton (Cotswold, Regno Unito, 1970), ha cercato, con il libro <em>La fotografia come arte contemporanea<\/em> (quarta edizione, tradotta nel 2021 da Einaudi), di esplorare lo spettro di motivazioni e manifestazioni che vengono impiegate nel campo della fotografia contemporanea. In pratica ha tentato (parole sue) di restituire \u00abuna sorta di indagine, il genere di panoramica che si pu\u00f2 incontrare se si visitano delle esposizioni [\u2026] dagli spazi artistici indipendenti alle istituzioni pubbliche ai musei alle gallerie private.\u00bb Ne \u00e8 uscito un quadro composito (formato da una rassegna di 350 fotografi), \u00abmeravigliosamente pluralistico\u00bb\u00a0(Charlotte Cotton), multiforme, ed \u00abesteticamente anarchico\u00bb (Arthur Coleman Danto).<\/p>\n<p style=\"text-align: right\"><i>Fulvio MERLAK, Presidente d&#8217;Onore della FIAF<\/i><\/p>\n\n    <div class=\"xs_social_share_widget xs_share_url after_content \t\tmain_content  wslu-style-1 wslu-share-box-shaped wslu-fill-colored wslu-none wslu-share-horizontal wslu-theme-font-no wslu-main_content\">\n\n\t\t\n        <ul>\n\t\t\t        <\/ul>\n    <\/div> \n","protected":false},"excerpt":{"rendered":"<p>&nbsp; Roue de bicyclette (Ruota di bicicletta) \u00e8 l\u2019opera, prodotta nel 1913 da Marcel Duchamp, che rappresenta una sorta di &hellip;<\/p>\n","protected":false},"author":70,"featured_media":2941,"comment_status":"open","ping_status":"open","sticky":false,"template":"","format":"standard","meta":{"_acf_changed":false,"footnotes":""},"categories":[159],"tags":[111,139,140,141,156,160,161],"class_list":["post-2937","post","type-post","status-publish","format-standard","has-post-thumbnail","hentry","category-cultura-fotografica","tag-arte","tag-fiaf","tag-did","tag-dipartimento-didattica-fiaf","tag-fotografia","tag-fulvio-merlak","tag-cultura-fotografica"],"acf":[],"_links":{"self":[{"href":"https:\/\/fiaf.net\/didattica\/wp-json\/wp\/v2\/posts\/2937","targetHints":{"allow":["GET"]}}],"collection":[{"href":"https:\/\/fiaf.net\/didattica\/wp-json\/wp\/v2\/posts"}],"about":[{"href":"https:\/\/fiaf.net\/didattica\/wp-json\/wp\/v2\/types\/post"}],"author":[{"embeddable":true,"href":"https:\/\/fiaf.net\/didattica\/wp-json\/wp\/v2\/users\/70"}],"replies":[{"embeddable":true,"href":"https:\/\/fiaf.net\/didattica\/wp-json\/wp\/v2\/comments?post=2937"}],"version-history":[{"count":5,"href":"https:\/\/fiaf.net\/didattica\/wp-json\/wp\/v2\/posts\/2937\/revisions"}],"predecessor-version":[{"id":2946,"href":"https:\/\/fiaf.net\/didattica\/wp-json\/wp\/v2\/posts\/2937\/revisions\/2946"}],"wp:featuredmedia":[{"embeddable":true,"href":"https:\/\/fiaf.net\/didattica\/wp-json\/wp\/v2\/media\/2941"}],"wp:attachment":[{"href":"https:\/\/fiaf.net\/didattica\/wp-json\/wp\/v2\/media?parent=2937"}],"wp:term":[{"taxonomy":"category","embeddable":true,"href":"https:\/\/fiaf.net\/didattica\/wp-json\/wp\/v2\/categories?post=2937"},{"taxonomy":"post_tag","embeddable":true,"href":"https:\/\/fiaf.net\/didattica\/wp-json\/wp\/v2\/tags?post=2937"}],"curies":[{"name":"wp","href":"https:\/\/api.w.org\/{rel}","templated":true}]}}