{"id":2959,"date":"2022-08-07T20:12:43","date_gmt":"2022-08-07T18:12:43","guid":{"rendered":"https:\/\/fiaf.net\/didattica\/?p=2959"},"modified":"2022-08-08T16:13:58","modified_gmt":"2022-08-08T14:13:58","slug":"nadar-inventore-del-fotogiornalismo-moderno-di-claudia-ioan","status":"publish","type":"post","link":"https:\/\/fiaf.net\/didattica\/nadar-inventore-del-fotogiornalismo-moderno-di-claudia-ioan\/","title":{"rendered":"NADAR, INVENTORE DEL FOTOGIORNALISMO MODERNO, di Claudia Ioan"},"content":{"rendered":"<p>&nbsp;<\/p>\n<p>Gaspard-F\u00e9lix Tournachon, in arte Nadar (Parigi, 1820 \u2013 Parigi, \u00a01910), \u00e8 stato uomo dai mille volti e dai mille talenti: versato in arti e discipline differenti, solo a volte contigue (alcune sideralmente distanti), ha lasciato la sua impronta indelebile nella Storia della fotografia e non solo: la sua vita turbinosa ha infatti colpito &#8211; e per sempre &#8211; l&#8217;immaginario collettivo del mondo intero.<\/p>\n<p>&nbsp;<\/p>\n<figure id=\"attachment_2960\" aria-describedby=\"caption-attachment-2960\" style=\"width: 1597px\" class=\"wp-caption aligncenter\"><img loading=\"lazy\" decoding=\"async\" class=\"wp-image-2960 size-full\" src=\"https:\/\/fiaf.net\/didattica\/wp-content\/uploads\/sites\/24\/2022\/08\/41405d3ada4920dfac105cb23a0a6cbd.jpg\" alt=\"\" width=\"1597\" height=\"1600\" srcset=\"https:\/\/fiaf.net\/didattica\/wp-content\/uploads\/sites\/24\/2022\/08\/41405d3ada4920dfac105cb23a0a6cbd.jpg 1597w, https:\/\/fiaf.net\/didattica\/wp-content\/uploads\/sites\/24\/2022\/08\/41405d3ada4920dfac105cb23a0a6cbd-300x300.jpg 300w, https:\/\/fiaf.net\/didattica\/wp-content\/uploads\/sites\/24\/2022\/08\/41405d3ada4920dfac105cb23a0a6cbd-1022x1024.jpg 1022w, https:\/\/fiaf.net\/didattica\/wp-content\/uploads\/sites\/24\/2022\/08\/41405d3ada4920dfac105cb23a0a6cbd-150x150.jpg 150w, https:\/\/fiaf.net\/didattica\/wp-content\/uploads\/sites\/24\/2022\/08\/41405d3ada4920dfac105cb23a0a6cbd-768x769.jpg 768w, https:\/\/fiaf.net\/didattica\/wp-content\/uploads\/sites\/24\/2022\/08\/41405d3ada4920dfac105cb23a0a6cbd-1533x1536.jpg 1533w\" sizes=\"auto, (max-width: 1597px) 100vw, 1597px\" \/><figcaption id=\"caption-attachment-2960\" class=\"wp-caption-text\">Nadar, autoritratto<\/figcaption><\/figure>\n<p>&nbsp;<\/p>\n<p>Caricaturista, scrittore, giornalista, fotografo, pioniere del volo, ha animato la <em>boh\u00e8me<\/em> parigina e l&#8217;ambiente intellettuale della sua epoca, che si trovava nel pieno del dibattito circa il vero ruolo della fotografia in rapporto alle altri arti. Tra i primissimi <em>artistes photographes<\/em>, ha lasciato ritratti di folgorante intensit\u00e0 e valore di tutti i personaggi di spicco di Francia. Cos\u00ec Nadar risolse la questione dell&#8217;artisticit\u00e0 o meno del nuovo medium, proprio grazie a un genere fotografico destinato a diventare commerciale con l&#8217;avvento delle <em>cartes de visite<\/em> e della conseguente ritrattistica prodotta in serie<em>.<\/em><\/p>\n<p>&nbsp;<\/p>\n<figure id=\"attachment_2965\" aria-describedby=\"caption-attachment-2965\" style=\"width: 1520px\" class=\"wp-caption aligncenter\"><img loading=\"lazy\" decoding=\"async\" class=\"wp-image-2965 size-full\" src=\"https:\/\/fiaf.net\/didattica\/wp-content\/uploads\/sites\/24\/2022\/08\/Sarah_Bernhardt_by_Felix_Nadar_2.jpg\" alt=\"\" width=\"1520\" height=\"2120\" srcset=\"https:\/\/fiaf.net\/didattica\/wp-content\/uploads\/sites\/24\/2022\/08\/Sarah_Bernhardt_by_Felix_Nadar_2.jpg 1520w, https:\/\/fiaf.net\/didattica\/wp-content\/uploads\/sites\/24\/2022\/08\/Sarah_Bernhardt_by_Felix_Nadar_2-215x300.jpg 215w, https:\/\/fiaf.net\/didattica\/wp-content\/uploads\/sites\/24\/2022\/08\/Sarah_Bernhardt_by_Felix_Nadar_2-734x1024.jpg 734w, https:\/\/fiaf.net\/didattica\/wp-content\/uploads\/sites\/24\/2022\/08\/Sarah_Bernhardt_by_Felix_Nadar_2-768x1071.jpg 768w, https:\/\/fiaf.net\/didattica\/wp-content\/uploads\/sites\/24\/2022\/08\/Sarah_Bernhardt_by_Felix_Nadar_2-1101x1536.jpg 1101w, https:\/\/fiaf.net\/didattica\/wp-content\/uploads\/sites\/24\/2022\/08\/Sarah_Bernhardt_by_Felix_Nadar_2-1468x2048.jpg 1468w\" sizes=\"auto, (max-width: 1520px) 100vw, 1520px\" \/><figcaption id=\"caption-attachment-2965\" class=\"wp-caption-text\">La divina Sarah Bernhardt, famosa attrice, fotografata da Nadar<\/figcaption><\/figure>\n<p>&nbsp;<\/p>\n<p>Parigi pullulava di celebrit\u00e0, che Nadar aveva iniziato a rappresentare sia in fotografia gi\u00e0 nel suo primo\u00a0<em>atelier<\/em>\u00a0al n\u00b0 35 di Boulevard des Capucines, sia in altre forme artistiche: un esempio per tutti, il\u00a0<em>Pantheon Nadar\u00a0<\/em>del 1854, un&#8217;opera di illustrazione molto ambiziosa che radunava quasi trecento nomi della cultura e dell&#8217;arte capitanati da George Sand (gi\u00e0 tramutata in monumento). L&#8217;opera prosegu\u00ec poi mediante la fotografia.<\/p>\n<p>&nbsp;<\/p>\n<p><img loading=\"lazy\" decoding=\"async\" class=\"aligncenter size-full wp-image-2966\" src=\"https:\/\/fiaf.net\/didattica\/wp-content\/uploads\/sites\/24\/2022\/08\/DP143857-scaled.jpg\" alt=\"\" width=\"2560\" height=\"1810\" srcset=\"https:\/\/fiaf.net\/didattica\/wp-content\/uploads\/sites\/24\/2022\/08\/DP143857-scaled.jpg 2560w, https:\/\/fiaf.net\/didattica\/wp-content\/uploads\/sites\/24\/2022\/08\/DP143857-300x212.jpg 300w, https:\/\/fiaf.net\/didattica\/wp-content\/uploads\/sites\/24\/2022\/08\/DP143857-1024x724.jpg 1024w, https:\/\/fiaf.net\/didattica\/wp-content\/uploads\/sites\/24\/2022\/08\/DP143857-768x543.jpg 768w, https:\/\/fiaf.net\/didattica\/wp-content\/uploads\/sites\/24\/2022\/08\/DP143857-1536x1086.jpg 1536w, https:\/\/fiaf.net\/didattica\/wp-content\/uploads\/sites\/24\/2022\/08\/DP143857-2048x1448.jpg 2048w\" sizes=\"auto, (max-width: 2560px) 100vw, 2560px\" \/><\/p>\n<p>&nbsp;<\/p>\n<p>Tra le varie personalit\u00e0 eminenti di Francia, brillava il nome di Michel-Eug\u00e8ne Chevreul (1786-1889). Chevreul, insigne scienziato di levatura internazionale, docente di chimica organica presso il Museo nazionale di Storia Naturale di Francia e padre della gerontologia, diede un contributo fondamentale nel campo delle scienze, della medicina e dell&#8217;arte. In particolare, \u00e8 noto per i suoi studi sul colore e sulla luce\u00a0pubblicati nel 1839, e per essere l&#8217;inventore del &#8220;cerchio cromatico&#8221;, qui di seguito riportato, ideato per la classificazione dei colori delle tinture utilizzate dalle Manifattura dei Gobelins, storico laboratorio di tessitura dei prestigiosi arazzi francesi. Chevreul scopr\u00ec che accostando due colori complementari si esalta la luminosit\u00e0 di ciascuno di essi. Il cerchio cromatico consente di visualizzare i rapporti tra i colori: i colori complementari si trovano alle estremit\u00e0 opposte di ogni diametro. Questo dispositivo fu largamente utilizzato in campo artistico: utilizzato dagli impressionisti, fu ripreso da Camille Seurat nel 1885, il quale su questa base cre\u00f2 il movimento del Pointillisme.<\/p>\n<p>&nbsp;<\/p>\n<figure id=\"attachment_2967\" aria-describedby=\"caption-attachment-2967\" style=\"width: 800px\" class=\"wp-caption aligncenter\"><img loading=\"lazy\" decoding=\"async\" class=\"size-full wp-image-2967\" src=\"https:\/\/fiaf.net\/didattica\/wp-content\/uploads\/sites\/24\/2022\/08\/cerchiocromatico-chevreul.jpg\" alt=\"\" width=\"800\" height=\"810\" srcset=\"https:\/\/fiaf.net\/didattica\/wp-content\/uploads\/sites\/24\/2022\/08\/cerchiocromatico-chevreul.jpg 800w, https:\/\/fiaf.net\/didattica\/wp-content\/uploads\/sites\/24\/2022\/08\/cerchiocromatico-chevreul-296x300.jpg 296w, https:\/\/fiaf.net\/didattica\/wp-content\/uploads\/sites\/24\/2022\/08\/cerchiocromatico-chevreul-768x778.jpg 768w\" sizes=\"auto, (max-width: 800px) 100vw, 800px\" \/><figcaption id=\"caption-attachment-2967\" class=\"wp-caption-text\">Il cerchio cromatico di Michel-Eug\u00e8ne Chevreul<\/figcaption><\/figure>\n<p>&nbsp;<\/p>\n<p>Come Michel Cristolhomme\u00a0racconta in <em>M\u00e9moires d&#8217;un g\u00e9ant<\/em>, per le sue scoperte Michel-Eug\u00e8ne Chevreul divenne \u00abil primo centenario illustre della Storia. Il suo centesimo compleanno fu celebrato in presenza del Presidente della Repubblica, dei membri del Governo e delle delegazioni scientifiche giunte da tutte le parti della Francia e del mondo. Ricevette numerosi messaggi di sovrani e capi di stato, una marcia trionfale fu scritta in suo onore, una medaglia coniata con la sua effigie\u00bb.\u00a0Proprio in quell&#8217;occasione, F\u00e9lix Nadar e suo figlio, Paul Nadar, gli proposero qualcosa di assolutamente innovativo per i tempi: gli chiesero di realizzare un'&#8221;intervista fotografica&#8221;.<\/p>\n<p>&nbsp;<\/p>\n<figure id=\"attachment_2968\" aria-describedby=\"caption-attachment-2968\" style=\"width: 1785px\" class=\"wp-caption aligncenter\"><img loading=\"lazy\" decoding=\"async\" class=\"size-full wp-image-2968\" src=\"https:\/\/fiaf.net\/didattica\/wp-content\/uploads\/sites\/24\/2022\/08\/Paul_Nadar_1888-scaled.jpg\" alt=\"\" width=\"1785\" height=\"2560\" srcset=\"https:\/\/fiaf.net\/didattica\/wp-content\/uploads\/sites\/24\/2022\/08\/Paul_Nadar_1888-scaled.jpg 1785w, https:\/\/fiaf.net\/didattica\/wp-content\/uploads\/sites\/24\/2022\/08\/Paul_Nadar_1888-209x300.jpg 209w, https:\/\/fiaf.net\/didattica\/wp-content\/uploads\/sites\/24\/2022\/08\/Paul_Nadar_1888-714x1024.jpg 714w, https:\/\/fiaf.net\/didattica\/wp-content\/uploads\/sites\/24\/2022\/08\/Paul_Nadar_1888-768x1102.jpg 768w, https:\/\/fiaf.net\/didattica\/wp-content\/uploads\/sites\/24\/2022\/08\/Paul_Nadar_1888-1071x1536.jpg 1071w, https:\/\/fiaf.net\/didattica\/wp-content\/uploads\/sites\/24\/2022\/08\/Paul_Nadar_1888-1428x2048.jpg 1428w\" sizes=\"auto, (max-width: 1785px) 100vw, 1785px\" \/><figcaption id=\"caption-attachment-2968\" class=\"wp-caption-text\">Paul Nadar<\/figcaption><\/figure>\n<p>&nbsp;<\/p>\n<p>Fino a quel momento, le interviste pubblicate erano il frutto della rielaborazione &#8211; non sempre fedele &#8211; di appunti molto sintetici presi dai giornalisti stessi. Nadar era stato sempre all&#8217;avanguardia, e per la prima volta nel giornalismo pens\u00f2 a una registrazione meccanica dell&#8217;intervista; opt\u00f2 poi, per via di alcune difficolt\u00e0 tecniche, per la presenza di un segretario che stenograf\u00f2 l&#8217;intera intervista. Contemporaneamente, vennero realizzate fotografie\u00a0in strettissima successione, in una modalit\u00e0 che Nadar consider\u00f2 come la prima prova di \u00abfoto-stenografia\u00bb. Per la prima volta in assoluto, quindi, fu disponibile la versione integrale di un&#8217;intervista, parola per parola, con abbondanza di immagini a segnare i singoli momenti della conversazione.<\/p>\n<p>&nbsp;<\/p>\n<figure id=\"attachment_2969\" aria-describedby=\"caption-attachment-2969\" style=\"width: 758px\" class=\"wp-caption aligncenter\"><img loading=\"lazy\" decoding=\"async\" class=\"wp-image-2969 size-full\" src=\"https:\/\/fiaf.net\/didattica\/wp-content\/uploads\/sites\/24\/2022\/08\/l.jpeg\" alt=\"\" width=\"758\" height=\"965\" srcset=\"https:\/\/fiaf.net\/didattica\/wp-content\/uploads\/sites\/24\/2022\/08\/l.jpeg 758w, https:\/\/fiaf.net\/didattica\/wp-content\/uploads\/sites\/24\/2022\/08\/l-236x300.jpeg 236w\" sizes=\"auto, (max-width: 758px) 100vw, 758px\" \/><figcaption id=\"caption-attachment-2969\" class=\"wp-caption-text\">L&#8217;intervista di Nadar a Michel-Eug\u00e8ne Chevreul<\/figcaption><\/figure>\n<p>&nbsp;<\/p>\n<p>Furono ben tre, gli incontri tra Michel Chevreul (che non si era mai lasciato fotografare fino all&#8217;et\u00e0 di 97 anni) e i due Nadar, F\u00e9lix e Paul. Gli argomenti spaziarono incredibilmente: il segreto della longevit\u00e0, i colori, gli aerostati, e naturalmente la fotografia. A questo proposito,\u00a0Nadar chiese a Chevreul:\u00a0\u00abLei ha conosciuto bene Daguerre?\u00bb Michel Chevreul rispose:\u00a0\u00abS\u00ec. E ricordo che era molto curioso di conoscere i miei esperimenti. [Daguerre] mi disse assistendo a quelle dimostrazioni: &#8220;Lei mi spiega ci\u00f2 che facevo solo per istinto&#8221;\u00bb.<\/p>\n<p>&nbsp;<\/p>\n<figure id=\"attachment_2976\" aria-describedby=\"caption-attachment-2976\" style=\"width: 429px\" class=\"wp-caption aligncenter\"><img loading=\"lazy\" decoding=\"async\" class=\"size-full wp-image-2976\" src=\"https:\/\/fiaf.net\/didattica\/wp-content\/uploads\/sites\/24\/2022\/08\/louis-jacques-daguerre_nadar.jpg\" alt=\"\" width=\"429\" height=\"600\" srcset=\"https:\/\/fiaf.net\/didattica\/wp-content\/uploads\/sites\/24\/2022\/08\/louis-jacques-daguerre_nadar.jpg 429w, https:\/\/fiaf.net\/didattica\/wp-content\/uploads\/sites\/24\/2022\/08\/louis-jacques-daguerre_nadar-215x300.jpg 215w\" sizes=\"auto, (max-width: 429px) 100vw, 429px\" \/><figcaption id=\"caption-attachment-2976\" class=\"wp-caption-text\">Daguerre, fotografato da Nadar<\/figcaption><\/figure>\n<p>&nbsp;<\/p>\n<p>L&#8217;intervista di Nadar a Chevreul, con il bel titolo <em>L&#8217;ARTE DI VIVERE CENTO ANNI<\/em>, fu pubblicata sul\u00a0<i>Journal Illustr\u00e9<\/i> domenica 5 settembre 1886, segnando una pietra miliare nel mondo del giornalismo. E naturalmente, un altro singolare primato per F\u00e9lix Nadar.<\/p>\n<p>&nbsp;<\/p>\n<figure id=\"attachment_2975\" aria-describedby=\"caption-attachment-2975\" style=\"width: 1254px\" class=\"wp-caption aligncenter\"><img loading=\"lazy\" decoding=\"async\" class=\"size-full wp-image-2975\" src=\"https:\/\/fiaf.net\/didattica\/wp-content\/uploads\/sites\/24\/2022\/08\/Schermata-2022-08-07-alle-19.41.12-1.jpg\" alt=\"\" width=\"1254\" height=\"1700\" srcset=\"https:\/\/fiaf.net\/didattica\/wp-content\/uploads\/sites\/24\/2022\/08\/Schermata-2022-08-07-alle-19.41.12-1.jpg 1254w, https:\/\/fiaf.net\/didattica\/wp-content\/uploads\/sites\/24\/2022\/08\/Schermata-2022-08-07-alle-19.41.12-1-221x300.jpg 221w, https:\/\/fiaf.net\/didattica\/wp-content\/uploads\/sites\/24\/2022\/08\/Schermata-2022-08-07-alle-19.41.12-1-755x1024.jpg 755w, https:\/\/fiaf.net\/didattica\/wp-content\/uploads\/sites\/24\/2022\/08\/Schermata-2022-08-07-alle-19.41.12-1-768x1041.jpg 768w, https:\/\/fiaf.net\/didattica\/wp-content\/uploads\/sites\/24\/2022\/08\/Schermata-2022-08-07-alle-19.41.12-1-1133x1536.jpg 1133w\" sizes=\"auto, (max-width: 1254px) 100vw, 1254px\" \/><figcaption id=\"caption-attachment-2975\" class=\"wp-caption-text\">Le Journal Illustr\u00e9, 1886<\/figcaption><\/figure>\n<p>&nbsp;<\/p>\n<p style=\"text-align: right\">Claudia Ioan, <em>Direttrice Dipartimento Didattica FIAF<\/em><\/p>\n<p>&nbsp;<\/p>\n<p>&nbsp;<\/p>\n<p>&nbsp;<\/p>\n<p>&nbsp;<\/p>\n<p>&nbsp;<\/p>\n\n    <div class=\"xs_social_share_widget xs_share_url after_content \t\tmain_content  wslu-style-1 wslu-share-box-shaped wslu-fill-colored wslu-none wslu-share-horizontal wslu-theme-font-no wslu-main_content\">\n\n\t\t\n        <ul>\n\t\t\t        <\/ul>\n    <\/div> \n","protected":false},"excerpt":{"rendered":"<p>&nbsp; Gaspard-F\u00e9lix Tournachon, in arte Nadar (Parigi, 1820 \u2013 Parigi, \u00a01910), \u00e8 stato uomo dai mille volti e dai mille &hellip;<\/p>\n","protected":false},"author":70,"featured_media":2973,"comment_status":"open","ping_status":"open","sticky":false,"template":"","format":"standard","meta":{"_acf_changed":false,"footnotes":""},"categories":[146],"tags":[101,139,140,141,142,144,156,179],"class_list":["post-2959","post","type-post","status-publish","format-standard","has-post-thumbnail","hentry","category-storia-della-fotografia","tag-fotogiornalismo","tag-fiaf","tag-did","tag-dipartimento-didattica-fiaf","tag-claudia-ioan","tag-storia-della-fotografia","tag-fotografia","tag-nadar"],"acf":[],"_links":{"self":[{"href":"https:\/\/fiaf.net\/didattica\/wp-json\/wp\/v2\/posts\/2959","targetHints":{"allow":["GET"]}}],"collection":[{"href":"https:\/\/fiaf.net\/didattica\/wp-json\/wp\/v2\/posts"}],"about":[{"href":"https:\/\/fiaf.net\/didattica\/wp-json\/wp\/v2\/types\/post"}],"author":[{"embeddable":true,"href":"https:\/\/fiaf.net\/didattica\/wp-json\/wp\/v2\/users\/70"}],"replies":[{"embeddable":true,"href":"https:\/\/fiaf.net\/didattica\/wp-json\/wp\/v2\/comments?post=2959"}],"version-history":[{"count":11,"href":"https:\/\/fiaf.net\/didattica\/wp-json\/wp\/v2\/posts\/2959\/revisions"}],"predecessor-version":[{"id":2983,"href":"https:\/\/fiaf.net\/didattica\/wp-json\/wp\/v2\/posts\/2959\/revisions\/2983"}],"wp:featuredmedia":[{"embeddable":true,"href":"https:\/\/fiaf.net\/didattica\/wp-json\/wp\/v2\/media\/2973"}],"wp:attachment":[{"href":"https:\/\/fiaf.net\/didattica\/wp-json\/wp\/v2\/media?parent=2959"}],"wp:term":[{"taxonomy":"category","embeddable":true,"href":"https:\/\/fiaf.net\/didattica\/wp-json\/wp\/v2\/categories?post=2959"},{"taxonomy":"post_tag","embeddable":true,"href":"https:\/\/fiaf.net\/didattica\/wp-json\/wp\/v2\/tags?post=2959"}],"curies":[{"name":"wp","href":"https:\/\/api.w.org\/{rel}","templated":true}]}}