{"id":3205,"date":"2023-09-30T22:14:07","date_gmt":"2023-09-30T20:14:07","guid":{"rendered":"https:\/\/fiaf.net\/didattica\/?p=3205"},"modified":"2023-10-03T09:00:09","modified_gmt":"2023-10-03T07:00:09","slug":"lalba-della-fotografia-thomas-wedgwood-di-claudia-ioan","status":"publish","type":"post","link":"https:\/\/fiaf.net\/didattica\/lalba-della-fotografia-thomas-wedgwood-di-claudia-ioan\/","title":{"rendered":"L&#8217;ALBA DELLA FOTOGRAFIA: THOMAS WEDGWOOD, di Claudia Ioan"},"content":{"rendered":"<p>&nbsp;<\/p>\n<p>In tutto il mondo, il cognome inglese \u201cWedgwood\u201d \u00e8 immediatamente abbinato alle leggendarie ceramiche e porcellane finissime prodotte dall\u2019omonima casa inglese nata nel Settecento, agli albori della Rivoluzione industriale, che pot\u00e9 fregiarsi anche del patronato reale. Josiah Wedgwood, suo fondatore, fu un grande innovatore, competente e all\u2019avanguardia, aperto alle arti, alle scienze e alle nuove tecnologie.<\/p>\n<p>&nbsp;<\/p>\n<figure id=\"attachment_3216\" aria-describedby=\"caption-attachment-3216\" style=\"width: 2472px\" class=\"wp-caption aligncenter\"><img loading=\"lazy\" decoding=\"async\" class=\"wp-image-3216 size-full\" src=\"https:\/\/fiaf.net\/didattica\/wp-content\/uploads\/sites\/24\/2023\/09\/Wedgwood.jpg\" alt=\"\" width=\"2472\" height=\"2352\" srcset=\"https:\/\/fiaf.net\/didattica\/wp-content\/uploads\/sites\/24\/2023\/09\/Wedgwood.jpg 2472w, https:\/\/fiaf.net\/didattica\/wp-content\/uploads\/sites\/24\/2023\/09\/Wedgwood-300x285.jpg 300w, https:\/\/fiaf.net\/didattica\/wp-content\/uploads\/sites\/24\/2023\/09\/Wedgwood-1024x974.jpg 1024w, https:\/\/fiaf.net\/didattica\/wp-content\/uploads\/sites\/24\/2023\/09\/Wedgwood-768x731.jpg 768w, https:\/\/fiaf.net\/didattica\/wp-content\/uploads\/sites\/24\/2023\/09\/Wedgwood-1536x1461.jpg 1536w, https:\/\/fiaf.net\/didattica\/wp-content\/uploads\/sites\/24\/2023\/09\/Wedgwood-2048x1949.jpg 2048w\" sizes=\"auto, (max-width: 2472px) 100vw, 2472px\" \/><figcaption id=\"caption-attachment-3216\" class=\"wp-caption-text\">Tipico esempio di jasperware in tonalit\u00e0 &#8220;Wedgwood blue&#8221;, lavorazione che si afferm\u00f2 nel &#8216;700<\/figcaption><\/figure>\n<p>&nbsp;<\/p>\n<p>Il cognome \u201cWedgwood\u201d evoca anche, in noi che la amiamo, l\u2019alba della Fotografia: Thomas Wedgwood (1771-1805), scienziato e inventore, figlio di Josiah, \u00e8 colui che, tra i primissimi al mondo, ebbe il privilegio di assistere al miracolo di un\u2019immagine realizzata attraverso l\u2019impressione diretta della luce, senza l\u2019intervento della mano dell\u2019uomo ma grazie a un procedimento a tutti gli effetti fotografico (come ben ci racconta Italo Zannier).<span class=\"Apple-converted-space\">\u00a0<\/span><\/p>\n<p>&nbsp;<\/p>\n<p><img loading=\"lazy\" decoding=\"async\" class=\"aligncenter size-full wp-image-3210\" src=\"https:\/\/fiaf.net\/didattica\/wp-content\/uploads\/sites\/24\/2023\/09\/11122626576_4501605bf0_z.jpg\" alt=\"\" width=\"471\" height=\"640\" srcset=\"https:\/\/fiaf.net\/didattica\/wp-content\/uploads\/sites\/24\/2023\/09\/11122626576_4501605bf0_z.jpg 471w, https:\/\/fiaf.net\/didattica\/wp-content\/uploads\/sites\/24\/2023\/09\/11122626576_4501605bf0_z-221x300.jpg 221w\" sizes=\"auto, (max-width: 471px) 100vw, 471px\" \/><\/p>\n<p>&nbsp;<\/p>\n<p>Giovane dalla mente brillante ma dalla salute cagionevole (mor\u00ec a soli 34 anni), Thomas Wedgwood crebbe in un ambiente stimolante ed ebbe l\u2019opportunit\u00e0 di misurarsi con tutte le innovazioni dell\u2019industria paterna (tra cui la prima macchina a vapore industriale). Frequent\u00f2 l\u2019Universit\u00e0 di Edimburgo e present\u00f2 alcune sue osservazioni scientifiche alla Royal Society. Per due anni lavor\u00f2 nel laboratorio di famiglia; la produzione delle porcellane implicava una ricerca continua per migliorare i procedimenti di decorazione, che prevedevano l\u2019applicazione di ornamenti e figure tramite tecniche varie, tra cui la decalcomania.<span class=\"Apple-converted-space\">\u00a0<\/span><\/p>\n<p>Impossibilitato per motivi di salute a continuare il lavoro di ceramista, Thomas Wedgwood si dedic\u00f2 &#8211; instancabilmente &#8211; all\u2019impresa di produrre delle immagini grazie alla sola azione della luce.<\/p>\n<p>Era un sogno millenario, che trovava le sue origini nella Cina antica: lo scienziato e filosofo Mozi fu il primo a lasciare, nel IV sec. a.C., un resoconto scritto del principio ottico della c<em>amera obscura.<\/em><\/p>\n<p>&nbsp;<\/p>\n<figure id=\"attachment_3223\" aria-describedby=\"caption-attachment-3223\" style=\"width: 870px\" class=\"wp-caption aligncenter\"><img loading=\"lazy\" decoding=\"async\" class=\"size-full wp-image-3223\" src=\"https:\/\/fiaf.net\/didattica\/wp-content\/uploads\/sites\/24\/2023\/09\/1481034110477-KECP574MN244CGQJKM48.jpg\" alt=\"\" width=\"870\" height=\"924\" srcset=\"https:\/\/fiaf.net\/didattica\/wp-content\/uploads\/sites\/24\/2023\/09\/1481034110477-KECP574MN244CGQJKM48.jpg 870w, https:\/\/fiaf.net\/didattica\/wp-content\/uploads\/sites\/24\/2023\/09\/1481034110477-KECP574MN244CGQJKM48-282x300.jpg 282w, https:\/\/fiaf.net\/didattica\/wp-content\/uploads\/sites\/24\/2023\/09\/1481034110477-KECP574MN244CGQJKM48-768x816.jpg 768w\" sizes=\"auto, (max-width: 870px) 100vw, 870px\" \/><figcaption id=\"caption-attachment-3223\" class=\"wp-caption-text\">Il filosofo e scienziato Mozi (470 a.C.-391 a..)<\/figcaption><\/figure>\n<p>&nbsp;<\/p>\n<p>Ritroviamo il medesimo principio anche in Aristotele, il quale scrive della possibilit\u00e0 di \u00abconservare la configurazione del sole e della luna, guardati attraverso un foro di qualunque forma\u00bb. Gli scienziati arabi ed europei continuarono poi per secoli e secoli ad espandere le conoscenze in queste discipline.<\/p>\n<p>&nbsp;<\/p>\n<figure id=\"attachment_3224\" aria-describedby=\"caption-attachment-3224\" style=\"width: 1700px\" class=\"wp-caption aligncenter\"><img loading=\"lazy\" decoding=\"async\" class=\"size-full wp-image-3224\" src=\"https:\/\/fiaf.net\/didattica\/wp-content\/uploads\/sites\/24\/2023\/09\/Aristotle_Altemps_Inv8575.jpg\" alt=\"\" width=\"1700\" height=\"2275\" srcset=\"https:\/\/fiaf.net\/didattica\/wp-content\/uploads\/sites\/24\/2023\/09\/Aristotle_Altemps_Inv8575.jpg 1700w, https:\/\/fiaf.net\/didattica\/wp-content\/uploads\/sites\/24\/2023\/09\/Aristotle_Altemps_Inv8575-224x300.jpg 224w, https:\/\/fiaf.net\/didattica\/wp-content\/uploads\/sites\/24\/2023\/09\/Aristotle_Altemps_Inv8575-765x1024.jpg 765w, https:\/\/fiaf.net\/didattica\/wp-content\/uploads\/sites\/24\/2023\/09\/Aristotle_Altemps_Inv8575-768x1028.jpg 768w, https:\/\/fiaf.net\/didattica\/wp-content\/uploads\/sites\/24\/2023\/09\/Aristotle_Altemps_Inv8575-1148x1536.jpg 1148w, https:\/\/fiaf.net\/didattica\/wp-content\/uploads\/sites\/24\/2023\/09\/Aristotle_Altemps_Inv8575-1530x2048.jpg 1530w\" sizes=\"auto, (max-width: 1700px) 100vw, 1700px\" \/><figcaption id=\"caption-attachment-3224\" class=\"wp-caption-text\">Aristotele (copia romana del busto originale di Aristotele di Lisippo)<\/figcaption><\/figure>\n<p>&nbsp;<\/p>\n<p>In effetti, se la proiezione dell&#8217;immagine ribaltata della realt\u00e0 era un fenomeno scientificamente ben compreso, ci\u00f2 che risultava impossibile era afferrare quelle immagini effimere e renderle permanenti. Il cammino della scienza sarebbe stato lungo: l&#8217;ottica doveva incontrare la chimica, e solo da quell&#8217;incontro sarebbe nata la fotografia.<\/p>\n<p>Ai tempi di Thomas Wedgwood, la chimica stava per l&#8217;appunto approfondendo gli studi sui materiali fotosensibili. Il primo successo documentato nella Storia della Fotografia giunse nel 1790, o 1791, a quanto emerge dalla corrispondenza dello stesso Thomas Wedgwood con l\u2019ingegnere e inventore scozzese James Watt: fu infatti proprio il giovane Wedgwood a produrre i primi disegni fotogenici della Storia trattando con nitrato d\u2019argento carta, vetro e pelli animali di colore bianco, e utilizzandoli come supporti. Le parti esposte alla luce scurivano rapidamente, lasciando invece chiare le zone coperte da oggetti o su cui venivano proiettate delle ombre.<span class=\"Apple-converted-space\">\u00a0<\/span><\/p>\n<p>Per una fortunata circostanza, Thomas Wedgwood conobbe a Bristol Sir Humphry Davy, suo connazionale, chimico, fisico e brillante conferenziere, tanto noto da essere citato esplicitamente nel <i>Viaggio al centro della Terra<\/i> di Jules Verne.<\/p>\n<p>&nbsp;<\/p>\n<figure id=\"attachment_3215\" aria-describedby=\"caption-attachment-3215\" style=\"width: 1978px\" class=\"wp-caption aligncenter\"><img loading=\"lazy\" decoding=\"async\" class=\"wp-image-3215 size-full\" src=\"https:\/\/fiaf.net\/didattica\/wp-content\/uploads\/sites\/24\/2023\/09\/Screenshot-2023-09-30-alle-21.48.31-1.jpg\" alt=\"\" width=\"1978\" height=\"2520\" srcset=\"https:\/\/fiaf.net\/didattica\/wp-content\/uploads\/sites\/24\/2023\/09\/Screenshot-2023-09-30-alle-21.48.31-1.jpg 1978w, https:\/\/fiaf.net\/didattica\/wp-content\/uploads\/sites\/24\/2023\/09\/Screenshot-2023-09-30-alle-21.48.31-1-235x300.jpg 235w, https:\/\/fiaf.net\/didattica\/wp-content\/uploads\/sites\/24\/2023\/09\/Screenshot-2023-09-30-alle-21.48.31-1-804x1024.jpg 804w, https:\/\/fiaf.net\/didattica\/wp-content\/uploads\/sites\/24\/2023\/09\/Screenshot-2023-09-30-alle-21.48.31-1-768x978.jpg 768w, https:\/\/fiaf.net\/didattica\/wp-content\/uploads\/sites\/24\/2023\/09\/Screenshot-2023-09-30-alle-21.48.31-1-1206x1536.jpg 1206w, https:\/\/fiaf.net\/didattica\/wp-content\/uploads\/sites\/24\/2023\/09\/Screenshot-2023-09-30-alle-21.48.31-1-1608x2048.jpg 1608w\" sizes=\"auto, (max-width: 1978px) 100vw, 1978px\" \/><figcaption id=\"caption-attachment-3215\" class=\"wp-caption-text\">Sir Humphry Davy, National Portrait Gallery, Londra<\/figcaption><\/figure>\n<p>&nbsp;<\/p>\n<p>Il loro sodalizio fu molto fruttuoso. Si resero ben conto dell\u2019importanza della scoperta, ma sfortunatamente non furono in grado di conservare il risultato finale di quei tentativi: poich\u00e9 non era ancora stato inventato il fissaggio (di epoca successiva, il cui merito \u00e8 da ascrivere a Sir John Herschel), le immagini ottenute non erano stabili. Tutte annerirono rapidamente. Per ovviare a questo inconveniente, non appena realizzati, i disegni fotogenici venivano immediatamente posti al buio ed erano fruibili a lume di candela (meno violenta del sole); nonostante gli accorgimenti, nessuno di essi sopravvisse.<span class=\"Apple-converted-space\">\u00a0<\/span><\/p>\n<p>Un altro fondamentale merito spetta a Thomas Wedgwood: fu anche il primo a pensare di inserire un supporto fotosensibile all\u2019interno di una <em>camera obscura<\/em> per fissare in modo permanente l\u2019immagine risultante; di fatto, \u00e8 l\u2019invenzione della fotografia moderna. Purtroppo, anche questi esperimenti non ebbero esito migliore, e nulla resta.<\/p>\n<p>Era ancora presto, per la nascita ufficiale della Fotografia. Anche se a volte emergono dal passato nuovi tasselli che ampliano la nostra conoscenza di quel periodo di febbrile attivit\u00e0 e ricerca (si pensi al &#8220;giallo&#8221; della Quillan Leaf, trattato in un precedente articolo) che sfoci\u00f2 nell&#8217;invenzione della Fotografia praticamente in contemporanea da parte di pi\u00f9 figure (Hippolyte Bayard, William Henry Fox Talbot, Louis-Jacques-Mand\u00e9 Daguerre, Hercule Florence) in pi\u00f9 luoghi del mondo (Gran Bretagna, Francia e Brasile), ancora oggi questo momento epocale si colloca nel 1826 con la pi\u00f9 antica fotografia conosciuta: <i>Vista dalla finestra a Le Gras<\/i> di Joseph Nic\u00e9phore Ni\u00e9pce.<\/p>\n<p>A ogni modo, Thomas Wedgwood e Humphry Davy influenzarono direttamente lo sviluppo successivo della fotografia. Humphry Davy scrisse un resoconto delle loro ricerche e del loro metodo per ottenere<em>\u00a0profiles<\/em>, come definirono le immagini ottenute. Lo scritto fu pubblicato il 22 giugno 1802 nel <i>Journal of the Royal Intistitution<\/i> di Londra; il titolo, &#8220;An Account of a Method of Copying Paintings upon Glass, and of Making Profiles, by the Agency of Light upon Nitrate of Silver. Invented by T. Wedgwood, Esq.\u201d, indica chiaramente Thomas Wedgwood quale inventore del procedimento. Occorre dire che all&#8217;epoca il <em>Journal della Royal Institution<\/em> non era una pubblicazione a diffusione ampia, ma Davy illustr\u00f2 personalmente i risultati alla Royal Society e li invi\u00f2 a tutte le Accademie scientifiche europee. Come rilevato da Geoffrey Batchen nel 1999, i principi scoperti da Wedgwood e gli esperimenti ulteriori condotti da Davy entrarono nei testi scientifici, prevalentemente di chimica, gi\u00e0 a partire dal 1803, determinando l&#8217;evoluzione delle ricerche che condussero all&#8217;invenzione della Fotografia. Resta quindi lo straordinario primato e merito, per il giovane Wedgwood, di aver ideato la Fotografia come la intendiamo oggi, ritagliandosi un posto nella Storia.<\/p>\n<p>&nbsp;<\/p>\n<p>&nbsp;<\/p>\n<p><img loading=\"lazy\" decoding=\"async\" class=\"aligncenter size-full wp-image-3211\" src=\"https:\/\/fiaf.net\/didattica\/wp-content\/uploads\/sites\/24\/2023\/09\/61PmQi9f9L._AC_UF10001000_QL80_.jpg\" alt=\"\" width=\"667\" height=\"1000\" srcset=\"https:\/\/fiaf.net\/didattica\/wp-content\/uploads\/sites\/24\/2023\/09\/61PmQi9f9L._AC_UF10001000_QL80_.jpg 667w, https:\/\/fiaf.net\/didattica\/wp-content\/uploads\/sites\/24\/2023\/09\/61PmQi9f9L._AC_UF10001000_QL80_-200x300.jpg 200w\" sizes=\"auto, (max-width: 667px) 100vw, 667px\" \/><\/p>\n<p>&nbsp;<\/p>\n<p style=\"text-align: right\">CLAUDIA IOAN, Direttrice Dipartimento Didattica FIAF<\/p>\n<p>&nbsp;<\/p>\n\n    <div class=\"xs_social_share_widget xs_share_url after_content \t\tmain_content  wslu-style-1 wslu-share-box-shaped wslu-fill-colored wslu-none wslu-share-horizontal wslu-theme-font-no wslu-main_content\">\n\n\t\t\n        <ul>\n\t\t\t        <\/ul>\n    <\/div> \n","protected":false},"excerpt":{"rendered":"<p>&nbsp; In tutto il mondo, il cognome inglese \u201cWedgwood\u201d \u00e8 immediatamente abbinato alle leggendarie ceramiche e porcellane finissime prodotte dall\u2019omonima &hellip;<\/p>\n","protected":false},"author":70,"featured_media":3207,"comment_status":"open","ping_status":"open","sticky":false,"template":"","format":"standard","meta":{"_acf_changed":false,"footnotes":""},"categories":[146],"tags":[],"class_list":["post-3205","post","type-post","status-publish","format-standard","has-post-thumbnail","hentry","category-storia-della-fotografia"],"acf":[],"_links":{"self":[{"href":"https:\/\/fiaf.net\/didattica\/wp-json\/wp\/v2\/posts\/3205","targetHints":{"allow":["GET"]}}],"collection":[{"href":"https:\/\/fiaf.net\/didattica\/wp-json\/wp\/v2\/posts"}],"about":[{"href":"https:\/\/fiaf.net\/didattica\/wp-json\/wp\/v2\/types\/post"}],"author":[{"embeddable":true,"href":"https:\/\/fiaf.net\/didattica\/wp-json\/wp\/v2\/users\/70"}],"replies":[{"embeddable":true,"href":"https:\/\/fiaf.net\/didattica\/wp-json\/wp\/v2\/comments?post=3205"}],"version-history":[{"count":28,"href":"https:\/\/fiaf.net\/didattica\/wp-json\/wp\/v2\/posts\/3205\/revisions"}],"predecessor-version":[{"id":3246,"href":"https:\/\/fiaf.net\/didattica\/wp-json\/wp\/v2\/posts\/3205\/revisions\/3246"}],"wp:featuredmedia":[{"embeddable":true,"href":"https:\/\/fiaf.net\/didattica\/wp-json\/wp\/v2\/media\/3207"}],"wp:attachment":[{"href":"https:\/\/fiaf.net\/didattica\/wp-json\/wp\/v2\/media?parent=3205"}],"wp:term":[{"taxonomy":"category","embeddable":true,"href":"https:\/\/fiaf.net\/didattica\/wp-json\/wp\/v2\/categories?post=3205"},{"taxonomy":"post_tag","embeddable":true,"href":"https:\/\/fiaf.net\/didattica\/wp-json\/wp\/v2\/tags?post=3205"}],"curies":[{"name":"wp","href":"https:\/\/api.w.org\/{rel}","templated":true}]}}