{"id":3438,"date":"2025-10-26T14:06:27","date_gmt":"2025-10-26T13:06:27","guid":{"rendered":"https:\/\/fiaf.net\/didattica\/?p=3438"},"modified":"2025-10-26T14:06:27","modified_gmt":"2025-10-26T13:06:27","slug":"il-portfolio-fotografico-costruzione-e-lettura","status":"publish","type":"post","link":"https:\/\/fiaf.net\/didattica\/il-portfolio-fotografico-costruzione-e-lettura\/","title":{"rendered":"IL PORTFOLIO FOTOGRAFICO &#8211; COSTRUZIONE E LETTURA"},"content":{"rendered":"<p><b>IL PORTFOLIO FOTOGRAFICO &#8211; COSTRUZIONE E LETTURA<\/b><span class=\"Apple-converted-space\">\u00a0<\/span><\/p>\n<p><strong>Percorso formativo ONLINE + IN PRESENZA per Tesserati FIAF<\/strong> con Docenti DiD<\/p>\n<p>Calendario incontri:<\/p>\n<ul>\n<li><strong>Sabato 14 marzo 2026<\/strong> ore 9-13:30 online<\/li>\n<li><strong>Sabato 28 marzo 2026<\/strong> ore 9-13:30 online<span class=\"Apple-converted-space\">\u00a0<\/span><\/li>\n<li><strong>Venerd\u00ec 10 aprile 2026<\/strong> ore 21-23 online<\/li>\n<li><strong>Venerd\u00ec 17 aprile 2026<\/strong> ore 21-23 online<\/li>\n<li><strong>Un sabato (fine settembre<\/strong>, data ancora da annunciare) giornata in presenza con Tavolo formativo DiD al Festival di Colorno, Tappa di Portfolio Italia<span class=\"Apple-converted-space\">\u00a0<\/span><\/li>\n<\/ul>\n<p><a href=\"https:\/\/shop.fiaf.net\/278-concorsiattivita\">Iscrizioni qui<\/a><\/p>\n<p>Il Percorso (che idealmente segue il primo modulo sull&#8217;Immagine singola) si articoler\u00e0 in:<\/p>\n<ul>\n<li>2 mezze giornate online di input teorico frontale, con una parte aperta a domande e interazioni, con un totale di 8 ore piene di lezione online con 4 docenti (ore 9-11 lezione, 11-11:30 pausa, 11:30-13:30 lezione).<span class=\"Apple-converted-space\">\u00a0<\/span><\/li>\n<\/ul>\n<p>&#8211; 2 esercitazioni pratiche online di 2 ore ciascuna;<\/p>\n<ul>\n<li>1 giornata di pratica in presenza con Tavolo formativo DiD al Festival di Colorno 2026, Tappa di Portfolio Italia.<span class=\"Apple-converted-space\">\u00a0<\/span><\/li>\n<\/ul>\n<p>Docenti ed esercitatori:<\/p>\n<p><strong>Silvano Bicocchi<\/strong><\/p>\n<p><strong>Marco Fantechi<\/strong><\/p>\n<p><strong>Claudia Ioan<\/strong><\/p>\n<p>(Possibilit\u00e0 di esercitazione con Massimo Mazzoli, ancora da definire)<\/p>\n<p>&#8211; L\u2019iscrizione sar\u00e0 riservata ai tesserati FIAF.<span class=\"Apple-converted-space\">\u00a0 <\/span>Per quanti si tesserino per la prima volta alla FIAF, \u00e8 prevista la tariffa agevolata di 40\u20ac (una tantum).<\/p>\n<p>&#8211; Il percorso IL PORTFOLIO &#8211; COSTRUZIONE E LETTURA si rivolge a tutti coloro che desiderano acquisire a livello personale strumenti e competenze in quest&#8217;ambito (NON si intende per figure operative interne ai Dipartimenti, per i quali sono predisposti percorsi appositi di collaborazione).<\/p>\n<p>&#8211; \u00c8 richiesto un contributo di <strong>70\u20ac<\/strong> per l\u2019iscrizione e la partecipazione da versare attraverso lo Shop online FIAF.<\/p>\n<p>&#8211; Per lo svolgimento delle attivit\u00e0 online, si utilizzer\u00e0 una piattaforma il cui link sar\u00e0 fornito a ridosso delle date di inizio.<\/p>\n<p>N.B. Per formalizzare l&#8217;iscrizione, inviare obbligatoriamente il riscontro di avvenuto pagamento e i propri dati di contatto a: <strong>claudiaioan.did@gmail.com<\/strong><\/p>\n<p><img loading=\"lazy\" decoding=\"async\" class=\"aligncenter size-full wp-image-3439\" src=\"https:\/\/fiaf.net\/didattica\/wp-content\/uploads\/sites\/24\/2025\/10\/post-PORTFOLIO_.jpg\" alt=\"\" width=\"2560\" height=\"2560\" srcset=\"https:\/\/fiaf.net\/didattica\/wp-content\/uploads\/sites\/24\/2025\/10\/post-PORTFOLIO_.jpg 2560w, https:\/\/fiaf.net\/didattica\/wp-content\/uploads\/sites\/24\/2025\/10\/post-PORTFOLIO_-300x300.jpg 300w, https:\/\/fiaf.net\/didattica\/wp-content\/uploads\/sites\/24\/2025\/10\/post-PORTFOLIO_-1024x1024.jpg 1024w, https:\/\/fiaf.net\/didattica\/wp-content\/uploads\/sites\/24\/2025\/10\/post-PORTFOLIO_-150x150.jpg 150w, https:\/\/fiaf.net\/didattica\/wp-content\/uploads\/sites\/24\/2025\/10\/post-PORTFOLIO_-768x768.jpg 768w, https:\/\/fiaf.net\/didattica\/wp-content\/uploads\/sites\/24\/2025\/10\/post-PORTFOLIO_-1536x1536.jpg 1536w, https:\/\/fiaf.net\/didattica\/wp-content\/uploads\/sites\/24\/2025\/10\/post-PORTFOLIO_-2048x2048.jpg 2048w\" sizes=\"auto, (max-width: 2560px) 100vw, 2560px\" \/><\/p>\n<p>&nbsp;<\/p>\n\n    <div class=\"xs_social_share_widget xs_share_url after_content \t\tmain_content  wslu-style-1 wslu-share-box-shaped wslu-fill-colored wslu-none wslu-share-horizontal wslu-theme-font-no wslu-main_content\">\n\n\t\t\n        <ul>\n\t\t\t        <\/ul>\n    <\/div> \n","protected":false},"excerpt":{"rendered":"<p>IL PORTFOLIO FOTOGRAFICO &#8211; COSTRUZIONE E LETTURA\u00a0 Percorso formativo ONLINE + IN PRESENZA per Tesserati FIAF con Docenti DiD Calendario &hellip;<\/p>\n","protected":false},"author":70,"featured_media":3439,"comment_status":"open","ping_status":"open","sticky":false,"template":"","format":"standard","meta":{"_acf_changed":false,"footnotes":""},"categories":[190],"tags":[],"class_list":["post-3438","post","type-post","status-publish","format-standard","has-post-thumbnail","hentry","category-formazione"],"acf":[],"_links":{"self":[{"href":"https:\/\/fiaf.net\/didattica\/wp-json\/wp\/v2\/posts\/3438","targetHints":{"allow":["GET"]}}],"collection":[{"href":"https:\/\/fiaf.net\/didattica\/wp-json\/wp\/v2\/posts"}],"about":[{"href":"https:\/\/fiaf.net\/didattica\/wp-json\/wp\/v2\/types\/post"}],"author":[{"embeddable":true,"href":"https:\/\/fiaf.net\/didattica\/wp-json\/wp\/v2\/users\/70"}],"replies":[{"embeddable":true,"href":"https:\/\/fiaf.net\/didattica\/wp-json\/wp\/v2\/comments?post=3438"}],"version-history":[{"count":1,"href":"https:\/\/fiaf.net\/didattica\/wp-json\/wp\/v2\/posts\/3438\/revisions"}],"predecessor-version":[{"id":3440,"href":"https:\/\/fiaf.net\/didattica\/wp-json\/wp\/v2\/posts\/3438\/revisions\/3440"}],"wp:featuredmedia":[{"embeddable":true,"href":"https:\/\/fiaf.net\/didattica\/wp-json\/wp\/v2\/media\/3439"}],"wp:attachment":[{"href":"https:\/\/fiaf.net\/didattica\/wp-json\/wp\/v2\/media?parent=3438"}],"wp:term":[{"taxonomy":"category","embeddable":true,"href":"https:\/\/fiaf.net\/didattica\/wp-json\/wp\/v2\/categories?post=3438"},{"taxonomy":"post_tag","embeddable":true,"href":"https:\/\/fiaf.net\/didattica\/wp-json\/wp\/v2\/tags?post=3438"}],"curies":[{"name":"wp","href":"https:\/\/api.w.org\/{rel}","templated":true}]}}