{"id":351,"date":"2015-02-15T16:44:55","date_gmt":"2015-02-15T15:44:55","guid":{"rendered":"https:\/\/fiaf.net\/didattica\/?p=351"},"modified":"2015-02-15T16:44:55","modified_gmt":"2015-02-15T15:44:55","slug":"fulvio-merlak","status":"publish","type":"post","link":"https:\/\/fiaf.net\/didattica\/fulvio-merlak\/","title":{"rendered":"Fulvio Merlak"},"content":{"rendered":"<p>\t\t\t\t<strong>Vive a Trieste &#8211;\u00a0<\/strong><\/p>\n<h5>Contatti: <a href=\"mailto:fulvio.merlak@fiaf.net\">fulvio.merlak@fiaf.net<\/a><\/h5>\n<p><strong>Note Biografiche:<\/strong><\/p>\n<p>Nato a Trieste nel 1948 si occupa di Fotografia fin da quando aveva sedici anni. Presidente, dal 1983, di un\u2019Associazione Fotografica triestina, il Circolo Fincantieri-W\u00e4rtsil\u00e4, negli anni Ottanta e Novanta \u00e8 stato prima Delegato Provinciale e poi Regionale della \u201cFederazione Italiana Associazioni Fotografiche\u201d.<\/p>\n<p>Dal 1991 svolge attivit\u00e0 di operatore culturale nell\u2019ambito della comunicazione visiva. Ha coordinato la realizzazione di molti festival e di tantissime rassegne, promuovendo nel contempo numerosi seminari e corsi avanzati di lettura dell\u2019 immagine ed ha curato la pubblicazione di alcuni volumi fotografici.<\/p>\n<p>Dopo aver vissuto le esperienze di Consigliere e Vicepresidente della FIAF, dal 2002 al 2011 \u00e8 stato Presidente della Federazione, per poi esserne nominato Presidente d\u2019Onore (nel 2011).<\/p>\n<p>Dal 2011 al 2014 \u00e8 stato Direttore del \u201cCentro Italiano della Fotografia d\u2019Autore\u201d di Bibbiena e membro del Comitato Scientifico del \u201cCentro di Ricerca e Archiviazione della Fotografia\u201d di Spilimbergo. Attualmente \u00e8 Direttore del Dipartimento Manifestazioni e della Collana Monografie della FIAF. E&#8217; coordinatore dell&#8217;Albo dei Lettori di Portfolio accreditati dalla Fiaf.<\/p>\n<hr \/>\n<h5>Offerta didattica:<\/h5>\n<pre><span style=\"color: #993300\"><strong>Conversazioni:<\/strong><\/span><\/pre>\n<ul>\n<li style=\"padding-left: 30px\"><a title=\"Permanent Link to Il linguaggio della Fotografia\" href=\"https:\/\/fiaf.net\/didattica\/il-linguaggio-della-fotografia\/\">Il linguaggio della Fotografia<\/a><\/li>\n<li style=\"padding-left: 30px\"><a title=\"Permanent Link to Fotografia \u2013 percezione e ambiguit\u00e0\" href=\"https:\/\/fiaf.net\/didattica\/fotografia-percezione-e-ambiguita\/\">Fotografia \u2013 percezione e ambiguit\u00e0&#8230;<\/a><\/li>\n<li style=\"padding-left: 30px\"><a title=\"Permanent Link to Pittura e Fotografia\" href=\"https:\/\/fiaf.net\/didattica\/pittura-e-fotografia\/\">Pittura e Fotografia<\/a><\/li>\n<li style=\"padding-left: 30px\"><a title=\"Permanent Link to Il cammino della Fotografia\" href=\"https:\/\/fiaf.net\/didattica\/il-cammino-della-fotografia\/\">Il cammino della Fotografia<\/a><\/li>\n<li style=\"padding-left: 30px\"><a title=\"Permanent Link to Nadar, una sorprendente espressione di vitalit\u00e0\" href=\"https:\/\/fiaf.net\/didattica\/nadar-la-piu-sorprendente-espressione-di-vitalita\/\">Nadar, una sorprendente espressione &#8230;<\/a><\/li>\n<\/ul>\n<pre><span style=\"color: #993300\"><strong>Lettore portfolio accreditato Fiaf<\/strong><\/span><\/pre>\n<p>&nbsp;\t\t<\/p>\n\n    <div class=\"xs_social_share_widget xs_share_url after_content \t\tmain_content  wslu-style-1 wslu-share-box-shaped wslu-fill-colored wslu-none wslu-share-horizontal wslu-theme-font-no wslu-main_content\">\n\n\t\t\n        <ul>\n\t\t\t        <\/ul>\n    <\/div> \n","protected":false},"excerpt":{"rendered":"<p>Vive a Trieste &#8211;\u00a0 Contatti: fulvio.merlak@fiaf.net Note Biografiche: Nato a Trieste nel 1948 si occupa di Fotografia fin da quando &hellip;<\/p>\n","protected":false},"author":64,"featured_media":355,"comment_status":"open","ping_status":"open","sticky":false,"template":"","format":"standard","meta":{"_acf_changed":false,"footnotes":""},"categories":[3,24],"tags":[],"class_list":["post-351","post","type-post","status-publish","format-standard","has-post-thumbnail","hentry","category-docenti-fiaf","category-docenti"],"acf":[],"_links":{"self":[{"href":"https:\/\/fiaf.net\/didattica\/wp-json\/wp\/v2\/posts\/351","targetHints":{"allow":["GET"]}}],"collection":[{"href":"https:\/\/fiaf.net\/didattica\/wp-json\/wp\/v2\/posts"}],"about":[{"href":"https:\/\/fiaf.net\/didattica\/wp-json\/wp\/v2\/types\/post"}],"author":[{"embeddable":true,"href":"https:\/\/fiaf.net\/didattica\/wp-json\/wp\/v2\/users\/64"}],"replies":[{"embeddable":true,"href":"https:\/\/fiaf.net\/didattica\/wp-json\/wp\/v2\/comments?post=351"}],"version-history":[{"count":0,"href":"https:\/\/fiaf.net\/didattica\/wp-json\/wp\/v2\/posts\/351\/revisions"}],"wp:featuredmedia":[{"embeddable":true,"href":"https:\/\/fiaf.net\/didattica\/wp-json\/wp\/v2\/media\/355"}],"wp:attachment":[{"href":"https:\/\/fiaf.net\/didattica\/wp-json\/wp\/v2\/media?parent=351"}],"wp:term":[{"taxonomy":"category","embeddable":true,"href":"https:\/\/fiaf.net\/didattica\/wp-json\/wp\/v2\/categories?post=351"},{"taxonomy":"post_tag","embeddable":true,"href":"https:\/\/fiaf.net\/didattica\/wp-json\/wp\/v2\/tags?post=351"}],"curies":[{"name":"wp","href":"https:\/\/api.w.org\/{rel}","templated":true}]}}