{"id":1146,"date":"2013-12-29T10:36:27","date_gmt":"2013-12-29T08:36:27","guid":{"rendered":"https:\/\/fiaf.net\/regioni\/emiliaromagna\/?p=1146"},"modified":"2013-12-29T10:36:27","modified_gmt":"2013-12-29T08:36:27","slug":"life-san-felice-sul-panaro","status":"publish","type":"post","link":"https:\/\/fiaf.net\/emiliaromagna\/life-san-felice-sul-panaro\/","title":{"rendered":"Life &gt; San Felice sul Panaro"},"content":{"rendered":"<p><a href=\"https:\/\/fiaf.net\/emiliaromagna\/wp-content\/uploads\/sites\/9\/2013\/12\/LIFE.doc\">LIFE<\/a> <a href=\"https:\/\/fiaf.net\/emiliaromagna\/wp-content\/uploads\/sites\/9\/2013\/12\/Locandina-small.jpg\"><img loading=\"lazy\" decoding=\"async\" class=\"alignnone size-full wp-image-1148\" alt=\"Locandina small\" src=\"https:\/\/fiaf.net\/emiliaromagna\/wp-content\/uploads\/sites\/9\/2013\/12\/Locandina-small.jpg\" width=\"200\" height=\"180\" \/><\/a> <a href=\"https:\/\/fiaf.net\/emiliaromagna\/wp-content\/uploads\/sites\/9\/2013\/12\/Locandina.jpg\"><img loading=\"lazy\" decoding=\"async\" class=\"alignnone size-full wp-image-1149\" alt=\"Locandina\" src=\"https:\/\/fiaf.net\/emiliaromagna\/wp-content\/uploads\/sites\/9\/2013\/12\/Locandina.jpg\" width=\"600\" height=\"917\" srcset=\"https:\/\/fiaf.net\/emiliaromagna\/wp-content\/uploads\/sites\/9\/2013\/12\/Locandina.jpg 600w, https:\/\/fiaf.net\/emiliaromagna\/wp-content\/uploads\/sites\/9\/2013\/12\/Locandina-196x300.jpg 196w\" sizes=\"auto, (max-width: 600px) 100vw, 600px\" \/><\/a><br \/>\n<span style=\"font-family: Times New Roman\"><span style=\"color: #000000;font-size: medium\">\u201c<\/span>Quello che io cercavo di mostrare era un mondo dove mi sarei sentito bene, dove le persone sarebbero state gentili, dove avrei trovato la tenerezza che speravo di ricevere. Le mie foto erano come una prova che questo mondo pu\u00f2 esistere\u201d.<\/span><br \/>\n<span style=\"font-family: Times New Roman\">\u00a0<\/span><br \/>\n<span style=\"font-family: Times New Roman\">Fu questa frase del grande fotografo Robert Doisneau, unitamente all\u2019attrazione che ho sempre avuto nei confronti delle persone incuriosito dalle loro storie, a far si che nel 2010, nascesse \u201cLife\u201d.<\/span><br \/>\n<span style=\"font-family: Times New Roman\">\u201cLife\u201d era la necessit\u00e0 di congelare momenti di quotidianit\u00e0 altrui con la consapevolezza che sarebbero rimasti fissati per sempre dandomi la possibilit\u00e0 di osservarli con calma, a distanza di anni, per scorgerne, nel tempo, ogni sfaccettatura.<\/span><br \/>\n<span style=\"font-family: Times New Roman\">\u201cLife\u201d era la curiosit\u00e0 di calarsi nel pi\u00f9 intimo particolare di un sorriso, di uno sguardo, di un\u2019emozione, di un bacio, per cercare di avvicinarsi a quella che \u00e8 l\u2019essenza della felicit\u00e0 o la conseguenza di uno stato d\u2019animo.<\/span><br \/>\n<span style=\"font-family: Times New Roman\">\u201cLife\u201d \u00e8 il mondo attraverso i miei occhi. Un mondo del quale amo scorgere i lati migliori.<\/span><\/p>\n\n    <div class=\"xs_social_share_widget xs_share_url after_content \t\tmain_content  wslu-style-1 wslu-share-box-shaped wslu-fill-colored wslu-none wslu-share-horizontal wslu-theme-font-no wslu-main_content\">\n\n\t\t\n        <ul>\n\t\t\t        <\/ul>\n    <\/div> \n","protected":false},"excerpt":{"rendered":"<p>LIFE \u201cQuello che io cercavo di mostrare era un mondo dove mi sarei sentito bene, dove le persone sarebbero state &hellip;<\/p>\n","protected":false},"author":64,"featured_media":1148,"comment_status":"closed","ping_status":"closed","sticky":false,"template":"","format":"standard","meta":{"_acf_changed":false,"footnotes":""},"categories":[9],"tags":[],"class_list":["post-1146","post","type-post","status-publish","format-standard","has-post-thumbnail","hentry","category-mostre"],"acf":[],"_links":{"self":[{"href":"https:\/\/fiaf.net\/emiliaromagna\/wp-json\/wp\/v2\/posts\/1146","targetHints":{"allow":["GET"]}}],"collection":[{"href":"https:\/\/fiaf.net\/emiliaromagna\/wp-json\/wp\/v2\/posts"}],"about":[{"href":"https:\/\/fiaf.net\/emiliaromagna\/wp-json\/wp\/v2\/types\/post"}],"author":[{"embeddable":true,"href":"https:\/\/fiaf.net\/emiliaromagna\/wp-json\/wp\/v2\/users\/64"}],"replies":[{"embeddable":true,"href":"https:\/\/fiaf.net\/emiliaromagna\/wp-json\/wp\/v2\/comments?post=1146"}],"version-history":[{"count":0,"href":"https:\/\/fiaf.net\/emiliaromagna\/wp-json\/wp\/v2\/posts\/1146\/revisions"}],"wp:featuredmedia":[{"embeddable":true,"href":"https:\/\/fiaf.net\/emiliaromagna\/wp-json\/wp\/v2\/media\/1148"}],"wp:attachment":[{"href":"https:\/\/fiaf.net\/emiliaromagna\/wp-json\/wp\/v2\/media?parent=1146"}],"wp:term":[{"taxonomy":"category","embeddable":true,"href":"https:\/\/fiaf.net\/emiliaromagna\/wp-json\/wp\/v2\/categories?post=1146"},{"taxonomy":"post_tag","embeddable":true,"href":"https:\/\/fiaf.net\/emiliaromagna\/wp-json\/wp\/v2\/tags?post=1146"}],"curies":[{"name":"wp","href":"https:\/\/api.w.org\/{rel}","templated":true}]}}