{"id":1206,"date":"2014-02-02T12:41:04","date_gmt":"2014-02-02T10:41:04","guid":{"rendered":"https:\/\/fiaf.net\/regioni\/emiliaromagna\/?p=1206"},"modified":"2014-02-02T12:41:04","modified_gmt":"2014-02-02T10:41:04","slug":"nott-de-biso-faenza","status":"publish","type":"post","link":"https:\/\/fiaf.net\/emiliaromagna\/nott-de-biso-faenza\/","title":{"rendered":"Nott d\u00e9 Bis\u00f2 &gt; Faenza"},"content":{"rendered":"<p><a href=\"https:\/\/fiaf.net\/emiliaromagna\/wp-content\/uploads\/sites\/9\/2014\/01\/Locandina-Luca-Facchini.jpg\"><img loading=\"lazy\" decoding=\"async\" class=\"alignnone size-full wp-image-1193\" alt=\"Locandina-Luca-Facchini\" src=\"https:\/\/fiaf.net\/emiliaromagna\/wp-content\/uploads\/sites\/9\/2014\/01\/Locandina-Luca-Facchini.jpg\" width=\"600\" height=\"849\" srcset=\"https:\/\/fiaf.net\/emiliaromagna\/wp-content\/uploads\/sites\/9\/2014\/01\/Locandina-Luca-Facchini.jpg 600w, https:\/\/fiaf.net\/emiliaromagna\/wp-content\/uploads\/sites\/9\/2014\/01\/Locandina-Luca-Facchini-212x300.jpg 212w\" sizes=\"auto, (max-width: 600px) 100vw, 600px\" \/><\/a><br \/>\nLa Nott d\u00e9 Bis\u00f2 \u00e8 una festa popolare che continua in tempi diversi l&#8217;emozione e la gioia del Palio.<br \/>\nAnnibale, personaggio storico, \u00e8 un gigantesco guerriero saraceno che i cavalieri debbono colpire<br \/>\ncon la lancia nel campo di gara. La disfida tra i cinque Rioni, nata nel 1959, si articola dal 1995 in<br \/>\ndue Palii distinti; la seconda e quarta domenica di giugno.<br \/>\nLa vigilia dell&#8217;Epifania Annibale arriva in Piazza del Popolo su un carro trainato da buoi vestendo i<br \/>\ncolori del Rione vincitore del Palio, per essere bruciato. In questo rogo, nell&#8217;immaginario popolare,<br \/>\nvengono bruciate anche tutte le sfortune dell&#8217;anno appena trascorso. E&#8217; proprio in questo momento<br \/>\nche i gotti ricolmi di bis\u00f2 (vino bollente e speziato) verranno riempiti e vuotati ripetutamente. I<br \/>\ncinque Rioni presenti nella Piazza con altrettanti stands gastronomici propongono oltre al bis\u00f2,<br \/>\nservito nei gotti, anche la degustazione di varie specialit\u00e0 alimentari, che ognuno interpreta a modo<br \/>\nsuo per la gioia delle migliaia di faentini e turisti. La tradizione rionale vede inoltre come buon<br \/>\nauspicio per la vittoria del Palio dell&#8217;anno seguente, la direzione in cui cadr\u00e0 la testa di Annibale<br \/>\nuna volta arso completamente. E cos\u00ec quella lontana idea del 1964 si avvia, tra fantasia e realt\u00e0, a<br \/>\ndiventare leggenda.<br \/>\nLa \u201cNott d\u00e9 Bis\u00f2 2014\u201d di LUCA FACCHINI, sar\u00e0 in mostra dal 3 febbraio fino al 30 marzo<br \/>\n2014 presso la FOTOGALLERIA ITALIA &#8211; Corso Matteotti 4\/D &#8211; FAENZA<br \/>\nOrari di apertura : dal marted\u00ec al sabato dalle 10 alle 21 ; domenica dalle 15 alle 21<br \/>\nChiuso: luned\u00ec e domenica mattina.<\/p>\n\n    <div class=\"xs_social_share_widget xs_share_url after_content \t\tmain_content  wslu-style-1 wslu-share-box-shaped wslu-fill-colored wslu-none wslu-share-horizontal wslu-theme-font-no wslu-main_content\">\n\n\t\t\n        <ul>\n\t\t\t        <\/ul>\n    <\/div> \n","protected":false},"excerpt":{"rendered":"<p>La Nott d\u00e9 Bis\u00f2 \u00e8 una festa popolare che continua in tempi diversi l&#8217;emozione e la gioia del Palio. Annibale, &hellip;<\/p>\n","protected":false},"author":64,"featured_media":1192,"comment_status":"closed","ping_status":"closed","sticky":false,"template":"","format":"standard","meta":{"_acf_changed":false,"footnotes":""},"categories":[9],"tags":[],"class_list":["post-1206","post","type-post","status-publish","format-standard","has-post-thumbnail","hentry","category-mostre"],"acf":[],"_links":{"self":[{"href":"https:\/\/fiaf.net\/emiliaromagna\/wp-json\/wp\/v2\/posts\/1206","targetHints":{"allow":["GET"]}}],"collection":[{"href":"https:\/\/fiaf.net\/emiliaromagna\/wp-json\/wp\/v2\/posts"}],"about":[{"href":"https:\/\/fiaf.net\/emiliaromagna\/wp-json\/wp\/v2\/types\/post"}],"author":[{"embeddable":true,"href":"https:\/\/fiaf.net\/emiliaromagna\/wp-json\/wp\/v2\/users\/64"}],"replies":[{"embeddable":true,"href":"https:\/\/fiaf.net\/emiliaromagna\/wp-json\/wp\/v2\/comments?post=1206"}],"version-history":[{"count":0,"href":"https:\/\/fiaf.net\/emiliaromagna\/wp-json\/wp\/v2\/posts\/1206\/revisions"}],"wp:featuredmedia":[{"embeddable":true,"href":"https:\/\/fiaf.net\/emiliaromagna\/wp-json\/wp\/v2\/media\/1192"}],"wp:attachment":[{"href":"https:\/\/fiaf.net\/emiliaromagna\/wp-json\/wp\/v2\/media?parent=1206"}],"wp:term":[{"taxonomy":"category","embeddable":true,"href":"https:\/\/fiaf.net\/emiliaromagna\/wp-json\/wp\/v2\/categories?post=1206"},{"taxonomy":"post_tag","embeddable":true,"href":"https:\/\/fiaf.net\/emiliaromagna\/wp-json\/wp\/v2\/tags?post=1206"}],"curies":[{"name":"wp","href":"https:\/\/api.w.org\/{rel}","templated":true}]}}