{"id":1411,"date":"2014-05-02T12:53:03","date_gmt":"2014-05-02T10:53:03","guid":{"rendered":"https:\/\/fiaf.net\/regioni\/emiliaromagna\/?p=1411"},"modified":"2014-05-02T12:53:03","modified_gmt":"2014-05-02T10:53:03","slug":"dal-cuore-allobiettivo-forli","status":"publish","type":"post","link":"https:\/\/fiaf.net\/emiliaromagna\/dal-cuore-allobiettivo-forli\/","title":{"rendered":"Dal cuore all&#039;obiettivo &gt; Forl\u00ec"},"content":{"rendered":"<p><a href=\"https:\/\/fiaf.net\/emiliaromagna\/wp-content\/uploads\/sites\/9\/2014\/05\/Locandina_Dal_cuore_allobiettivo.jpg\"><img loading=\"lazy\" decoding=\"async\" class=\"alignnone size-full wp-image-1404\" alt=\"Albi.psd\" src=\"https:\/\/fiaf.net\/emiliaromagna\/wp-content\/uploads\/sites\/9\/2014\/05\/Locandina_Dal_cuore_allobiettivo.jpg\" width=\"600\" height=\"400\" srcset=\"https:\/\/fiaf.net\/emiliaromagna\/wp-content\/uploads\/sites\/9\/2014\/05\/Locandina_Dal_cuore_allobiettivo.jpg 600w, https:\/\/fiaf.net\/emiliaromagna\/wp-content\/uploads\/sites\/9\/2014\/05\/Locandina_Dal_cuore_allobiettivo-300x200.jpg 300w\" sizes=\"auto, (max-width: 600px) 100vw, 600px\" \/><\/a><br \/>\nCari amici,<br \/>\ncon la presente desidero ricordarVi l&#8217;inaugurazione della mostra di Alberto Berti,<br \/>\nsabato 3 Maggio alle ore 18:00 presso lo Spazio Arte in viale dell&#8217;Appennino 16 a Forl\u00ec.<br \/>\nPer maggiori informazioni Vi allego cartolina invito.<br \/>\nVi aspetto numerosi.<br \/>\nSaluti<br \/>\nCarla Ponti<br \/>\nSpazio Arte N.R.G.1<br \/>\nIl Foto Cine Club Forl\u00ec con la collaborazione di Carla Ponti e della famiglia Berti ha allestito una<br \/>\nmostra fotografica con le immagini di Alberto Berti (Albi) che verr\u00e0 inaugurata sabato 3 maggio<br \/>\n2014 alle ore 18.00 presso la galleria EN.ER.GI.1 &#8211; Spazio arte, viale dell&#8217;Appennino 16 &#8211; Forl\u00ec.<br \/>\nLa mostra rimane aperta tutti i giorni dalle ore 9.30 alle 12.30 e dalle 16.00 alle 19.00. Chiusa il<br \/>\ngioved\u00ec pomeriggio e la domenica.<br \/>\nAlberto oltre ad essere un fotografo con una spiccata sensibilit\u00e0 \u00e8 abilissimo nel cogliere la realt\u00e0 e<br \/>\ntrasmetterla con raffinatezza e semplicit\u00e0 attraverso le immagini.<br \/>\nNell&#8217;occasione verranno proiettati alcuni audiovisivi dove oltre la fotografia potremo ammirare<br \/>\nanche la sua maestria nel realizzare dei veri e propri documentari fotografici di viaggio e non solo.<br \/>\nDervis<\/p>\n\n    <div class=\"xs_social_share_widget xs_share_url after_content \t\tmain_content  wslu-style-1 wslu-share-box-shaped wslu-fill-colored wslu-none wslu-share-horizontal wslu-theme-font-no wslu-main_content\">\n\n\t\t\n        <ul>\n\t\t\t        <\/ul>\n    <\/div> \n","protected":false},"excerpt":{"rendered":"<p>Cari amici, con la presente desidero ricordarVi l&#8217;inaugurazione della mostra di Alberto Berti, sabato 3 Maggio alle ore 18:00 presso &hellip;<\/p>\n","protected":false},"author":64,"featured_media":1406,"comment_status":"closed","ping_status":"closed","sticky":false,"template":"","format":"standard","meta":{"_acf_changed":false,"footnotes":""},"categories":[9],"tags":[],"class_list":["post-1411","post","type-post","status-publish","format-standard","has-post-thumbnail","hentry","category-mostre"],"acf":[],"_links":{"self":[{"href":"https:\/\/fiaf.net\/emiliaromagna\/wp-json\/wp\/v2\/posts\/1411","targetHints":{"allow":["GET"]}}],"collection":[{"href":"https:\/\/fiaf.net\/emiliaromagna\/wp-json\/wp\/v2\/posts"}],"about":[{"href":"https:\/\/fiaf.net\/emiliaromagna\/wp-json\/wp\/v2\/types\/post"}],"author":[{"embeddable":true,"href":"https:\/\/fiaf.net\/emiliaromagna\/wp-json\/wp\/v2\/users\/64"}],"replies":[{"embeddable":true,"href":"https:\/\/fiaf.net\/emiliaromagna\/wp-json\/wp\/v2\/comments?post=1411"}],"version-history":[{"count":0,"href":"https:\/\/fiaf.net\/emiliaromagna\/wp-json\/wp\/v2\/posts\/1411\/revisions"}],"wp:featuredmedia":[{"embeddable":true,"href":"https:\/\/fiaf.net\/emiliaromagna\/wp-json\/wp\/v2\/media\/1406"}],"wp:attachment":[{"href":"https:\/\/fiaf.net\/emiliaromagna\/wp-json\/wp\/v2\/media?parent=1411"}],"wp:term":[{"taxonomy":"category","embeddable":true,"href":"https:\/\/fiaf.net\/emiliaromagna\/wp-json\/wp\/v2\/categories?post=1411"},{"taxonomy":"post_tag","embeddable":true,"href":"https:\/\/fiaf.net\/emiliaromagna\/wp-json\/wp\/v2\/tags?post=1411"}],"curies":[{"name":"wp","href":"https:\/\/api.w.org\/{rel}","templated":true}]}}