{"id":1725,"date":"2014-10-21T09:11:11","date_gmt":"2014-10-21T07:11:11","guid":{"rendered":"https:\/\/fiaf.net\/regioni\/emiliaromagna\/?p=1725"},"modified":"2014-10-21T09:11:11","modified_gmt":"2014-10-21T07:11:11","slug":"costruire-un-audiovisivo-mediante-m-objects-modena","status":"publish","type":"post","link":"https:\/\/fiaf.net\/emiliaromagna\/costruire-un-audiovisivo-mediante-m-objects-modena\/","title":{"rendered":"Costruire un audiovisivo mediante m.objects &gt; Modena"},"content":{"rendered":"<p><a href=\"https:\/\/fiaf.net\/emiliaromagna\/wp-content\/uploads\/sites\/9\/2014\/10\/Corso-mobj-2014-Modena-per-FIAF-600.jpg\"><img loading=\"lazy\" decoding=\"async\" class=\"alignnone size-full wp-image-1727\" alt=\"Corso mobj 2014 Modena per FIAF 600\" src=\"https:\/\/fiaf.net\/emiliaromagna\/wp-content\/uploads\/sites\/9\/2014\/10\/Corso-mobj-2014-Modena-per-FIAF-600.jpg\" width=\"600\" height=\"427\" srcset=\"https:\/\/fiaf.net\/emiliaromagna\/wp-content\/uploads\/sites\/9\/2014\/10\/Corso-mobj-2014-Modena-per-FIAF-600.jpg 600w, https:\/\/fiaf.net\/emiliaromagna\/wp-content\/uploads\/sites\/9\/2014\/10\/Corso-mobj-2014-Modena-per-FIAF-600-300x214.jpg 300w\" sizes=\"auto, (max-width: 600px) 100vw, 600px\" \/><\/a><\/p>\n<p dir=\"ltr\" id=\"docs-internal-guid-c138c086-3188-41e4-f915-5920386d3cf7\">FOTOCLUB COLIBR\u00cc BFI &#8211; MODENA<\/p>\n<p><img loading=\"lazy\" decoding=\"async\" alt=\"\" src=\"https:\/\/docs.google.com\/drawings\/d\/sBoxYZ7yl_wcIXwYbgbqcKA\/image?w=612&amp;h=1&amp;rev=1&amp;ac=1\" width=\"612\" height=\"1\" \/><\/p>\n<p dir=\"ltr\">COSTRUIRE UN AUDIOVISIVO MEDIANTE M.OBJECTS<\/p>\n<p dir=\"ltr\">Relatore: GIANNI ROSSI<\/p>\n<p dir=\"ltr\">Autore del MANUALE DI M.OBJECTS ora alla TERZA EDIZIONE<\/p>\n<p dir=\"ltr\">Il workshop di tipo teorico\/pratico, si prefigge di dare le basi per iniziare a produrre Audiovisivi con le proprie fotografie. La massima qualit\u00e0 per la realizzazione degli audiovisivi si ottiene con l\u2019impiego di software specializzati, di cui M.OBJECTS \u00e8 uno dei pi\u00f9 diffusi. I partecipanti sono invitati a portare il proprio Pc portatile per apprendere le varie funzionalit\u00e0 del programma.<\/p>\n<p dir=\"ltr\">QUANDO: Sabato 8 novembre 2014 \u00a0dalle 9,30 alle 17<\/p>\n<p dir=\"ltr\">DOVE: Modena &#8211; Polisportiva Gino Pini, Viale Pio La Torre, 61 &#8211; 1\u00b0 piano<\/p>\n<p dir=\"ltr\">COSTO: 50 \u20ac. Soci FIAF e\/o Soci Colibr\u00ec 40 \u20ac. Pranzo facoltativo 15 \u20ac<\/p>\n<p dir=\"ltr\">ISCRIZIONE: Mediante e-mail da inviare a GIANNI ROSSI \u00a0pneumored@virgilio.it<\/p>\n<p dir=\"ltr\">E&#8217; UN CORSO A NUMERO CHIUSO PER UN MASSIMO DI 35 POSTI<\/p>\n<p dir=\"ltr\">Chi non possiede il software lo potr\u00e0 scaricare dal seguente link: <a href=\"http:\/\/mobjects.andreella.it\/download.html\" target=\"_blank\" rel=\"noopener\">http:\/\/mobjects.andreella.it\/download.html<\/a>. L&#8217;installazione potr\u00e0 essere effettuata il mattino stesso per cui gli interessati dovranno venire con anticipo.<\/p>\n<p dir=\"ltr\">PROGRAMMA:<\/p>\n<p dir=\"ltr\">CONFIGURAZIONE<\/p>\n<p dir=\"ltr\">Inserire i Files nelle Cartelle del Progetto<\/p>\n<p>&nbsp;<\/p>\n<p dir=\"ltr\">IMMAGINI<\/p>\n<p dir=\"ltr\">Importare le foto sulle Piste Video<\/p>\n<p dir=\"ltr\">La Dissolvenza<\/p>\n<p dir=\"ltr\">Modificare la sequenza delle immagini<\/p>\n<p dir=\"ltr\">Aprire le immagini in un editor di fotoritocco<\/p>\n<p dir=\"ltr\">Inserimento di un titolo o di un testo<\/p>\n<p>&nbsp;<\/p>\n<p dir=\"ltr\">MUSICA<\/p>\n<p dir=\"ltr\">Importare la musica sulle Piste Audio<\/p>\n<p dir=\"ltr\">Mixaggio dei brani musicali<\/p>\n<p dir=\"ltr\">Elaborazione dei brani musicali<\/p>\n<p dir=\"ltr\">Sincronizzazione delle immagini con la colonna sonora<\/p>\n<p>&nbsp;<\/p>\n<p dir=\"ltr\">EFFETTI DINAMICI<\/p>\n<p dir=\"ltr\">Zoom, Area, Rotazione, Animazioni tridimensionali, Creare una macro<\/p>\n<p dir=\"ltr\">LE MODIFICHE DELL\u2019IMMAGINE E LE TRASPARENZE<\/p>\n<p dir=\"ltr\">Modificare le immagini<\/p>\n<p dir=\"ltr\">Creare trasparenze<\/p>\n<p dir=\"ltr\">I Canali Alpha e le maschere di trasparenza<\/p>\n<p dir=\"ltr\">Inserire un&#8217;ombra<\/p>\n<p dir=\"ltr\">Inserire una cornice<\/p>\n<p dir=\"ltr\">Inserire una sfocatura<\/p>\n<p>&nbsp;<\/p>\n<p dir=\"ltr\">INSERIMENTO DI FILES VIDEO<\/p>\n<p>&nbsp;<\/p>\n<p dir=\"ltr\">LO SCHERMO VIRTUALE<\/p>\n<p>&nbsp;<\/p>\n<p dir=\"ltr\">CREARE UNA PRESENTAZIONE MULTIMEDIALE<\/p>\n<p dir=\"ltr\">File Eseguibile e File Video. DVD<\/p>\n<p>&nbsp;<\/p>\n<p dir=\"ltr\">GESTIONE E SALVATAGGIO DEI DATI<\/p>\n<p dir=\"ltr\">I COMANDI DI CONTROLLO DI UN FILE *.EXE<\/p>\n\n    <div class=\"xs_social_share_widget xs_share_url after_content \t\tmain_content  wslu-style-1 wslu-share-box-shaped wslu-fill-colored wslu-none wslu-share-horizontal wslu-theme-font-no wslu-main_content\">\n\n\t\t\n        <ul>\n\t\t\t        <\/ul>\n    <\/div> \n","protected":false},"excerpt":{"rendered":"<p>FOTOCLUB COLIBR\u00cc BFI &#8211; MODENA COSTRUIRE UN AUDIOVISIVO MEDIANTE M.OBJECTS Relatore: GIANNI ROSSI Autore del MANUALE DI M.OBJECTS ora alla &hellip;<\/p>\n","protected":false},"author":64,"featured_media":1726,"comment_status":"closed","ping_status":"closed","sticky":false,"template":"","format":"standard","meta":{"_acf_changed":false,"footnotes":""},"categories":[2],"tags":[],"class_list":["post-1725","post","type-post","status-publish","format-standard","has-post-thumbnail","hentry","category-attivita-circoli"],"acf":[],"_links":{"self":[{"href":"https:\/\/fiaf.net\/emiliaromagna\/wp-json\/wp\/v2\/posts\/1725","targetHints":{"allow":["GET"]}}],"collection":[{"href":"https:\/\/fiaf.net\/emiliaromagna\/wp-json\/wp\/v2\/posts"}],"about":[{"href":"https:\/\/fiaf.net\/emiliaromagna\/wp-json\/wp\/v2\/types\/post"}],"author":[{"embeddable":true,"href":"https:\/\/fiaf.net\/emiliaromagna\/wp-json\/wp\/v2\/users\/64"}],"replies":[{"embeddable":true,"href":"https:\/\/fiaf.net\/emiliaromagna\/wp-json\/wp\/v2\/comments?post=1725"}],"version-history":[{"count":0,"href":"https:\/\/fiaf.net\/emiliaromagna\/wp-json\/wp\/v2\/posts\/1725\/revisions"}],"wp:featuredmedia":[{"embeddable":true,"href":"https:\/\/fiaf.net\/emiliaromagna\/wp-json\/wp\/v2\/media\/1726"}],"wp:attachment":[{"href":"https:\/\/fiaf.net\/emiliaromagna\/wp-json\/wp\/v2\/media?parent=1725"}],"wp:term":[{"taxonomy":"category","embeddable":true,"href":"https:\/\/fiaf.net\/emiliaromagna\/wp-json\/wp\/v2\/categories?post=1725"},{"taxonomy":"post_tag","embeddable":true,"href":"https:\/\/fiaf.net\/emiliaromagna\/wp-json\/wp\/v2\/tags?post=1725"}],"curies":[{"name":"wp","href":"https:\/\/api.w.org\/{rel}","templated":true}]}}