{"id":1942,"date":"2015-01-25T17:49:31","date_gmt":"2015-01-25T15:49:31","guid":{"rendered":"https:\/\/fiaf.net\/regioni\/emiliaromagna\/?p=1942"},"modified":"2015-01-25T17:49:31","modified_gmt":"2015-01-25T15:49:31","slug":"magico-2015","status":"publish","type":"post","link":"https:\/\/fiaf.net\/emiliaromagna\/magico-2015\/","title":{"rendered":"MAGICO 2015"},"content":{"rendered":"<p><a href=\"https:\/\/fiaf.net\/emiliaromagna\/wp-content\/uploads\/sites\/9\/2015\/01\/Magico-2015-Locandina-600.jpg\"><img loading=\"lazy\" decoding=\"async\" class=\"aligncenter size-full wp-image-1943\" alt=\"Magico 2015 - Locandina 600\" src=\"https:\/\/fiaf.net\/emiliaromagna\/wp-content\/uploads\/sites\/9\/2015\/01\/Magico-2015-Locandina-600.jpg\" width=\"600\" height=\"424\" srcset=\"https:\/\/fiaf.net\/emiliaromagna\/wp-content\/uploads\/sites\/9\/2015\/01\/Magico-2015-Locandina-600.jpg 600w, https:\/\/fiaf.net\/emiliaromagna\/wp-content\/uploads\/sites\/9\/2015\/01\/Magico-2015-Locandina-600-300x212.jpg 300w\" sizes=\"auto, (max-width: 600px) 100vw, 600px\" \/><\/a><\/p>\n<h2>OPERATOTALEDINAMICA<\/h2>\n<p>Ricostruzione futurista dell\u2019universo 11 marzo 1915 \/ 15 marzo 2015.<br \/>\nIl Magico 2015 vuole celebrare il manifesto che Balla e Depero pubblicarono esattamente 100 anni fa: \u201cNoi futuristi vogliamo realizzare questa fusione totale per ricostruire l\u2019universo rallegrandolo, cio\u00e8 ricreandolo integralmente. Daremo scheletro e carne all\u2019invisibile, all\u2019impalpabile, all\u2019imponderabile, all\u2019impercettibile. Troveremo degli equivalenti astratti di tutte le forme e di tutti gli elementi\u2026per formare dei complessi plastici che metteremo in moto.\u201d<br \/>\nOPERATOTALEDINAMICA \u00e8 cos\u00ec un omaggio al futurismo, movimento prettamente italiano, che intendeva innovare tutte le forme estetiche e di comunicazione, per rivoluzionare l\u2019idea stessa di modernit\u00e0 e di societ\u00e0; in sintesi un rinnovamento globale della realt\u00e0 circostante.<br \/>\nLo celebriamo ricreando le atmosfere di un periodo cos\u00ec denso di novit\u00e0, di invenzioni e di innovazioni tecnologiche che ispirarono, nella pi\u00f9 positiva accezione, una grande fiducia nel futuro e nelle sue possibilit\u00e0 e che ha gettato le basi anche della nostra modernit\u00e0. Cercheremo di esaltare quel senso di dinamismo che comprese tutte le arti e che sar\u00e0 stimolo a tutti i nostri attori per proporsi ai fotografi e al pubblico con uno sguardo impetuoso e penetrante. Per rivivere quel periodo attraverso colori accesi e forme astratte, corpi di donne scintillanti e uomini arditi, gesti decisi e rutilanti parole, onomatopee e rumoreggiare di macchine roboanti, che scandiranno il ritmo battente del Magico 2015 in forma di OPERATOTALEDINAMICA.<br \/>\nIl Magico 2015 prosegue cos\u00ec, con la mia regia e il fondamentale supporto di pi\u00f9 di un centinaio di interpreti, il percorso e la modalit\u00e0 intrapresi dallo scorso anno traendo ispirazione da un fondamentale movimento artistico e diffondendone i colori, i personaggi, le atmosfere, le dinamiche, i concetti e le sensazioni in stazioni per tutto il centro di San Felice sul Panaro.<\/p>\n<h3>Marco Rebecchi<\/h3>\n<p><i>Marco Rebecchi \u00e8 nato in provincia di Modena dove vive e lavora. Nel 1992 inizia la sua carriera di attore di prosa e cinema dopo essersi diplomato all\u2019Accademia d\u2019Arte Drammatica di Bologna. Dal 1998 al 2004 \u00e8 regista e direttore artistico del Teatro San Martino di Bologna producendo spettacoli, di cui \u00e8 anche interprete, di teatro contemporaneo con commistioni di danza, video e letteratura. Collabora dal 2000 con la compagnia Koin\u00e9 nell\u2019ideazione e realizzazione di formati comunicativi, dalle performance teatrali alle realizzazioni museali. Dal 2005 dirige la messa in scena e cura gli allestimenti di importanti eventi per la citt\u00e0 di Bologna con artisti e intellettuali di grande valore culturale a livello internazionale in differenti campi artistici. Dal 2014 \u00e8 regista del Magico di San Felice sul Panaro.<\/i><br \/>\nInfo <a href=\"http:\/\/www.fotoincontri.net\" target=\"_blank\" rel=\"noopener\">www.fotoincontri.net<\/a><\/p>\n\n    <div class=\"xs_social_share_widget xs_share_url after_content \t\tmain_content  wslu-style-1 wslu-share-box-shaped wslu-fill-colored wslu-none wslu-share-horizontal wslu-theme-font-no wslu-main_content\">\n\n\t\t\n        <ul>\n\t\t\t        <\/ul>\n    <\/div> \n","protected":false},"excerpt":{"rendered":"<p>OPERATOTALEDINAMICA Ricostruzione futurista dell\u2019universo 11 marzo 1915 \/ 15 marzo 2015. Il Magico 2015 vuole celebrare il manifesto che Balla &hellip;<\/p>\n","protected":false},"author":30,"featured_media":1944,"comment_status":"closed","ping_status":"closed","sticky":false,"template":"","format":"standard","meta":{"_acf_changed":false,"footnotes":""},"categories":[2,6,8],"tags":[],"class_list":["post-1942","post","type-post","status-publish","format-standard","has-post-thumbnail","hentry","category-attivita-circoli","category-generale","category-manifestazioni"],"acf":[],"_links":{"self":[{"href":"https:\/\/fiaf.net\/emiliaromagna\/wp-json\/wp\/v2\/posts\/1942","targetHints":{"allow":["GET"]}}],"collection":[{"href":"https:\/\/fiaf.net\/emiliaromagna\/wp-json\/wp\/v2\/posts"}],"about":[{"href":"https:\/\/fiaf.net\/emiliaromagna\/wp-json\/wp\/v2\/types\/post"}],"author":[{"embeddable":true,"href":"https:\/\/fiaf.net\/emiliaromagna\/wp-json\/wp\/v2\/users\/30"}],"replies":[{"embeddable":true,"href":"https:\/\/fiaf.net\/emiliaromagna\/wp-json\/wp\/v2\/comments?post=1942"}],"version-history":[{"count":0,"href":"https:\/\/fiaf.net\/emiliaromagna\/wp-json\/wp\/v2\/posts\/1942\/revisions"}],"wp:featuredmedia":[{"embeddable":true,"href":"https:\/\/fiaf.net\/emiliaromagna\/wp-json\/wp\/v2\/media\/1944"}],"wp:attachment":[{"href":"https:\/\/fiaf.net\/emiliaromagna\/wp-json\/wp\/v2\/media?parent=1942"}],"wp:term":[{"taxonomy":"category","embeddable":true,"href":"https:\/\/fiaf.net\/emiliaromagna\/wp-json\/wp\/v2\/categories?post=1942"},{"taxonomy":"post_tag","embeddable":true,"href":"https:\/\/fiaf.net\/emiliaromagna\/wp-json\/wp\/v2\/tags?post=1942"}],"curies":[{"name":"wp","href":"https:\/\/api.w.org\/{rel}","templated":true}]}}