{"id":2081,"date":"2015-04-17T13:51:32","date_gmt":"2015-04-17T11:51:32","guid":{"rendered":"https:\/\/fiaf.net\/regioni\/emiliaromagna\/?p=2081"},"modified":"2015-04-17T13:51:32","modified_gmt":"2015-04-17T11:51:32","slug":"50del-foto-club-il-guercino-mezzo-secolo-di-emozioni","status":"publish","type":"post","link":"https:\/\/fiaf.net\/emiliaromagna\/50del-foto-club-il-guercino-mezzo-secolo-di-emozioni\/","title":{"rendered":"50mo del Foto Club Il Guercino: mezzo secolo di emozioni"},"content":{"rendered":"<p><a href=\"https:\/\/fiaf.net\/emiliaromagna\/wp-content\/uploads\/sites\/9\/2015\/04\/ManifestoWEB.jpg\"><img loading=\"lazy\" decoding=\"async\" class=\"aligncenter size-full wp-image-2082\" alt=\"ManifestoWEB\" src=\"https:\/\/fiaf.net\/emiliaromagna\/wp-content\/uploads\/sites\/9\/2015\/04\/ManifestoWEB.jpg\" width=\"600\" height=\"800\" srcset=\"https:\/\/fiaf.net\/emiliaromagna\/wp-content\/uploads\/sites\/9\/2015\/04\/ManifestoWEB.jpg 600w, https:\/\/fiaf.net\/emiliaromagna\/wp-content\/uploads\/sites\/9\/2015\/04\/ManifestoWEB-225x300.jpg 225w\" sizes=\"auto, (max-width: 600px) 100vw, 600px\" \/><\/a><br \/>\nIl 2015 rappresenta per il Foto Club \u201cIl Guercino\u201d di Cento un traguardo importante della sua storia in quanto ricorre il 50\u00b0 compleanno. Mezzo secolo di \u00a0attivit\u00e0 e progetti\u00a0 che hanno permesso al Foto Club locale di crescere e divenire un punto di riferimento costante e sicuro per gli appassionati di questa forma artistica, ma anche una presenza sul territorio in grado di interagire e supportarne lo sviluppo sociale, culturale e turistico.<br \/>\nIn questi anni il Circolo ha contribuito a portare Cento alla ribalta nazionale nel settore fotografico con un evidente ritorno economico e di immagine per tutta la comunit\u00e0.<br \/>\n\u201c<i>Mi sento profondamente onorata<\/i>\u201d riferisce Nicoletta Vitali attuale Presidente,\u201d <i>di rappresentare un Foto Club <\/i><i>che vanta 50 anni di storia illustre e che, a tutt&#8217;oggi, gode di grande stima a livello locale e nazionale. P<\/i><i>orgo un ringraziamento a tutti i Soci del Foto Club \u201cIl Guercino\u201d che, dal 1965 ad oggi, con energia ed entusiasmo, hanno apportato linfa e creativit\u00e0, trasmettendoci emozioni e voglia di crescere<\/i>. <i>Un ringraziamento particolare<\/i>, \u201cprosegue Nicoletta,\u201d <i>all\u2019amico Ivano Cevolani, cofondatore del Foto Club e tuttora Socio, perch\u00e9, in questi 50 anni, ha espresso e sostenuto il vero scopo di un circolo, ovvero la condivisione, il divertimento e la crescita personale di tutti coloro che si avvicinano e partecipano alla vita del gruppo<\/i>.\u201d<br \/>\nIl Comitato Direttivo del Foto Club unitamente ai Soci, hanno organizzato un ricco ed interessante calendario di eventi per festeggiare degnamente i \u201c<i>suoi primi 50 anni<\/i>\u201d con incontri, conferenze, workshop\u00a0 e momenti\u00a0 di grande interesse e confronto rivolti sia a chi desidera avvicinarsi, per la prima volta, alla fotografia, sia ai professionisti, dilettanti,\u00a0 giornalisti,\u00a0 studiosi, o semplicemente, anche ai curiosi e \u201cfotografi per caso\u201d.<br \/>\nTanti appuntamenti interessanti con ospiti di grande rilievo coinvolgeranno quindi la nostra Citt\u00e0 per emozionarci con la forza delle immagini e della luce.<\/p>\n<p align=\"center\">CALENDARIO EVENTI<\/p>\n<p>WORKSHOP con Alberto Ghizzi Panizza<br \/>\nSala della Partecipanza Agraria- 18\/ 19 aprile 2015 \u2013 ore 14.00<br \/>\nUn affascinante\u00a0workshop\u00a0dedicato alla\u00a0macrofotografia.<br \/>\nLa durata \u00e8 di due giornate. Il pomeriggio della prima giornata sar\u00e0 svolto in aula per apprendere le nozioni della macrofotografia e il mattino seguente ci si metter\u00e0 alla prova sul campo per mettere in pratica gli insegnamenti, la sera si guarder\u00e0 il lavoro effettuato con approfondimenti e consigli.<br \/>\nINFO E PRENOTAZIONI SU\u00a0<a href=\"http:\/\/fotoclubguercino.us3.list-manage.com\/track\/click?u=121846679152bad0bea30571a&amp;id=c4deae2c21&amp;e=767d8db3cf\" target=\"_blank\" rel=\"noopener\">www.fotoclubguercino.it<\/a><br \/>\nUNO SGUARDO SUL MONDO<br \/>\nCastello della Rocca tutti i gioved\u00ec di maggio \u2013 ore 21.00<br \/>\nSerate di\u00a0proiezioni di audiovisivi\u00a0con INGRESSO GRATUITO<br \/>\ngioved\u00ec 7\u00a0 maggio\u00a0\u00a0Fabio Ferioli: &#8220;Fotografie sopra e sotto il mare&#8221;<br \/>\ngioved\u00ec 14 maggio\u00a0Milko Marchetti: &#8220;Emozioni Naturali&#8221;<br \/>\ngioved\u00ec 21 maggio\u00a0Jago Corazza: &#8220;Isole sconosciute dell\u2019Oceano Pacifico&#8221;<br \/>\ngioved\u00ec 28 maggio\u00a0Fotoclub Guercino: &#8220;Collettiva<br \/>\nINAUGURAZIONE\u00a0 VENERDI\u2019 8 MAGGIO<br \/>\nCastello della Rocca venerdi 8 maggio 2015 \u2013 ore 18.00 e ore 21.30<br \/>\nore 18.00\u00a0Inaugurazione mostre:<\/p>\n<ul>\n<li>\u201cOpere in corso\u201d\u00a0di\u00a0CESARE COLOMBO\u00a0con presentazione a cura di\u00a0Silvano Bicocchi<\/li>\n<li>MASSSIMO BASSANO<\/li>\n<li>i soci storici\u00a0BRUNO VIDONI, CORINTO LANZONI, IVANO CEVOLANI<\/li>\n<li>STEFANO LIBONI, e\u00a0collettiva SOCI FOTOCLUB IL GUERCINO.<\/li>\n<\/ul>\n<p>Ore 21.15 &#8211;\u00a0Presentazione del libro:\u00a0\u201cLa camera del tempo\u201d\u00a0di\u00a0Cesare Colombo<br \/>\nFACE TO FACE<br \/>\nIscrizione\u00a0 gratuita , partecipazione libera.<br \/>\nCastello della Rocca\u00a0 sabato 9 maggio 2015 \u2013 ore\u00a0 9.00-12.30\/ 15.00\/17.30<br \/>\nLettura portfolio\u00a0promossa dal Dipartimento Cultura\u00a0FIAF, di lettura pubblica di portfolio fotografico a tema libero. L\u2019attivit\u00e0 \u00e8 condotta da\u00a0Cristina Paglionico\u00a0(Vicepresidente FIAF)\u00a0 e\u00a0\u00a0Silvano Bicocchi\u00a0(Direttore del Dipartimento Cultura FIAF). Ogni autore avr\u00e0 a disposizione il tempo massimo di 20 minuti e potr\u00e0 presentare al massimo 2 portfolio. Ogni portfolio potr\u00e0 essere composto indicativamente al massimo di 20 immagini.<br \/>\nl portfolio durante\u00a0 le letture verranno esposti su apposito supporto, per assicurare la comoda visibilit\u00e0 anche del pubblico. Al termine di ogni lettura sar\u00e0 assegnato da ognuno dei due lettori un voto (da 1 a 5)\u00a0 ad ogni opera; in questo modo verr\u00e0 creata la classifica finale dei portfolio partecipanti. In base al punteggio ricevuto verranno eletti i 3 portfolio vincitori; in caso di pari punteggio i premi verranno assegnati con sorteggio pubblico immediatamente al termine dell\u2019attivit\u00e0.<br \/>\nLa prenotazione dovr\u00e0 essere effettuata online tramite il sito\u00a0<a href=\"http:\/\/www.fotoclubguercino.it\/\" target=\"_blank\" rel=\"noopener\">www.fotoclubguercino.it<\/a>\u00a0.<br \/>\nI\u00a0premi\u00a0sono i seguenti:\u00a01\u00b0 classificato 200,00 \u20ac, 2\u00b0 classificato 150,00 \u20ac, 3\u00b0 classificato 100,00 \u20ac\u00a0erogati a titolo di rimborso spese. La premiazione si terr\u00e0 entro le ore 18.00.<br \/>\nINFO E PRENOTAZIONI SU\u00a0<a href=\"http:\/\/fotoclubguercino.us3.list-manage2.com\/track\/click?u=121846679152bad0bea30571a&amp;id=9e8049da6c&amp;e=767d8db3cf\" target=\"_blank\" rel=\"noopener\">www.fotoclubguercino.it<\/a><br \/>\nSEMINARIO con ORIETTA BAY<br \/>\nCastello della Rocca\u00a0 domenica 10 maggio 2015 \u2013 ore 10.30<br \/>\n&#8220;L\u2019intensit\u00e0 narrativa \u2013 La visione femminile in fotografia&#8221;<br \/>\nFondatrice dell\u2019associazione Carpe Diem, iscritta al gruppo Agor\u00e0 di Cult.<br \/>\n&nbsp;<br \/>\nMODEL SHARING GRATUITO<br \/>\nCastello della Rocca\u00a0 domenica 10 maggio 2015 \u2013 ore 15.00<br \/>\nDue modelle a disposizione\u00a0per scatti suggestivi all\u2019interno del Castello della Rocca e sulle auto d\u2019epoca e Ferrari nel piazzale antistante.<br \/>\nRADUNO AUTO D\u2019EPOCA E FERRARI<br \/>\nPiazzale della Rocca\u00a0 domenica 10 maggio 2015 \u2013 ore 15.00<br \/>\nA cura della\u00a0Scuderia Ferrari Club Cento.<br \/>\nSEMINARIO di FULVIO BUGANI<br \/>\nCastello della Rocca\u00a0 domenica 10 maggio 2015 \u2013 ore 17.<br \/>\nVincitore\u00a0\u00a03\u00b0 Premio singole\u00a0 contemporary issue del\u00a0&#8220;World Press Photo 2015&#8221;<br \/>\n&nbsp;<br \/>\nPROFESSIONE FOTOREPORTER (a cura dell\u2019AIRF)<br \/>\nCastello della Rocca sabato 16 maggio 2015 \u2013 ore 11.00<br \/>\nCon\u00a0Pasquale Spinelli\u00a0e\u00a0Roberto Piccinini\u00a0dell\u2019AIRF (Associazione Italiana Reporters Fotografi) su:\u00a0&#8220;Professione fotoreporter tra privacy, copyright e internet&#8221;<br \/>\n&nbsp;<br \/>\nFOTOGRAFO PER UN GIORNO<br \/>\nCastello della Rocca &#8211; sabato 16 maggio &#8211; ore 15.00<br \/>\nCorso base\u00a0per futuri fotografi: ragazzi\u00a0dai 7 ai 14 anni. Prime nozioni.<br \/>\n&nbsp;<br \/>\nFOTOGRAFIA\u00a0 E COMUNICAZIONE<br \/>\nCastello della Rocca\u00a0 sabato 16 maggio 2015 \u2013 ore 17.30<br \/>\nConferenza tenuta dal prof.\u00a0Vittorio Riguzzi\u00a0filosofo<br \/>\n&#8220;Soggetto\/oggetto: filosofia dello sguardo, tempo, memoria&#8221;<br \/>\nPHOTO LETTURA con CINZIA BUSI THOMPSON<br \/>\nCastello della Rocca\u00a0 domenica 17 maggio 2015 \u2013 ore 10.30<br \/>\nAprrezzata storico e critico d\u2019arte\u00a0 effettua la\u00a0lettura della foto singola\u00a0per un massimo di 20 immagini.<br \/>\nINFO E PRENOTAZIONI SU\u00a0<a href=\"http:\/\/fotoclubguercino.us3.list-manage2.com\/track\/click?u=121846679152bad0bea30571a&amp;id=e30e7f4bc1&amp;e=767d8db3cf\" target=\"_blank\" rel=\"noopener\">www.fotoclubguercino.it<\/a><br \/>\nFOTOGRAFO PER UN GIORNO<br \/>\nFondazione Zanandrea\u00a0 domenica 17 maggio 2015 \u2013 ore\u00a0 15.30<br \/>\nMini corso\u00a0dedicato ai\u00a0bambini dai 7 ai 14 anni. Uscita fotografica.<br \/>\n&nbsp;<br \/>\nCONFERENZA di MASSIMO BASSANO<br \/>\nCastello della Rocca domenica 17 maggio 2015 \u2013 ore 17.30<br \/>\nHa pubblicato i suoi lavori nel\u00a0National Geographic Traveler\u00a0e sul sito web del National Geographic , oltre che in numerose pubblicazioni europee . Insegna regolarmente workshop di fotografia National Geographic in Toscana e a Venezia.<br \/>\n&nbsp;<br \/>\nSEMINARIO con NINO MIGLIORI<br \/>\nCastello della Rocca\u00a0 sabato 6 giugno 2015 \u2013 ore 17.30<br \/>\nSeminario sulla fotografia accompagnato da immagini dell\u2019autore.<br \/>\nNino Migliori\u00a0rappresenta uno dei principali fotografi italiani del secondo dopoguerra, con delle capacit\u00e0 artistiche e fotografiche fuori dal comune.<br \/>\n&nbsp;<br \/>\nCONFERENZA e PROIEZIONI di LUCIANO BITELLI<br \/>\nCastello della Rocca\u00a0 domenica 7 giugno 2015 \u2013 ore 17.30<br \/>\nSpecializzato in fotografia naturalistica e antropologica. Dal \u201850 ad oggi ha realizzato numerosi progetti fotografici<br \/>\nprincipalmente in America Latina e in Italia, ha al suo attivo diverse Mostre, proiezioni di audiovisivi e libri.<br \/>\n&nbsp;<br \/>\nMOSTRE\u00a0 FOTOGRAFICHE<br \/>\nCastello della Rocca dall\u2019 8 maggio al 7 giugno 2015<\/p>\n<ul>\n<li>CESARE COLOMBO<\/li>\n<li>BRUNO VIDONI<\/li>\n<li>MASSIMO BASSANO<\/li>\n<li>CORINTO LANZONI<\/li>\n<li>IVANO CEVOLANI<\/li>\n<li>STEFANO LIBONI<\/li>\n<li>SOCI FOTO CLUB GUERCINO<\/li>\n<\/ul>\n<p>Orario Mostre<br \/>\nGioved\u00ec\/venerd\u00ec Ore 17.00-19.30\u00a0\u00a0\u00a0\u00a0\u00a0 &#8211;\u00a0\u00a0\u00a0 sabato\/domenica 10,00-13.00\/16.30-19.30<br \/>\n&nbsp;<\/p>\n\n    <div class=\"xs_social_share_widget xs_share_url after_content \t\tmain_content  wslu-style-1 wslu-share-box-shaped wslu-fill-colored wslu-none wslu-share-horizontal wslu-theme-font-no wslu-main_content\">\n\n\t\t\n        <ul>\n\t\t\t        <\/ul>\n    <\/div> \n","protected":false},"excerpt":{"rendered":"<p>Il 2015 rappresenta per il Foto Club \u201cIl Guercino\u201d di Cento un traguardo importante della sua storia in quanto ricorre &hellip;<\/p>\n","protected":false},"author":30,"featured_media":2083,"comment_status":"closed","ping_status":"closed","sticky":false,"template":"","format":"standard","meta":{"_acf_changed":false,"footnotes":""},"categories":[2],"tags":[],"class_list":["post-2081","post","type-post","status-publish","format-standard","has-post-thumbnail","hentry","category-attivita-circoli"],"acf":[],"_links":{"self":[{"href":"https:\/\/fiaf.net\/emiliaromagna\/wp-json\/wp\/v2\/posts\/2081","targetHints":{"allow":["GET"]}}],"collection":[{"href":"https:\/\/fiaf.net\/emiliaromagna\/wp-json\/wp\/v2\/posts"}],"about":[{"href":"https:\/\/fiaf.net\/emiliaromagna\/wp-json\/wp\/v2\/types\/post"}],"author":[{"embeddable":true,"href":"https:\/\/fiaf.net\/emiliaromagna\/wp-json\/wp\/v2\/users\/30"}],"replies":[{"embeddable":true,"href":"https:\/\/fiaf.net\/emiliaromagna\/wp-json\/wp\/v2\/comments?post=2081"}],"version-history":[{"count":0,"href":"https:\/\/fiaf.net\/emiliaromagna\/wp-json\/wp\/v2\/posts\/2081\/revisions"}],"wp:featuredmedia":[{"embeddable":true,"href":"https:\/\/fiaf.net\/emiliaromagna\/wp-json\/wp\/v2\/media\/2083"}],"wp:attachment":[{"href":"https:\/\/fiaf.net\/emiliaromagna\/wp-json\/wp\/v2\/media?parent=2081"}],"wp:term":[{"taxonomy":"category","embeddable":true,"href":"https:\/\/fiaf.net\/emiliaromagna\/wp-json\/wp\/v2\/categories?post=2081"},{"taxonomy":"post_tag","embeddable":true,"href":"https:\/\/fiaf.net\/emiliaromagna\/wp-json\/wp\/v2\/tags?post=2081"}],"curies":[{"name":"wp","href":"https:\/\/api.w.org\/{rel}","templated":true}]}}