{"id":2482,"date":"2015-09-14T13:28:22","date_gmt":"2015-09-14T11:28:22","guid":{"rendered":"https:\/\/fiaf.net\/regioni\/emiliaromagna\/?p=2482"},"modified":"2015-09-14T13:28:22","modified_gmt":"2015-09-14T11:28:22","slug":"cristina-zapparoli-sudafrica-oggi","status":"publish","type":"post","link":"https:\/\/fiaf.net\/emiliaromagna\/cristina-zapparoli-sudafrica-oggi\/","title":{"rendered":"Cristina Zapparoli &#8211; Sudafrica Oggi"},"content":{"rendered":"<p><a href=\"https:\/\/fiaf.net\/emiliaromagna\/wp-content\/uploads\/sites\/9\/2015\/09\/Mostra-Cristina-Zapparoli-rid.jpg\"><img loading=\"lazy\" decoding=\"async\" class=\"aligncenter size-full wp-image-2484\" alt=\"Mostra Cristina Zapparoli rid\" src=\"https:\/\/fiaf.net\/emiliaromagna\/wp-content\/uploads\/sites\/9\/2015\/09\/Mostra-Cristina-Zapparoli-rid.jpg\" width=\"600\" height=\"900\" srcset=\"https:\/\/fiaf.net\/emiliaromagna\/wp-content\/uploads\/sites\/9\/2015\/09\/Mostra-Cristina-Zapparoli-rid.jpg 600w, https:\/\/fiaf.net\/emiliaromagna\/wp-content\/uploads\/sites\/9\/2015\/09\/Mostra-Cristina-Zapparoli-rid-200x300.jpg 200w\" sizes=\"auto, (max-width: 600px) 100vw, 600px\" \/><\/a><br \/>\nIl Sudafrica \u00e8 una nazione che ha affrontato la discriminazione razziale, l&#8217;apartheid.<br \/>\nAnni in cui i diritti della popolazione nera e meticcia furono aboliti.<br \/>\nNelson Mandela, dopo anni di lotta e prigionia \u00e8 riuscito a portare il paese ad una nuova democrazia dove non esiste pi\u00f9 il razzismo.<br \/>\nE&#8217; una societ\u00e0 che sta crescendo dove la classe operaia sta svolgendo un ruolo importante nel paese, poich\u00e9 rappresenta il ceto che sta letteralmente ricostruendo il paese.<br \/>\nHo visitato il paese nel marzo del 2013, prima della morte di Nelson Mandela quando ancora si temeva il peggio per la sua scomparsa (5 dicembre 2013),<br \/>\nma fortunatamente le basi che il Presidente Mandela, MADIBA, ha gettato per il nuovo Sudafrica sono forti e il paese cresce rispettando i diritti di ogni cittadino.<br \/>\nLe immagini mostrano una realt\u00e0 in divenire che ancora soffre per un passato recente, e che solo gradualmente e con la volont\u00e0 sar\u00e0 davvero in grado azzerare i conflitti ancora presenti.<br \/>\nCristina Zapparoli<\/p>\n\n    <div class=\"xs_social_share_widget xs_share_url after_content \t\tmain_content  wslu-style-1 wslu-share-box-shaped wslu-fill-colored wslu-none wslu-share-horizontal wslu-theme-font-no wslu-main_content\">\n\n\t\t\n        <ul>\n\t\t\t        <\/ul>\n    <\/div> \n","protected":false},"excerpt":{"rendered":"<p>Il Sudafrica \u00e8 una nazione che ha affrontato la discriminazione razziale, l&#8217;apartheid. Anni in cui i diritti della popolazione nera &hellip;<\/p>\n","protected":false},"author":30,"featured_media":2483,"comment_status":"closed","ping_status":"closed","sticky":false,"template":"","format":"standard","meta":{"_acf_changed":false,"footnotes":""},"categories":[9],"tags":[],"class_list":["post-2482","post","type-post","status-publish","format-standard","has-post-thumbnail","hentry","category-mostre"],"acf":[],"_links":{"self":[{"href":"https:\/\/fiaf.net\/emiliaromagna\/wp-json\/wp\/v2\/posts\/2482","targetHints":{"allow":["GET"]}}],"collection":[{"href":"https:\/\/fiaf.net\/emiliaromagna\/wp-json\/wp\/v2\/posts"}],"about":[{"href":"https:\/\/fiaf.net\/emiliaromagna\/wp-json\/wp\/v2\/types\/post"}],"author":[{"embeddable":true,"href":"https:\/\/fiaf.net\/emiliaromagna\/wp-json\/wp\/v2\/users\/30"}],"replies":[{"embeddable":true,"href":"https:\/\/fiaf.net\/emiliaromagna\/wp-json\/wp\/v2\/comments?post=2482"}],"version-history":[{"count":0,"href":"https:\/\/fiaf.net\/emiliaromagna\/wp-json\/wp\/v2\/posts\/2482\/revisions"}],"wp:featuredmedia":[{"embeddable":true,"href":"https:\/\/fiaf.net\/emiliaromagna\/wp-json\/wp\/v2\/media\/2483"}],"wp:attachment":[{"href":"https:\/\/fiaf.net\/emiliaromagna\/wp-json\/wp\/v2\/media?parent=2482"}],"wp:term":[{"taxonomy":"category","embeddable":true,"href":"https:\/\/fiaf.net\/emiliaromagna\/wp-json\/wp\/v2\/categories?post=2482"},{"taxonomy":"post_tag","embeddable":true,"href":"https:\/\/fiaf.net\/emiliaromagna\/wp-json\/wp\/v2\/tags?post=2482"}],"curies":[{"name":"wp","href":"https:\/\/api.w.org\/{rel}","templated":true}]}}