{"id":2521,"date":"2015-10-03T22:05:36","date_gmt":"2015-10-03T20:05:36","guid":{"rendered":"https:\/\/fiaf.net\/regioni\/emiliaromagna\/?p=2521"},"modified":"2015-10-03T22:05:36","modified_gmt":"2015-10-03T20:05:36","slug":"parma-svelata","status":"publish","type":"post","link":"https:\/\/fiaf.net\/emiliaromagna\/parma-svelata\/","title":{"rendered":"Parma Svelata"},"content":{"rendered":"<div><img loading=\"lazy\" decoding=\"async\" class=\"size-full wp-image-2522 aligncenter\" alt=\"Locandina Parma Svelata\" src=\"https:\/\/fiaf.net\/emiliaromagna\/wp-content\/uploads\/sites\/9\/2015\/10\/Locandina-Parma-Svelata.jpg\" width=\"600\" height=\"842\" srcset=\"https:\/\/fiaf.net\/emiliaromagna\/wp-content\/uploads\/sites\/9\/2015\/10\/Locandina-Parma-Svelata.jpg 600w, https:\/\/fiaf.net\/emiliaromagna\/wp-content\/uploads\/sites\/9\/2015\/10\/Locandina-Parma-Svelata-214x300.jpg 214w\" sizes=\"auto, (max-width: 600px) 100vw, 600px\" \/><\/div>\n<div><\/div>\n<div>PARMA SVELATA<\/div>\n<div>Circolo Fotografico \u201cIl Grandangolo\u201d<\/div>\n<div>&#8211; Parma &#8211;<\/div>\n<div><\/div>\n<div>Mostra collettiva a cura di Liana Pellacini con la collaborazione di Andrea Dall&#8217;Aglio<br \/>\nManifestazione con Riconoscimento FIAF H26\/2015<\/div>\n<div><\/div>\n<div>Luogo: Galleria S. Andrea, Via Cavestro, 6 &#8211; Parma<\/div>\n<div><\/div>\n<div>Periodo: dal 17 al 29 ottobre 2015<\/div>\n<div><\/div>\n<div>Orari: 10-12 e 16-19 da marted\u00ec a sabato, 16-19 domenica, chiuso il luned\u00ec<\/div>\n<div>Ingresso gratuito<\/div>\n<div>Inaugurazione: Sabato 17 ottobre ore 17<\/div>\n<div>Foto di:<\/div>\n<div>Paolo Chiapparini, Claudio Coruzzi, Marco Fallini, Giuseppe Macheda, Massimiliano Marradi, Maurizio Mercuri, Silvia Mori, Giuliano Paverani, Chiara Piccinini, Leopoldi Sarli, Licia Usai, Bruno Villani, Rosario Volpe<\/div>\n<div><\/div>\n<div>La Fotografia non riproduce macchinalmente il reale, ma cattura un\u2019immagine per restituirla intrisa del significato che solo l&#8217;occhio del fotografo sa dargli o fargli interpretare.<\/div>\n<div>Il titolo \u00e8 gi\u00e0 un invito alla scoperta della citt\u00e0 e dei suoi abitanti. In questa rassegna si vuole mettere in primo piano luoghi, persone, vita e attivit\u00e0 lavorative non sempre evidenti e conosciuti, che rimangono spesso nell\u2019ombra e destinati a rimanere sconosciuti. Svelare significa, per\u00f2, anche palesare e mettere in evidenza situazioni apparentemente banali e note ai pi\u00f9, ma fissate nell&#8217;attimo fotografico in modo insolito sia dal punto di vista della composizione che del linguaggio. Rimane comunque importante lo \u201csvelare\u201d, il sorprendere il visitatore con qualcosa che rimane appena fuori della propria area di consapevolezza.<\/div>\n<div>Il titolo \u00e8 gi\u00e0 un invito alla scoperta della citt\u00e0 e dei suoi abitanti. In questa rassegna si vuole mettere in primo piano luoghi, persone, vita e attivit\u00e0 lavorative non sempre evidenti e conosciuti, che rimangono spesso nell\u2019ombra e destinati a rimanere sconosciuti. Svelare significa, per\u00f2, anche palesare e mettere in evidenza situazioni apparentemente banali e note ai pi\u00f9, ma fissate nell&#8217;attimo fotografico in modo insolito sia dal punto di vista della composizione che del linguaggio. Rimane comunque importante lo \u201csvelare\u201d, il sorprendere il visitatore con qualcosa che rimane appena fuori della propria area di consapevolezza.<\/div>\n<div><\/div>\n<div><\/div>\n\n    <div class=\"xs_social_share_widget xs_share_url after_content \t\tmain_content  wslu-style-1 wslu-share-box-shaped wslu-fill-colored wslu-none wslu-share-horizontal wslu-theme-font-no wslu-main_content\">\n\n\t\t\n        <ul>\n\t\t\t        <\/ul>\n    <\/div> \n","protected":false},"excerpt":{"rendered":"<p>PARMA SVELATA Circolo Fotografico \u201cIl Grandangolo\u201d &#8211; Parma &#8211; Mostra collettiva a cura di Liana Pellacini con la collaborazione di &hellip;<\/p>\n","protected":false},"author":3,"featured_media":2544,"comment_status":"closed","ping_status":"closed","sticky":false,"template":"","format":"standard","meta":{"_acf_changed":false,"footnotes":""},"categories":[9],"tags":[],"class_list":["post-2521","post","type-post","status-publish","format-standard","has-post-thumbnail","hentry","category-mostre"],"acf":[],"_links":{"self":[{"href":"https:\/\/fiaf.net\/emiliaromagna\/wp-json\/wp\/v2\/posts\/2521","targetHints":{"allow":["GET"]}}],"collection":[{"href":"https:\/\/fiaf.net\/emiliaromagna\/wp-json\/wp\/v2\/posts"}],"about":[{"href":"https:\/\/fiaf.net\/emiliaromagna\/wp-json\/wp\/v2\/types\/post"}],"author":[{"embeddable":true,"href":"https:\/\/fiaf.net\/emiliaromagna\/wp-json\/wp\/v2\/users\/3"}],"replies":[{"embeddable":true,"href":"https:\/\/fiaf.net\/emiliaromagna\/wp-json\/wp\/v2\/comments?post=2521"}],"version-history":[{"count":0,"href":"https:\/\/fiaf.net\/emiliaromagna\/wp-json\/wp\/v2\/posts\/2521\/revisions"}],"wp:featuredmedia":[{"embeddable":true,"href":"https:\/\/fiaf.net\/emiliaromagna\/wp-json\/wp\/v2\/media\/2544"}],"wp:attachment":[{"href":"https:\/\/fiaf.net\/emiliaromagna\/wp-json\/wp\/v2\/media?parent=2521"}],"wp:term":[{"taxonomy":"category","embeddable":true,"href":"https:\/\/fiaf.net\/emiliaromagna\/wp-json\/wp\/v2\/categories?post=2521"},{"taxonomy":"post_tag","embeddable":true,"href":"https:\/\/fiaf.net\/emiliaromagna\/wp-json\/wp\/v2\/tags?post=2521"}],"curies":[{"name":"wp","href":"https:\/\/api.w.org\/{rel}","templated":true}]}}