{"id":2783,"date":"2016-04-01T15:34:16","date_gmt":"2016-04-01T13:34:16","guid":{"rendered":"https:\/\/fiaf.net\/regioni\/emiliaromagna\/?p=2783"},"modified":"2016-04-01T15:34:16","modified_gmt":"2016-04-01T13:34:16","slug":"ci-facciamo-in-4-parma","status":"publish","type":"post","link":"https:\/\/fiaf.net\/emiliaromagna\/ci-facciamo-in-4-parma\/","title":{"rendered":"Ci facciamo in 4 \/Parma"},"content":{"rendered":"<p>&nbsp;<\/p>\n<p style=\"text-align: center\"><img loading=\"lazy\" decoding=\"async\" class=\"size-full wp-image-2784 aligncenter\" alt=\"ci facciamo in quattro francesca bocchia\" src=\"https:\/\/fiaf.net\/emiliaromagna\/wp-content\/uploads\/sites\/9\/2016\/04\/ci-facciamo-in-quattro-francesca-bocchia.jpg\" width=\"486\" height=\"687\" srcset=\"https:\/\/fiaf.net\/emiliaromagna\/wp-content\/uploads\/sites\/9\/2016\/04\/ci-facciamo-in-quattro-francesca-bocchia.jpg 486w, https:\/\/fiaf.net\/emiliaromagna\/wp-content\/uploads\/sites\/9\/2016\/04\/ci-facciamo-in-quattro-francesca-bocchia-212x300.jpg 212w\" sizes=\"auto, (max-width: 486px) 100vw, 486px\" \/><\/p>\n<p>CI FACCIAMO IN 4 <\/p>\n<p>C\u2019\u00e8 chi, ogni giorno, promuove lo sport tra le persone, giovani e adulti, con disabilit\u00e0 intellettiva; chi, invece, diffonde gioia, sorriso e valori positivi attraverso la clownterapia; ma c\u2019\u00e8 anche chi sostiene l\u2019attivit\u00e0 ospedaliera del Reparto di Ematologia dell\u2019arcispedale Santa Maria Nuova di Reggio Emilia, finanziando progetti di ricerca e assistenza per pazienti affetti da malattie oncoematologiche e ci sono, infine, uomini e donne che hanno preso due decisioni importanti: fare volontariato e &#8211; soprattutto &#8211; farlo in prima linea, con generosit\u00e0 e coraggio, cercando di migliorare la citt\u00e0, rendendola, nel contempo, pi\u00f9 solidale e sicura. Sono le \u00abstelle polari\u00bb perseguite dai quattro sodalizi Asd San Severina onlus, Vip Parma onlus, Grade onlus con Serena Ballerini make up artist (gruppo amici dell\u2019Ematologia) e dei City Angels Parma che saranno i \u00abprotagonisti\u00bb del progetto fotografico denominato \u00abCi facciamo in 4\u00bb nato dalla voglia della fotografa parmigiana Francesca Bocchia di portare a conoscere il mondo del volontariato e per sensibilizzare il pubblico su questa tematica sempre di stretta attualit\u00e0. \u00abHo deciso per questo di seguire queste quattro associazioni &#8211; spiega Francesca Bocchia &#8211; e di intitolare la mostra con questo modo di dire spesso usato quando si vuole intendere \u201caver fatto davvero tanto\u201d durante le loro attivit\u00e0, molto diverse tra loro ma con l\u2019obbiettivo comune di portare aiuto e sostegno a chi si trova in difficolt\u00e0 per i motivi pi\u00f9 svariati. Persone che decidono di sottrarre tempo libero alle famiglie piuttosto che agli interessi personali per condividere l\u2019aiuto e per portare un po\u2019 di sollievo, per ritrovare un po\u2019 di allegria e spensieratezza. Il mio focus &#8211; specifica la fotografa ducale &#8211; \u00e8 volto a delineare le attivit\u00e0 dei volontari figure insostituibili in queste associazioni. Associazioni che si compongono di ragazzi giovanissimi e meno giovani, uomini, donne, pensionati o lavoratori, perch\u00e9 il volontariato \u00e8 un valore che si porta dentro. In questo percorso ho raccolto i loro valori, l\u2019orgoglio di far parte delle loro associazioni, la stima reciproca, l\u2019aiuto reciproco. Questo progetto si \u00e8 rivelato &#8211; rivela Francesca &#8211; un\u2019esperienza che mi ha arricchito moralmente, che mi ha ogni volta coinvolto in modo diverso, permettendomi di conoscere persone davvero grandi e auspico con questo mio impegno di aver reso a loro in minima parte ci\u00f2 che loro fanno per tanti\u00bb.<br \/>\nLa mostra personale \u00abCi facciamo in 4\u00bb di Francesca Bocchia verr\u00e0 inaugurata sabato 9 aprile, dalle 17:00, circuito OFF mostre PARMA 360 , al bar Marvisi food &amp; bakery di Via Dante n.4 a Parma.<br \/>\nSar\u00e0 visibile negli orari di apertura del locale fino al prossimo 15 maggio.<\/p>\n\n    <div class=\"xs_social_share_widget xs_share_url after_content \t\tmain_content  wslu-style-1 wslu-share-box-shaped wslu-fill-colored wslu-none wslu-share-horizontal wslu-theme-font-no wslu-main_content\">\n\n\t\t\n        <ul>\n\t\t\t        <\/ul>\n    <\/div> \n","protected":false},"excerpt":{"rendered":"<p>&nbsp; CI FACCIAMO IN 4 C\u2019\u00e8 chi, ogni giorno, promuove lo sport tra le persone, giovani e adulti, con disabilit\u00e0 &hellip;<\/p>\n","protected":false},"author":3,"featured_media":2784,"comment_status":"closed","ping_status":"closed","sticky":false,"template":"","format":"standard","meta":{"_acf_changed":false,"footnotes":""},"categories":[9],"tags":[],"class_list":["post-2783","post","type-post","status-publish","format-standard","has-post-thumbnail","hentry","category-mostre"],"acf":[],"_links":{"self":[{"href":"https:\/\/fiaf.net\/emiliaromagna\/wp-json\/wp\/v2\/posts\/2783","targetHints":{"allow":["GET"]}}],"collection":[{"href":"https:\/\/fiaf.net\/emiliaromagna\/wp-json\/wp\/v2\/posts"}],"about":[{"href":"https:\/\/fiaf.net\/emiliaromagna\/wp-json\/wp\/v2\/types\/post"}],"author":[{"embeddable":true,"href":"https:\/\/fiaf.net\/emiliaromagna\/wp-json\/wp\/v2\/users\/3"}],"replies":[{"embeddable":true,"href":"https:\/\/fiaf.net\/emiliaromagna\/wp-json\/wp\/v2\/comments?post=2783"}],"version-history":[{"count":0,"href":"https:\/\/fiaf.net\/emiliaromagna\/wp-json\/wp\/v2\/posts\/2783\/revisions"}],"wp:featuredmedia":[{"embeddable":true,"href":"https:\/\/fiaf.net\/emiliaromagna\/wp-json\/wp\/v2\/media\/2784"}],"wp:attachment":[{"href":"https:\/\/fiaf.net\/emiliaromagna\/wp-json\/wp\/v2\/media?parent=2783"}],"wp:term":[{"taxonomy":"category","embeddable":true,"href":"https:\/\/fiaf.net\/emiliaromagna\/wp-json\/wp\/v2\/categories?post=2783"},{"taxonomy":"post_tag","embeddable":true,"href":"https:\/\/fiaf.net\/emiliaromagna\/wp-json\/wp\/v2\/tags?post=2783"}],"curies":[{"name":"wp","href":"https:\/\/api.w.org\/{rel}","templated":true}]}}