{"id":2863,"date":"2016-06-14T12:15:52","date_gmt":"2016-06-14T10:15:52","guid":{"rendered":"https:\/\/fiaf.net\/regioni\/emiliaromagna\/?p=2863"},"modified":"2016-06-14T12:15:52","modified_gmt":"2016-06-14T10:15:52","slug":"proiezioni-estive-gruppo-fotografico-limmagine","status":"publish","type":"post","link":"https:\/\/fiaf.net\/emiliaromagna\/proiezioni-estive-gruppo-fotografico-limmagine\/","title":{"rendered":"Proiezioni Estive Gruppo Fotografico L&#039;IMMAGINE"},"content":{"rendered":"<p><a href=\"https:\/\/fiaf.net\/emiliaromagna\/wp-content\/uploads\/sites\/9\/2016\/06\/proiezioni-estive-volantino-per-fiaf-2016.jpg\"><img loading=\"lazy\" decoding=\"async\" class=\"size-medium wp-image-2865 aligncenter\" alt=\"proiezioni estive volantino per fiaf 2016\" src=\"https:\/\/fiaf.net\/emiliaromagna\/wp-content\/uploads\/sites\/9\/2016\/06\/proiezioni-estive-volantino-per-fiaf-2016-200x300.jpg\" width=\"400\" height=\"600\" srcset=\"https:\/\/fiaf.net\/emiliaromagna\/wp-content\/uploads\/sites\/9\/2016\/06\/proiezioni-estive-volantino-per-fiaf-2016-200x300.jpg 200w, https:\/\/fiaf.net\/emiliaromagna\/wp-content\/uploads\/sites\/9\/2016\/06\/proiezioni-estive-volantino-per-fiaf-2016.jpg 600w\" sizes=\"auto, (max-width: 400px) 100vw, 400px\" \/><\/a><br \/>\n&nbsp;<br \/>\nIl Gruppo Fotografico L\u2019Immagine e lieto di invitarvi al consueto appuntamento estivo di proiezioni in dissolvenza che si terr\u00e0 presso il parco John Lennon\u00a0 in via Enrico Fermi a\u00a0 Castelnuovo Rangone MO<br \/>\nPer tutti i quattro luned\u00ec di Luglio potremo vedere le immagini che ci proporranno i quattro autori presenti nelle serate e ci sar\u00e0 la possibilit\u00e0 \u00a0al termine delle proiezioni di fare domande riguardanti i temi proposti<br \/>\n<strong>Luned\u00ec 4 Luglio\u00a0\u00a0 \u00a0: Proiezioni di \u00a0Roberto Pattarin e Marco Pierli<\/strong><br \/>\n<strong>Luned\u00ec 11 Luglio \u00a0: Proiezioni dei soci del Gruppo fotografico L\u2019Immagine<\/strong><br \/>\n<strong>Luned\u00ec 18 Luglio\u00a0 : Proiezioni di\u00a0 Anita Bonfiglioli<\/strong><br \/>\n<strong>Luned\u00ec 25 Luglio\u00a0 : Proiezioni di Valentina Bergamini<\/strong><br \/>\n<strong>Inizio ore 21,30<\/strong><br \/>\nVi aspettiamo e ricordiamo che l\u2019ingresso \u00e8 gratuito<br \/>\nIn caso di maltempo le proiezioni si svolgeranno presso la \u201cSala delle mura\u201d in via Conciliazione 1 sempre a Castelnuovo Rangone<\/p>\n\n    <div class=\"xs_social_share_widget xs_share_url after_content \t\tmain_content  wslu-style-1 wslu-share-box-shaped wslu-fill-colored wslu-none wslu-share-horizontal wslu-theme-font-no wslu-main_content\">\n\n\t\t\n        <ul>\n\t\t\t        <\/ul>\n    <\/div> \n","protected":false},"excerpt":{"rendered":"<p>&nbsp; Il Gruppo Fotografico L\u2019Immagine e lieto di invitarvi al consueto appuntamento estivo di proiezioni in dissolvenza che si terr\u00e0 &hellip;<\/p>\n","protected":false},"author":29,"featured_media":2864,"comment_status":"closed","ping_status":"closed","sticky":false,"template":"","format":"standard","meta":{"_acf_changed":false,"footnotes":""},"categories":[2,8],"tags":[],"class_list":["post-2863","post","type-post","status-publish","format-standard","has-post-thumbnail","hentry","category-attivita-circoli","category-manifestazioni"],"acf":[],"_links":{"self":[{"href":"https:\/\/fiaf.net\/emiliaromagna\/wp-json\/wp\/v2\/posts\/2863","targetHints":{"allow":["GET"]}}],"collection":[{"href":"https:\/\/fiaf.net\/emiliaromagna\/wp-json\/wp\/v2\/posts"}],"about":[{"href":"https:\/\/fiaf.net\/emiliaromagna\/wp-json\/wp\/v2\/types\/post"}],"author":[{"embeddable":true,"href":"https:\/\/fiaf.net\/emiliaromagna\/wp-json\/wp\/v2\/users\/29"}],"replies":[{"embeddable":true,"href":"https:\/\/fiaf.net\/emiliaromagna\/wp-json\/wp\/v2\/comments?post=2863"}],"version-history":[{"count":0,"href":"https:\/\/fiaf.net\/emiliaromagna\/wp-json\/wp\/v2\/posts\/2863\/revisions"}],"wp:featuredmedia":[{"embeddable":true,"href":"https:\/\/fiaf.net\/emiliaromagna\/wp-json\/wp\/v2\/media\/2864"}],"wp:attachment":[{"href":"https:\/\/fiaf.net\/emiliaromagna\/wp-json\/wp\/v2\/media?parent=2863"}],"wp:term":[{"taxonomy":"category","embeddable":true,"href":"https:\/\/fiaf.net\/emiliaromagna\/wp-json\/wp\/v2\/categories?post=2863"},{"taxonomy":"post_tag","embeddable":true,"href":"https:\/\/fiaf.net\/emiliaromagna\/wp-json\/wp\/v2\/tags?post=2863"}],"curies":[{"name":"wp","href":"https:\/\/api.w.org\/{rel}","templated":true}]}}