{"id":2868,"date":"2016-06-17T22:41:07","date_gmt":"2016-06-17T20:41:07","guid":{"rendered":"https:\/\/fiaf.net\/regioni\/emiliaromagna\/?p=2868"},"modified":"2016-06-17T22:41:07","modified_gmt":"2016-06-17T20:41:07","slug":"tra-la-terra-e-il-cielo-di-giorgio-andreoli","status":"publish","type":"post","link":"https:\/\/fiaf.net\/emiliaromagna\/tra-la-terra-e-il-cielo-di-giorgio-andreoli\/","title":{"rendered":"&quot;Tra la terra e il cielo\u201d di Giorgio Andreoli"},"content":{"rendered":"<p><a href=\"https:\/\/fiaf.net\/emiliaromagna\/wp-content\/uploads\/sites\/9\/2016\/06\/unnamed.jpg\"><img loading=\"lazy\" decoding=\"async\" class=\"size-medium wp-image-2869 aligncenter\" alt=\"unnamed\" src=\"https:\/\/fiaf.net\/emiliaromagna\/wp-content\/uploads\/sites\/9\/2016\/06\/unnamed-212x300.jpg\" width=\"312\" height=\"400\" \/><\/a><br \/>\n&nbsp;<br \/>\n&nbsp;<br \/>\n&#8220;Tra la terra e il cielo\u201d \u00a0di Giorgio Andreoli<br \/>\nMOSTRA FOTOGRAFICA ALL&#8217;INFRAROSSO<br \/>\n&#8220;Non solo edifici come rifugio dalle umane debolezze, pievi e oratori rappresentano, da secoli, il tramite tra le terrene necessit\u00e0 e la pi\u00f9 alta spiritualit\u00e0 del cielo.&#8221;<br \/>\nLa mostra sar\u00e0 allestita presso la pieve maltidica di Pianzo di Casina, Reggio Emilia.<br \/>\nRimarr\u00e0 aperta dal 2 luglio al 6 agosto 2016.<br \/>\nOrari: sabato, domenica e festivi 9.30-12.30 15.30-19.00. Agosto tutti i giorni.<\/p>\n\n    <div class=\"xs_social_share_widget xs_share_url after_content \t\tmain_content  wslu-style-1 wslu-share-box-shaped wslu-fill-colored wslu-none wslu-share-horizontal wslu-theme-font-no wslu-main_content\">\n\n\t\t\n        <ul>\n\t\t\t        <\/ul>\n    <\/div> \n","protected":false},"excerpt":{"rendered":"<p>&nbsp; &nbsp; &#8220;Tra la terra e il cielo\u201d \u00a0di Giorgio Andreoli MOSTRA FOTOGRAFICA ALL&#8217;INFRAROSSO &#8220;Non solo edifici come rifugio dalle &hellip;<\/p>\n","protected":false},"author":29,"featured_media":2871,"comment_status":"closed","ping_status":"closed","sticky":false,"template":"","format":"standard","meta":{"_acf_changed":false,"footnotes":""},"categories":[2,9],"tags":[],"class_list":["post-2868","post","type-post","status-publish","format-standard","has-post-thumbnail","hentry","category-attivita-circoli","category-mostre"],"acf":[],"_links":{"self":[{"href":"https:\/\/fiaf.net\/emiliaromagna\/wp-json\/wp\/v2\/posts\/2868","targetHints":{"allow":["GET"]}}],"collection":[{"href":"https:\/\/fiaf.net\/emiliaromagna\/wp-json\/wp\/v2\/posts"}],"about":[{"href":"https:\/\/fiaf.net\/emiliaromagna\/wp-json\/wp\/v2\/types\/post"}],"author":[{"embeddable":true,"href":"https:\/\/fiaf.net\/emiliaromagna\/wp-json\/wp\/v2\/users\/29"}],"replies":[{"embeddable":true,"href":"https:\/\/fiaf.net\/emiliaromagna\/wp-json\/wp\/v2\/comments?post=2868"}],"version-history":[{"count":0,"href":"https:\/\/fiaf.net\/emiliaromagna\/wp-json\/wp\/v2\/posts\/2868\/revisions"}],"wp:featuredmedia":[{"embeddable":true,"href":"https:\/\/fiaf.net\/emiliaromagna\/wp-json\/wp\/v2\/media\/2871"}],"wp:attachment":[{"href":"https:\/\/fiaf.net\/emiliaromagna\/wp-json\/wp\/v2\/media?parent=2868"}],"wp:term":[{"taxonomy":"category","embeddable":true,"href":"https:\/\/fiaf.net\/emiliaromagna\/wp-json\/wp\/v2\/categories?post=2868"},{"taxonomy":"post_tag","embeddable":true,"href":"https:\/\/fiaf.net\/emiliaromagna\/wp-json\/wp\/v2\/tags?post=2868"}],"curies":[{"name":"wp","href":"https:\/\/api.w.org\/{rel}","templated":true}]}}