{"id":2906,"date":"2016-08-19T08:39:31","date_gmt":"2016-08-19T06:39:31","guid":{"rendered":"https:\/\/fiaf.net\/regioni\/emiliaromagna\/?p=2906"},"modified":"2016-08-19T08:39:31","modified_gmt":"2016-08-19T06:39:31","slug":"i-colori-del-bianco-in-ricordo-di-marcello-libra","status":"publish","type":"post","link":"https:\/\/fiaf.net\/emiliaromagna\/i-colori-del-bianco-in-ricordo-di-marcello-libra\/","title":{"rendered":"\u201cI COLORI DEL BIANCO\u201d in ricordo di MARCELLO LIBRA"},"content":{"rendered":"<p><a href=\"https:\/\/fiaf.net\/emiliaromagna\/wp-content\/uploads\/sites\/9\/2016\/08\/locandina.jpg\"><img loading=\"lazy\" decoding=\"async\" class=\"aligncenter size-full wp-image-2907\" alt=\"locandina\" src=\"https:\/\/fiaf.net\/emiliaromagna\/wp-content\/uploads\/sites\/9\/2016\/08\/locandina.jpg\" width=\"600\" height=\"873\" srcset=\"https:\/\/fiaf.net\/emiliaromagna\/wp-content\/uploads\/sites\/9\/2016\/08\/locandina.jpg 600w, https:\/\/fiaf.net\/emiliaromagna\/wp-content\/uploads\/sites\/9\/2016\/08\/locandina-206x300.jpg 206w\" sizes=\"auto, (max-width: 600px) 100vw, 600px\" \/><\/a><br \/>\n&nbsp;<br \/>\n<strong>\u201cI COLORI DEL BIANCO\u201d in ricordo di MARCELLO LIBRA<br \/>\n<\/strong>Organizzazione Circolo Fotografico Portomaggiore e Patrocinio del Comune di Portomaggiore.<br \/>\n<em>Marcello Libra<\/em> non necessita di presentazioni. E\u2019 stato fotografo naturalista di fama internazionale, conosciuto come il \u201cfotografo dei ghiacci\u201d.<br \/>\nIl Circolo Fotografico Di Portomaggiore vuole rendere omaggio al grande Fotografo prematuramente scomparso e ringraziare veramente di cuore Stefania Pezetta per aver concesso l\u2019utilizzo del materiale, sia cartaceo che informatico, che sar\u00e0 utilizzato per la realizzazione della Manifestazione.<br \/>\nVenerd\u00ec 30 settembre 2016 alle ore 21,00 proiezione di audiovisivi di Marcello Libra presso la Sala Consiliare del Comune di Portomaggiore (FE). Saranno ospiti della serata Stefania Pezetta e Roberto Mazzagatti.<br \/>\n<em>Sabato 1\u00b0 ottobre 2016<\/em> alle ore 17,00 <strong>inaugurazione<\/strong> della Mostra Fotografica \u201cI Colori del Bianco\u201d presso il Teatro Concordia di Portomaggiore (FE).<br \/>\nLa Mostra rester\u00e0 <strong>aperta<\/strong> sino a <em>domenica 30\/10\/2016<\/em> ed osserver\u00e0 i seguenti orari: mercoled\u00ec e gioved\u00ec dalle 21 alle 23, sabato e domenica dalle 15 alle 19.<br \/>\n<strong>INGRESSO LIBERO.<\/strong><br \/>\nPer aperture straordinarie dedicate a Scolaresche, Associazioni e\/o Privati Cittadini (in gruppi di almeno 4\/5 persone) ci si potr\u00e0 rivolgere via mail a: cfportomaggiore@libero.it o tramite cellulare componendo il numero +39 339 2737950.<\/p>\n\n    <div class=\"xs_social_share_widget xs_share_url after_content \t\tmain_content  wslu-style-1 wslu-share-box-shaped wslu-fill-colored wslu-none wslu-share-horizontal wslu-theme-font-no wslu-main_content\">\n\n\t\t\n        <ul>\n\t\t\t        <\/ul>\n    <\/div> \n","protected":false},"excerpt":{"rendered":"<p>&nbsp; \u201cI COLORI DEL BIANCO\u201d in ricordo di MARCELLO LIBRA Organizzazione Circolo Fotografico Portomaggiore e Patrocinio del Comune di Portomaggiore. &hellip;<\/p>\n","protected":false},"author":30,"featured_media":2908,"comment_status":"closed","ping_status":"closed","sticky":false,"template":"","format":"standard","meta":{"_acf_changed":false,"footnotes":""},"categories":[9],"tags":[],"class_list":["post-2906","post","type-post","status-publish","format-standard","has-post-thumbnail","hentry","category-mostre"],"acf":[],"_links":{"self":[{"href":"https:\/\/fiaf.net\/emiliaromagna\/wp-json\/wp\/v2\/posts\/2906","targetHints":{"allow":["GET"]}}],"collection":[{"href":"https:\/\/fiaf.net\/emiliaromagna\/wp-json\/wp\/v2\/posts"}],"about":[{"href":"https:\/\/fiaf.net\/emiliaromagna\/wp-json\/wp\/v2\/types\/post"}],"author":[{"embeddable":true,"href":"https:\/\/fiaf.net\/emiliaromagna\/wp-json\/wp\/v2\/users\/30"}],"replies":[{"embeddable":true,"href":"https:\/\/fiaf.net\/emiliaromagna\/wp-json\/wp\/v2\/comments?post=2906"}],"version-history":[{"count":0,"href":"https:\/\/fiaf.net\/emiliaromagna\/wp-json\/wp\/v2\/posts\/2906\/revisions"}],"wp:featuredmedia":[{"embeddable":true,"href":"https:\/\/fiaf.net\/emiliaromagna\/wp-json\/wp\/v2\/media\/2908"}],"wp:attachment":[{"href":"https:\/\/fiaf.net\/emiliaromagna\/wp-json\/wp\/v2\/media?parent=2906"}],"wp:term":[{"taxonomy":"category","embeddable":true,"href":"https:\/\/fiaf.net\/emiliaromagna\/wp-json\/wp\/v2\/categories?post=2906"},{"taxonomy":"post_tag","embeddable":true,"href":"https:\/\/fiaf.net\/emiliaromagna\/wp-json\/wp\/v2\/tags?post=2906"}],"curies":[{"name":"wp","href":"https:\/\/api.w.org\/{rel}","templated":true}]}}