{"id":3051,"date":"2016-12-10T19:08:29","date_gmt":"2016-12-10T17:08:29","guid":{"rendered":"https:\/\/fiaf.net\/regioni\/emiliaromagna\/?p=3051"},"modified":"2016-12-10T19:08:29","modified_gmt":"2016-12-10T17:08:29","slug":"mostra-fotografica-l%ca%bcelogio-dell%ca%bcombra","status":"publish","type":"post","link":"https:\/\/fiaf.net\/emiliaromagna\/mostra-fotografica-l%ca%bcelogio-dell%ca%bcombra\/","title":{"rendered":"Mostra fotografica &#8211; L&#039;elogio dell&#039;ombra"},"content":{"rendered":"<p><a href=\"https:\/\/fiaf.net\/emiliaromagna\/wp-content\/uploads\/sites\/9\/2016\/12\/ElogioFIAF.jpg\"><img loading=\"lazy\" decoding=\"async\" class=\"aligncenter size-full wp-image-3052\" alt=\"ElogioFIAF\" src=\"https:\/\/fiaf.net\/emiliaromagna\/wp-content\/uploads\/sites\/9\/2016\/12\/ElogioFIAF.jpg\" width=\"540\" height=\"764\" srcset=\"https:\/\/fiaf.net\/emiliaromagna\/wp-content\/uploads\/sites\/9\/2016\/12\/ElogioFIAF.jpg 540w, https:\/\/fiaf.net\/emiliaromagna\/wp-content\/uploads\/sites\/9\/2016\/12\/ElogioFIAF-212x300.jpg 212w\" sizes=\"auto, (max-width: 540px) 100vw, 540px\" \/><\/a><br \/>\n&nbsp;<br \/>\n&#8220;Elogio dell &#8216;ombra &#8221; \u00e8 il titolo della Mostra fotografica organizzata dal Foto Club &#8221; Il Guercino &#8221; che verr\u00e0 inaugurata il 7 gennaio 2017 alle ore 17.30 presso il Castello della Rocca di Cento. Liberamente ispirata alla celebre poesia scritta da Jorge Luis Borges contenuta nell&#8217; omonima raccolta. La mostra \u00e8 stata curata da Alessandro Bencivenni, Socio del Circolo Fotografico il Palazzaccio di San Giovanni in Persiceto (BO) nonch\u00e8 membro del gruppo \u201cRal 81\u201d e Socio Onorario del Foto Club &#8220;Il Guercino&#8221;. Nelle suggestive sale del trecentesco Castello della Rocca verranno presentati gli scatti di tredici autori, soci del Circolo, in un percorso espositivo che predilige le caratteristiche del portfolio individuale. Ogni autore ha interpretato il tema proposto seguendo la propria ispirazione e da ci\u00f2 sono scaturiti tredici lavori molto diversi tra loro. Passando attraverso l\u02bcapproccio concettuale, in cui i concetti e le idee espresse sono preminenti rispetto al risultato estetico e percettivo dell&#8217; opera stessa, fino a quello prettamente figurativo dove la zona oscura, o di minor luminosit\u00e0, di una superficie, prodotta dal fatto che tale zona non \u00e8 esposta alla luce, riproduce la figura proiettata su una superficie pi\u00f9 o meno alterata nella forma.<br \/>\nUn grande risultato, afferma soddisfatta la Presidente Nicoletta Vitali, la Mostra rappresenta, per molti Soci del Circolo, un importante momento di verifica nella continua elaborazione di progetti di ricerca ed approfondimento tecnico\/concettuale che da qualche anno vengono sviluppati all&#8217; interno del gruppo , sempre pi\u00f9 orientato ad attivit\u00e0 di formazione e crescita. Inoltre la grande partecipazione sia di vecchi Soci che di Soci affiliati pi\u00f9 recentemente, d\u00e0 un segnale tangibile che la strada intrapresa \u00e8 quella giusta tesa ad ottenere un vero e proprio salto di qualit\u00e0. AUTORI : Nicoletta Vitali Luciano Bitelli Luca Cristofori Raimondo Poluzzi Elisa Giacomelli Lara Rodolfi Paolo Frabetti Gianluca Manservisi Matteo Piccaglia Vito Donato Davide Balboni Piera Bianco Antonella Balboni<br \/>\nLa Mostra rester\u00e0 aperta fino al 5 febbraio 2017 i seguenti giorni e ai seguenti orari: ven- sab- dom 10-13 e 15-19<\/p>\n\n    <div class=\"xs_social_share_widget xs_share_url after_content \t\tmain_content  wslu-style-1 wslu-share-box-shaped wslu-fill-colored wslu-none wslu-share-horizontal wslu-theme-font-no wslu-main_content\">\n\n\t\t\n        <ul>\n\t\t\t        <\/ul>\n    <\/div> \n","protected":false},"excerpt":{"rendered":"<p>&nbsp; &#8220;Elogio dell &#8216;ombra &#8221; \u00e8 il titolo della Mostra fotografica organizzata dal Foto Club &#8221; Il Guercino &#8221; che &hellip;<\/p>\n","protected":false},"author":30,"featured_media":3053,"comment_status":"closed","ping_status":"closed","sticky":false,"template":"","format":"standard","meta":{"_acf_changed":false,"footnotes":""},"categories":[9],"tags":[],"class_list":["post-3051","post","type-post","status-publish","format-standard","has-post-thumbnail","hentry","category-mostre"],"acf":[],"_links":{"self":[{"href":"https:\/\/fiaf.net\/emiliaromagna\/wp-json\/wp\/v2\/posts\/3051","targetHints":{"allow":["GET"]}}],"collection":[{"href":"https:\/\/fiaf.net\/emiliaromagna\/wp-json\/wp\/v2\/posts"}],"about":[{"href":"https:\/\/fiaf.net\/emiliaromagna\/wp-json\/wp\/v2\/types\/post"}],"author":[{"embeddable":true,"href":"https:\/\/fiaf.net\/emiliaromagna\/wp-json\/wp\/v2\/users\/30"}],"replies":[{"embeddable":true,"href":"https:\/\/fiaf.net\/emiliaromagna\/wp-json\/wp\/v2\/comments?post=3051"}],"version-history":[{"count":0,"href":"https:\/\/fiaf.net\/emiliaromagna\/wp-json\/wp\/v2\/posts\/3051\/revisions"}],"wp:featuredmedia":[{"embeddable":true,"href":"https:\/\/fiaf.net\/emiliaromagna\/wp-json\/wp\/v2\/media\/3053"}],"wp:attachment":[{"href":"https:\/\/fiaf.net\/emiliaromagna\/wp-json\/wp\/v2\/media?parent=3051"}],"wp:term":[{"taxonomy":"category","embeddable":true,"href":"https:\/\/fiaf.net\/emiliaromagna\/wp-json\/wp\/v2\/categories?post=3051"},{"taxonomy":"post_tag","embeddable":true,"href":"https:\/\/fiaf.net\/emiliaromagna\/wp-json\/wp\/v2\/tags?post=3051"}],"curies":[{"name":"wp","href":"https:\/\/api.w.org\/{rel}","templated":true}]}}