{"id":3304,"date":"2017-06-12T09:25:58","date_gmt":"2017-06-12T07:25:58","guid":{"rendered":"https:\/\/fiaf.net\/regioni\/emiliaromagna\/?p=3304"},"modified":"2017-06-12T09:25:58","modified_gmt":"2017-06-12T07:25:58","slug":"must-bologna","status":"publish","type":"post","link":"https:\/\/fiaf.net\/emiliaromagna\/must-bologna\/","title":{"rendered":"MUST &#8211; Bologna"},"content":{"rendered":"<p><a href=\"https:\/\/fiaf.net\/emiliaromagna\/wp-content\/uploads\/sites\/9\/2017\/06\/MUST-NL_LFDI170525_EVENTI-IN-MOSTRA-ITA.png\"><img loading=\"lazy\" decoding=\"async\" class=\"aligncenter size-large wp-image-3305\" alt=\"MUST NL_LFDI170525_EVENTI IN MOSTRA ITA\" src=\"https:\/\/fiaf.net\/emiliaromagna\/wp-content\/uploads\/sites\/9\/2017\/06\/MUST-NL_LFDI170525_EVENTI-IN-MOSTRA-ITA-572x1024.png\" width=\"572\" height=\"1024\" srcset=\"https:\/\/fiaf.net\/emiliaromagna\/wp-content\/uploads\/sites\/9\/2017\/06\/MUST-NL_LFDI170525_EVENTI-IN-MOSTRA-ITA-572x1024.png 572w, https:\/\/fiaf.net\/emiliaromagna\/wp-content\/uploads\/sites\/9\/2017\/06\/MUST-NL_LFDI170525_EVENTI-IN-MOSTRA-ITA-168x300.png 168w, https:\/\/fiaf.net\/emiliaromagna\/wp-content\/uploads\/sites\/9\/2017\/06\/MUST-NL_LFDI170525_EVENTI-IN-MOSTRA-ITA-768x1375.png 768w, https:\/\/fiaf.net\/emiliaromagna\/wp-content\/uploads\/sites\/9\/2017\/06\/MUST-NL_LFDI170525_EVENTI-IN-MOSTRA-ITA.png 800w\" sizes=\"auto, (max-width: 572px) 100vw, 572px\" \/><\/a><br \/>\nMercoled\u00ec 14 giugno, ore 18.00<br \/>\n<strong>MAURIZIO LAZZARATO<\/strong><br \/>\nLA MACCHINA DEL CAPITALISMO CONTEMPORANEO TRA FINANZA, LAVORO, TECNICA E POTERE<br \/>\nMaurizio Lazzarato, sociologo e filosofo, vive e lavora a Parigi, dove svolge attivit\u00e0 di ricerca sulle trasformazioni del lavoro e le nuove forme di movimenti sociali. \u00c8 autore di numerosi saggi tra cui\u00a0<em>La fabbrica dell\u2019uomo indebitato<\/em>\u00a0(2012),\u00a0<em>Il governo dell\u2019uomo indebitato\u00a0<\/em>(2013),\u00a0<em>Marcel Duchamp e il rifiuto del lavoro<\/em>\u00a0(2014).<br \/>\nIntroduce\u00a0<strong>Urs Stahel<\/strong><br \/>\nPer partecipare occorre registrarsi sul sito.<br \/>\n&nbsp;<br \/>\nMercoled\u00ec 21 giugno, ore 18.30<br \/>\n<strong>PHILIPPE-JOSEPH SALAZAR<\/strong><br \/>\nPAROLE ARMATE: COMPRENDERE E COMBATTERE LA PROPAGANDA TERRORISTA<br \/>\nPhilippe-Joseph Salazar \u00e8 un filosofo francese, allievo di Jacques Derrida e Roland Barthes. Direttore dal 1998 al 2004 del Coll\u00e8ge international de philosophie, \u00e8 professore emerito di Retorica alla Cape Town University, in Sudafrica, e tiene seminari in atenei di tutto il mondo. Nel 2015 ha ricevuto il Prix Bristol des Lumi\u00e8res per il suo saggio\u00a0<em>Parole armate<\/em>.<br \/>\nIntroduce <strong>Urs Stahel<\/strong><br \/>\nPer partecipare occorre registrarsi sul sito.<br \/>\n&nbsp;<br \/>\nSabato 24 giugno<br \/>\nSessione del convegno in collaborazione con l\u2019Universit\u00e0 di Bologna e la Societ\u00e0 Italiana per lo Studio della Modernit\u00e0 letteraria\u00a0<a href=\"https:\/\/eventi.unibo.it\/convegno-mod-bologna-2017\" target=\"_blank\" rel=\"noopener\">\u201cLa Modernit\u00e0 letteraria e le declinazioni del visivo\u201d<\/a><br \/>\nore 10<br \/>\n<strong>VICTOR I. STOICHITA<\/strong><br \/>\nSUI DISPOSITIVI VISIVI DELLA MODERNIT\u00c0.<br \/>\nDA LEON BATTISTA ALBERTI AD ALFRED HITCHCOCK<br \/>\nVictor I. Stoichita\u00a0\u00e8 professore ordinario di Storia dell\u00b4arte moderna all\u00b4Universit\u00e0 di Friburgo e di\u00a0Storia delle forme all\u2019Universit\u00e0 della Svizzera italiana di Lugano.\u00a0Ha svolto ricerca e insegnato presso numerose istituzioni internazionali, quali l\u00b4Institute for Advanced Study di Princeton, il Getty Research Institute di Los Angeles, il Wissenschaftskolleg di Berlino, la Bibliotheca Hertziana (Max-Planck-Institut) di Roma. \u00c8 stato\u00a0<em>Visiting Professor<\/em>\u00a0presso l\u00b4Ecole des Hautes Etudes en Sciences Sociales di Parigi, la Scuola di Studi Umanistici Bologna e la Harvard University (USA).<br \/>\nSegue una Tavola rotonda coordinata da<strong> Giuseppe Lupo<\/strong><br \/>\nore 11.30<br \/>\nSCRITTURE LIQUIDE, SCRITTURE IN RETE<br \/>\nAlberto Bertoni, Marco Ferrario, Giulio Mozzi, Anna da Re<br \/>\nPer partecipare occorre registrarsi sul sito.<a href=\"https:\/\/www.eventbrite.it\/e\/biglietti-victor-i-stoichita-sui-dispositivi-visivi-della-modernita-da-leon-battista-alberti-ad-alfred-34850220949\" target=\"_blank\" rel=\"noopener\"><br \/>\n<\/a><br \/>\nLa partecipazione agli eventi \u00e8\u00a0gratuita\u00a0con prenotazione obbligatoria.<br \/>\nDopo ciascun evento, \u00e8 possibile seguire una visita guidata della mostra \u201cLa forza delle immagini\u201d presso la PhotoGallery di MAST.<br \/>\nSu prenotazione \u00e8 disponibile il parcheggio MAST con ingresso da via Vittoria, di fronte al civico 18, fino a esaurimento dei posti.<\/p>\n\n    <div class=\"xs_social_share_widget xs_share_url after_content \t\tmain_content  wslu-style-1 wslu-share-box-shaped wslu-fill-colored wslu-none wslu-share-horizontal wslu-theme-font-no wslu-main_content\">\n\n\t\t\n        <ul>\n\t\t\t        <\/ul>\n    <\/div> \n","protected":false},"excerpt":{"rendered":"<p>Mercoled\u00ec 14 giugno, ore 18.00 MAURIZIO LAZZARATO LA MACCHINA DEL CAPITALISMO CONTEMPORANEO TRA FINANZA, LAVORO, TECNICA E POTERE Maurizio Lazzarato, &hellip;<\/p>\n","protected":false},"author":64,"featured_media":3306,"comment_status":"closed","ping_status":"closed","sticky":false,"template":"","format":"standard","meta":{"_acf_changed":false,"footnotes":""},"categories":[6,8],"tags":[],"class_list":["post-3304","post","type-post","status-publish","format-standard","has-post-thumbnail","hentry","category-generale","category-manifestazioni"],"acf":[],"_links":{"self":[{"href":"https:\/\/fiaf.net\/emiliaromagna\/wp-json\/wp\/v2\/posts\/3304","targetHints":{"allow":["GET"]}}],"collection":[{"href":"https:\/\/fiaf.net\/emiliaromagna\/wp-json\/wp\/v2\/posts"}],"about":[{"href":"https:\/\/fiaf.net\/emiliaromagna\/wp-json\/wp\/v2\/types\/post"}],"author":[{"embeddable":true,"href":"https:\/\/fiaf.net\/emiliaromagna\/wp-json\/wp\/v2\/users\/64"}],"replies":[{"embeddable":true,"href":"https:\/\/fiaf.net\/emiliaromagna\/wp-json\/wp\/v2\/comments?post=3304"}],"version-history":[{"count":0,"href":"https:\/\/fiaf.net\/emiliaromagna\/wp-json\/wp\/v2\/posts\/3304\/revisions"}],"wp:featuredmedia":[{"embeddable":true,"href":"https:\/\/fiaf.net\/emiliaromagna\/wp-json\/wp\/v2\/media\/3306"}],"wp:attachment":[{"href":"https:\/\/fiaf.net\/emiliaromagna\/wp-json\/wp\/v2\/media?parent=3304"}],"wp:term":[{"taxonomy":"category","embeddable":true,"href":"https:\/\/fiaf.net\/emiliaromagna\/wp-json\/wp\/v2\/categories?post=3304"},{"taxonomy":"post_tag","embeddable":true,"href":"https:\/\/fiaf.net\/emiliaromagna\/wp-json\/wp\/v2\/tags?post=3304"}],"curies":[{"name":"wp","href":"https:\/\/api.w.org\/{rel}","templated":true}]}}