{"id":3696,"date":"2018-02-28T00:20:13","date_gmt":"2018-02-27T22:20:13","guid":{"rendered":"https:\/\/fiaf.net\/regioni\/emiliaromagna\/?p=3696"},"modified":"2018-02-28T00:20:13","modified_gmt":"2018-02-27T22:20:13","slug":"7-campionato-regionale-fra-circoli-fiaf-dellemilia-romagna","status":"publish","type":"post","link":"https:\/\/fiaf.net\/emiliaromagna\/7-campionato-regionale-fra-circoli-fiaf-dellemilia-romagna\/","title":{"rendered":"7\u00b0 Campionato Regionale tra Circoli FIAF dell&#039;Emilia Romagna"},"content":{"rendered":"<p style=\"text-align: center\"><a href=\"https:\/\/fiaf.net\/emiliaromagna\/wp-content\/uploads\/sites\/9\/2018\/02\/logo-Campionato-regionale-FIAF-ER-2018-e1519769426361.jpg\"><img loading=\"lazy\" decoding=\"async\" class=\"aligncenter  wp-image-3698\" alt=\"logo Campionato regionale FIAF ER 2018\" src=\"https:\/\/fiaf.net\/regioni\/emiliaromagna\/wp-content\/uploads\/2018\/02\/logo-Campionato-regionale-FIAF-ER-2018-1024x734.jpg\" width=\"614\" height=\"440\" \/><\/a><\/p>\n<p>&nbsp;<br \/>\n&nbsp;<\/p>\n<h3 style=\"text-align: center\"><span style=\"color: #000000\"><b>\u201c7\u00b0 Campionato Regionale fra Circoli FIAF dell&#8217;Emilia Romagna\u00a0<\/b><\/span><\/h3>\n<h3 style=\"text-align: center\"><span style=\"color: #000000\"><b>(ex DigitER)\u00a0<\/b><\/span><\/h3>\n<h3 style=\"text-align: center\"><\/h3>\n<h3 style=\"text-align: center\"><span style=\"color: #000000\">REGOLAMENTO<b>\u00a0<\/b><\/span><\/h3>\n<p><span style=\"color: #000000\">1) E\u2019 indetto il 7\u00b0 Campionato Regionale di Fotografia <b>DigitER <\/b>fra i Circoli Fotografici FIAF dell\u2019Emilia Romagna in regola con l\u2019affiliazione FIAF 2018.<\/span><br \/>\n<span style=\"color: #000000\">2) Lo scopo e le finalit\u00e0 sono quelle del confronto, dell\u2019aggregazione, dell\u2019evoluzione personale e collettiva di ogni Circolo.<\/span><br \/>\n<span style=\"color: #000000\">3) Ogni Club sceglier\u00e0 un tema e lo svilupper\u00e0 attraverso un massimo di 10 immagini (non sar\u00e0 pi\u00f9 necessario indicare i nomi degli autori, si parler\u00e0 di \u201cprogetto del circolo\u201d) preferibilmente inediti.<\/span><br \/>\n<span style=\"color: #000000\">&#8211; 10 file, numerati da 1 a 10 secondo la sequenza prescelta;<\/span><br \/>\n<span style=\"color: #000000\">&#8211; 1 file con il titolo del progetto, senza il logo del Club;<\/span><br \/>\n<span style=\"color: #000000\">&#8211; 1 file con il logo del Club;<\/span><br \/>\n<span style=\"color: #000000\">I 12 file, in formato jpeg con lato maggiore non superiore ai 1920 pixel, dovranno essere masterizzati su un CD. I file eccessivamente pesanti saranno ridimensionati.<\/span><br \/>\n<span style=\"color: #000000\">4) Il CD dovr\u00e0 essere inviato a:<\/span><br \/>\n<span style=\"color: #000000\"><b>Studio Fotografico Diego Bracci,\u00a0<\/b><b>Piazza della Libert\u00e0 n. 22 &#8211; 48012 Bagnacavallo (RA)\u00a0<\/b><\/span><br \/>\n<span style=\"color: #000000\">Allegando la quota di \u20ac 10,00 a titolo di rimborso spese per premi finali, (DVD, attestati, spese postali, ecc\u2026) ed un CD vergine che verr\u00e0 restituito al Club contenente la proiezione di tutti i lavori in concorso.<\/span><br \/>\n<span style=\"color: #000000\">5) I circoli che intendono partecipare dovranno effettuare l\u2019Iscrizione al Campionato entro e non oltre il <strong>16 Aprile 2018<\/strong>, inviando una mail a: emiliaromagna@fiaf.net.<\/span><br \/>\n<span style=\"color: #000000\">6) La scadenza per l\u2019invio dei lavori finali \u00e8 il <b>18 Maggio 2018.\u00a0<\/b><\/span><br \/>\n<span style=\"color: #000000\">Entro tale data i CD con la relativa quota di partecipazione dovranno pervenire all\u2019indirizzo citato al punto 4).<\/span><br \/>\n<span style=\"color: #000000\">7) La Giuria formata da personalit\u00e0 note del mondo della fotografia, esterne alla regione Emilia Romagna, valuter\u00e0 in maniera anonima i lavori partecipanti decretandone la classifica finale. Al primo saranno assegnati 25 punti, al secondo 17, al terzo 14, al quarto 11, al quinto 9, al sesto 7, al settimo 5, all\u2019ottavo 3, al nono 2, al decimo 1.<\/span><br \/>\n<span style=\"color: #000000\">In caso di parit\u00e0 nella classifica finale, con esclusivo riferimento alle prime tre posizioni, si proceder\u00e0 al ballottaggio, interessando al riguardo le stesse Giurie.<\/span><br \/>\n<span style=\"color: #000000\">Gli altri Club si classificheranno tutti al 4\u00b0 posto, a pari merito.<\/span><br \/>\n<span style=\"color: #000000\">La proiezione finale, con l\u2019assegnazione dei premi ai primi tre Club classificati nonch\u00e9 di un attestato di partecipazione a tutti i Circoli partecipanti, avr\u00e0 luogo nel corso del <b>Convegno Regionale FIAF Emilia Romagna 2018, <\/b>il prossimo Ottobre.<\/span><br \/>\n<span style=\"color: #000000\">\u00a0<\/span><\/p>\n\n    <div class=\"xs_social_share_widget xs_share_url after_content \t\tmain_content  wslu-style-1 wslu-share-box-shaped wslu-fill-colored wslu-none wslu-share-horizontal wslu-theme-font-no wslu-main_content\">\n\n\t\t\n        <ul>\n\t\t\t        <\/ul>\n    <\/div> \n","protected":false},"excerpt":{"rendered":"<p>&nbsp; &nbsp; \u201c7\u00b0 Campionato Regionale fra Circoli FIAF dell&#8217;Emilia Romagna\u00a0 (ex DigitER)\u00a0 REGOLAMENTO\u00a0 1) E\u2019 indetto il 7\u00b0 Campionato Regionale &hellip;<\/p>\n","protected":false},"author":64,"featured_media":3697,"comment_status":"closed","ping_status":"closed","sticky":false,"template":"","format":"standard","meta":{"_acf_changed":false,"footnotes":""},"categories":[6,8],"tags":[],"class_list":["post-3696","post","type-post","status-publish","format-standard","has-post-thumbnail","hentry","category-generale","category-manifestazioni"],"acf":[],"_links":{"self":[{"href":"https:\/\/fiaf.net\/emiliaromagna\/wp-json\/wp\/v2\/posts\/3696","targetHints":{"allow":["GET"]}}],"collection":[{"href":"https:\/\/fiaf.net\/emiliaromagna\/wp-json\/wp\/v2\/posts"}],"about":[{"href":"https:\/\/fiaf.net\/emiliaromagna\/wp-json\/wp\/v2\/types\/post"}],"author":[{"embeddable":true,"href":"https:\/\/fiaf.net\/emiliaromagna\/wp-json\/wp\/v2\/users\/64"}],"replies":[{"embeddable":true,"href":"https:\/\/fiaf.net\/emiliaromagna\/wp-json\/wp\/v2\/comments?post=3696"}],"version-history":[{"count":0,"href":"https:\/\/fiaf.net\/emiliaromagna\/wp-json\/wp\/v2\/posts\/3696\/revisions"}],"wp:featuredmedia":[{"embeddable":true,"href":"https:\/\/fiaf.net\/emiliaromagna\/wp-json\/wp\/v2\/media\/3697"}],"wp:attachment":[{"href":"https:\/\/fiaf.net\/emiliaromagna\/wp-json\/wp\/v2\/media?parent=3696"}],"wp:term":[{"taxonomy":"category","embeddable":true,"href":"https:\/\/fiaf.net\/emiliaromagna\/wp-json\/wp\/v2\/categories?post=3696"},{"taxonomy":"post_tag","embeddable":true,"href":"https:\/\/fiaf.net\/emiliaromagna\/wp-json\/wp\/v2\/tags?post=3696"}],"curies":[{"name":"wp","href":"https:\/\/api.w.org\/{rel}","templated":true}]}}