{"id":4003,"date":"2018-09-07T11:12:55","date_gmt":"2018-09-07T09:12:55","guid":{"rendered":"https:\/\/fiaf.net\/regioni\/emiliaromagna\/?p=4003"},"modified":"2018-09-07T11:12:55","modified_gmt":"2018-09-07T09:12:55","slug":"si-fest","status":"publish","type":"post","link":"https:\/\/fiaf.net\/emiliaromagna\/si-fest\/","title":{"rendered":"SI-FEST"},"content":{"rendered":"<p><a href=\"https:\/\/fiaf.net\/emiliaromagna\/wp-content\/uploads\/sites\/9\/2018\/09\/SIFest-2018.jpg\"><img loading=\"lazy\" decoding=\"async\" class=\"aligncenter size-full wp-image-4004\" alt=\"SIFest-2018\" src=\"https:\/\/fiaf.net\/emiliaromagna\/wp-content\/uploads\/sites\/9\/2018\/09\/SIFest-2018.jpg\" width=\"600\" height=\"600\" srcset=\"https:\/\/fiaf.net\/emiliaromagna\/wp-content\/uploads\/sites\/9\/2018\/09\/SIFest-2018.jpg 600w, https:\/\/fiaf.net\/emiliaromagna\/wp-content\/uploads\/sites\/9\/2018\/09\/SIFest-2018-300x300.jpg 300w, https:\/\/fiaf.net\/emiliaromagna\/wp-content\/uploads\/sites\/9\/2018\/09\/SIFest-2018-150x150.jpg 150w\" sizes=\"auto, (max-width: 600px) 100vw, 600px\" \/><\/a><\/p>\n<div>\n<div style=\"text-align: center\"><\/div>\n<div style=\"text-align: center\"><a href=\"https:\/\/www.sifest.it\/\" target=\"_blank\" rel=\"noopener\">https:\/\/www.sifest.it\/<\/a><\/div>\n<div style=\"text-align: justify\"><\/div>\n<div style=\"text-align: justify\"><strong>ON BEING NOW?<\/strong>Chi siamo oggi?<br \/>\nCosa vuol dire essere ed esistere sul nostro pianeta nell\u2019anno 2018?<br \/>\nSenza pretese di esaustivit\u00e0, la ventisettesima edizione del SI FEST intende dare alcune\u00a0risposte, nell\u2019infinito elenco delle possibili, per il pubblico che visiter\u00e0 la kermesse di\u00a0Savignano sul Rubicone dedicata alla fotografia internazionale dal<strong> 14 al 30 settembre\u00a02018<\/strong>. La fotografia rimane il migliore mezzo per dare testimonianza degli esseri umani e della loro lotta per la vita, delle loro tese relazioni con la societ\u00e0 e l&#8217;ideologia, della minaccia dei conflitti locali ed internazionali. La fotografia pu\u00f2 aiutare a stabilire collegamenti creativi tra tempi passati, i desideri presenti e il futuro. Gli artisti la utilizzano anche per portare dimensioni nuove all&#8217;identit\u00e0 e alle relazioni sociali. Per fare ci\u00f2, si inventano nuove estetiche, si costruiscono finzioni, si organizzano sequenze e installazioni. La fotografia pu\u00f2 in definitiva essere considerata una speciale lente di ingrandimento per indagare le molteplici sfaccettature dello stato dei nostri tempi. Viviamo in uno dei momenti storici pi\u00f9 complessi e articolati, in cui le certezze vengono sempre pi\u00f9 spesso scambiate con incertezza e fluidit\u00e0 dell\u2019essere e del vivere.<br \/>\nQuali sono i desideri, i bisogni, le aspirazioni, le paure e i sentimenti degli esseri umani di oggi?<br \/>\nQuali le strutture di potere che tengono insieme le societ\u00e0, i sistemi complessi in cui gli individui si sono aggregati, e le regole che servono a mantenere la coerenza all\u2019interno delle nostre vite?<br \/>\nQuali cambiamenti sociali, economici, ambientali stanno impattando il modo di vivere noi contemporaneo?\n<\/div>\n<\/div>\n<p style=\"text-align: justify\">La nuova edizione di SI FEST interrogher\u00e0 la fotografia e alcune delle sue pi\u00f9 significative voci per fare il punto su cosa sta succedendo alle nostre vite oggi, dal punto di vista pi\u00f9 intimo e personale dei singoli individui, alle categorie pi\u00f9 complesse e globali che tengono insieme le loro esistenze<\/p>\n<p><strong>SAVIGNANO IMMAGINI a.p.s.<\/strong><br \/>\nCorso Vendemini, 67<br \/>\n47039 Savignano sul Rubicone (FC) &#8211; Italy<br \/>\nPartita Iva e Codice Fiscale 04220060406<br \/>\n<strong>#SIFest<\/strong><br \/>\n<a title=\"info@savignanoimmagini.it\" href=\"mailto:info@savignanoimmagini.it\">info@savignanoimmagini.it<\/a><br \/>\n&nbsp;<br \/>\n&nbsp;<\/p>\n\n    <div class=\"xs_social_share_widget xs_share_url after_content \t\tmain_content  wslu-style-1 wslu-share-box-shaped wslu-fill-colored wslu-none wslu-share-horizontal wslu-theme-font-no wslu-main_content\">\n\n\t\t\n        <ul>\n\t\t\t        <\/ul>\n    <\/div> \n","protected":false},"excerpt":{"rendered":"<p>https:\/\/www.sifest.it\/ ON BEING NOW?Chi siamo oggi? Cosa vuol dire essere ed esistere sul nostro pianeta nell\u2019anno 2018? Senza pretese di &hellip;<\/p>\n","protected":false},"author":64,"featured_media":4005,"comment_status":"closed","ping_status":"closed","sticky":false,"template":"","format":"standard","meta":{"_acf_changed":false,"footnotes":""},"categories":[6,8],"tags":[],"class_list":["post-4003","post","type-post","status-publish","format-standard","has-post-thumbnail","hentry","category-generale","category-manifestazioni"],"acf":[],"_links":{"self":[{"href":"https:\/\/fiaf.net\/emiliaromagna\/wp-json\/wp\/v2\/posts\/4003","targetHints":{"allow":["GET"]}}],"collection":[{"href":"https:\/\/fiaf.net\/emiliaromagna\/wp-json\/wp\/v2\/posts"}],"about":[{"href":"https:\/\/fiaf.net\/emiliaromagna\/wp-json\/wp\/v2\/types\/post"}],"author":[{"embeddable":true,"href":"https:\/\/fiaf.net\/emiliaromagna\/wp-json\/wp\/v2\/users\/64"}],"replies":[{"embeddable":true,"href":"https:\/\/fiaf.net\/emiliaromagna\/wp-json\/wp\/v2\/comments?post=4003"}],"version-history":[{"count":0,"href":"https:\/\/fiaf.net\/emiliaromagna\/wp-json\/wp\/v2\/posts\/4003\/revisions"}],"wp:featuredmedia":[{"embeddable":true,"href":"https:\/\/fiaf.net\/emiliaromagna\/wp-json\/wp\/v2\/media\/4005"}],"wp:attachment":[{"href":"https:\/\/fiaf.net\/emiliaromagna\/wp-json\/wp\/v2\/media?parent=4003"}],"wp:term":[{"taxonomy":"category","embeddable":true,"href":"https:\/\/fiaf.net\/emiliaromagna\/wp-json\/wp\/v2\/categories?post=4003"},{"taxonomy":"post_tag","embeddable":true,"href":"https:\/\/fiaf.net\/emiliaromagna\/wp-json\/wp\/v2\/tags?post=4003"}],"curies":[{"name":"wp","href":"https:\/\/api.w.org\/{rel}","templated":true}]}}