{"id":404,"date":"2013-02-01T20:48:17","date_gmt":"2013-02-01T18:48:17","guid":{"rendered":"https:\/\/fiaf.net\/regioni\/emiliaromagna\/?p=404"},"modified":"2013-02-01T20:48:17","modified_gmt":"2013-02-01T18:48:17","slug":"la-fotografia-come-deposito-di-senso","status":"publish","type":"post","link":"https:\/\/fiaf.net\/emiliaromagna\/la-fotografia-come-deposito-di-senso\/","title":{"rendered":"La fotografia come deposito di senso"},"content":{"rendered":"<p><a href=\"https:\/\/fiaf.net\/emiliaromagna\/wp-content\/uploads\/sites\/9\/2013\/02\/Ws-Vaccari-Panaro.jpg\"><img loading=\"lazy\" decoding=\"async\" class=\"alignnone size-full wp-image-405\" title=\"Ws Vaccari Panaro\" src=\"https:\/\/fiaf.net\/emiliaromagna\/wp-content\/uploads\/sites\/9\/2013\/02\/Ws-Vaccari-Panaro.jpg\" alt=\"\" width=\"600\" height=\"840\" srcset=\"https:\/\/fiaf.net\/emiliaromagna\/wp-content\/uploads\/sites\/9\/2013\/02\/Ws-Vaccari-Panaro.jpg 600w, https:\/\/fiaf.net\/emiliaromagna\/wp-content\/uploads\/sites\/9\/2013\/02\/Ws-Vaccari-Panaro-214x300.jpg 214w\" sizes=\"auto, (max-width: 600px) 100vw, 600px\" \/><\/a><br \/>\n<strong>\u201cLA FOTOGRAFIA COME DEPOSITO DI SENSO\u201d<\/strong><br \/>\n<strong>Mostra fotografica a seguito del workshop con Franco Vaccari e Luca Panaro<\/strong><br \/>\n<strong>\u00a0<\/strong><br \/>\n<strong>23 febbraio &#8211; 23 marzo 2013<\/strong><br \/>\nSala espositiva Biblioteca Multimediale Arturo Loria, Via Rodolfo Pio1, Carpi (MO)<br \/>\nLuned\u00ec 15,00-20,00; Marted\u00ec-Sabato 9,00-20,00; Domenica chiuso.<br \/>\nInaugurazione 23 febbraio 2013 ore 18,00 all&#8217;Auditorium della Biblioteca.<br \/>\n<strong>\u00a0<\/strong><br \/>\nIn occasione della mostra di Franco Vaccari \u201cIn palmo di mano\u201d a cura di Luca Panaro &#8211; allestita nelle Loggie di Primo Ordine di Palazzo dei Pio dal 15 dicembre 2012 al 27 gennaio 2013 &#8211; \u00e8 prevista la realizzazione di un workshop rivolto ai giovani appassionati di arte e fotografia, per consentire loro di acquisire maggiori informazioni sul ruolo che questo linguaggio pu\u00f2 avere nella valorizzazione della storia e della cultura locale. L&#8217;iniziativa \u00e8 parte del progetto Giovani Creativi, realizzato nell&#8217;ambito di Creativit\u00e0 Giovanile, promosso e sostenuto dal Dipartimento della Giovent\u00f9 &#8211; Presidenza del Consiglio dei Ministri e dall\u2019Anci Associazione Nazionale Comuni Italiani.<br \/>\n&nbsp;<br \/>\n<span style=\"text-decoration: underline\">L<\/span><span style=\"text-decoration: underline\">a partecipazione al workshop \u00e8 gratuita e rivolta a 10 giovani partecipanti di et\u00e0 non superiore ai 29 anni.<\/span><br \/>\n&nbsp;<br \/>\nGli iscritti al workshop saranno invitati ad applicare la propria inventiva a materiale d\u2019archivio del proprio territorio, nella convinzione che la fotografia contemporanea debba cortocircuitare con la storia e la cultura della propria terra, incontro indispensabile per il raggiungimento di significati originali e per la risoluzione di problematiche che normalmente sono riservate alla sola scienza storiografica. Come Franco Vaccari, nella mostra allestita a Palazzo dei Pio, si \u00e8 interessato in particolare alla figura della donna carpigiana partendo da fotografie, registrazioni audio-video e oggetti evocativi, anche gli iscritti al workshop dovranno circoscrivere i loro interessi ad un&#8217;area tematica da esplorare mediante la rilettura di materiale d&#8217;archivio.<br \/>\n&nbsp;<br \/>\nDurante i quattro incontri che seguiranno alla visita guidata delle mostra di Franco Vaccari, sar\u00e0 chiesto ai partecipanti di progettare una piccola serie fotografica, utilizzando immagini d&#8217;epoca di facile reperimento, per potenziare la propria capacit\u00e0 percettiva. Ogni settimana Franco Vaccari e Luca Panaro effettueranno una revisione del lavoro, fornendo utili suggerimenti per lo sviluppo del progetto che al termine del workshop sar\u00e0 presentato in una mostra allestita alla Biblioteca Multimediale Arturo Loria di Carpi.<br \/>\n&nbsp;<\/p>\n\n    <div class=\"xs_social_share_widget xs_share_url after_content \t\tmain_content  wslu-style-1 wslu-share-box-shaped wslu-fill-colored wslu-none wslu-share-horizontal wslu-theme-font-no wslu-main_content\">\n\n\t\t\n        <ul>\n\t\t\t        <\/ul>\n    <\/div> \n","protected":false},"excerpt":{"rendered":"<p>\u201cLA FOTOGRAFIA COME DEPOSITO DI SENSO\u201d Mostra fotografica a seguito del workshop con Franco Vaccari e Luca Panaro \u00a0 23 &hellip;<\/p>\n","protected":false},"author":64,"featured_media":406,"comment_status":"closed","ping_status":"open","sticky":false,"template":"","format":"standard","meta":{"_acf_changed":false,"footnotes":""},"categories":[9],"tags":[],"class_list":["post-404","post","type-post","status-publish","format-standard","has-post-thumbnail","hentry","category-mostre"],"acf":[],"_links":{"self":[{"href":"https:\/\/fiaf.net\/emiliaromagna\/wp-json\/wp\/v2\/posts\/404","targetHints":{"allow":["GET"]}}],"collection":[{"href":"https:\/\/fiaf.net\/emiliaromagna\/wp-json\/wp\/v2\/posts"}],"about":[{"href":"https:\/\/fiaf.net\/emiliaromagna\/wp-json\/wp\/v2\/types\/post"}],"author":[{"embeddable":true,"href":"https:\/\/fiaf.net\/emiliaromagna\/wp-json\/wp\/v2\/users\/64"}],"replies":[{"embeddable":true,"href":"https:\/\/fiaf.net\/emiliaromagna\/wp-json\/wp\/v2\/comments?post=404"}],"version-history":[{"count":0,"href":"https:\/\/fiaf.net\/emiliaromagna\/wp-json\/wp\/v2\/posts\/404\/revisions"}],"wp:featuredmedia":[{"embeddable":true,"href":"https:\/\/fiaf.net\/emiliaromagna\/wp-json\/wp\/v2\/media\/406"}],"wp:attachment":[{"href":"https:\/\/fiaf.net\/emiliaromagna\/wp-json\/wp\/v2\/media?parent=404"}],"wp:term":[{"taxonomy":"category","embeddable":true,"href":"https:\/\/fiaf.net\/emiliaromagna\/wp-json\/wp\/v2\/categories?post=404"},{"taxonomy":"post_tag","embeddable":true,"href":"https:\/\/fiaf.net\/emiliaromagna\/wp-json\/wp\/v2\/tags?post=404"}],"curies":[{"name":"wp","href":"https:\/\/api.w.org\/{rel}","templated":true}]}}