{"id":418,"date":"2013-02-05T13:21:34","date_gmt":"2013-02-05T11:21:34","guid":{"rendered":"https:\/\/fiaf.net\/regioni\/emiliaromagna\/?p=418"},"modified":"2013-02-05T13:21:34","modified_gmt":"2013-02-05T11:21:34","slug":"incontri-di-fotografia-2","status":"publish","type":"post","link":"https:\/\/fiaf.net\/emiliaromagna\/incontri-di-fotografia-2\/","title":{"rendered":"Incontri di fotografia"},"content":{"rendered":"<p><a href=\"https:\/\/fiaf.net\/emiliaromagna\/wp-content\/uploads\/sites\/9\/2013\/02\/Volantino-Laboratori-e-Signora-Fotografia022.jpg\"><img loading=\"lazy\" decoding=\"async\" class=\"alignnone size-full wp-image-419\" title=\"Volantino Laboratori e Signora Fotografia02\" src=\"https:\/\/fiaf.net\/emiliaromagna\/wp-content\/uploads\/sites\/9\/2013\/02\/Volantino-Laboratori-e-Signora-Fotografia022.jpg\" alt=\"\" width=\"600\" height=\"857\" srcset=\"https:\/\/fiaf.net\/emiliaromagna\/wp-content\/uploads\/sites\/9\/2013\/02\/Volantino-Laboratori-e-Signora-Fotografia022.jpg 600w, https:\/\/fiaf.net\/emiliaromagna\/wp-content\/uploads\/sites\/9\/2013\/02\/Volantino-Laboratori-e-Signora-Fotografia022-210x300.jpg 210w\" sizes=\"auto, (max-width: 600px) 100vw, 600px\" \/><\/a><\/p>\n<p align=\"center\"><strong>INCONTRI DI FOTOGRAFIA<\/strong><\/p>\n<p align=\"center\"><strong>Sede Tank &#8211; Circosc. 2 \u2013 Via Sillaro 42 FC &#8211; Sala FORO BOARIO, 7 &#8211; FORLI\u2019<\/strong><\/p>\n<p align=\"center\"><strong>ORE 21.00<\/strong><\/p>\n<p><strong>\u00a0<\/strong><\/p>\n<p align=\"center\"><strong>Iscrizioni e info <\/strong><a href=\"mailto:tank2009@virgilio.it\"><strong>tank2009@virgilio.it<\/strong><\/a><strong><\/strong><\/p>\n<p align=\"center\">Andrea 333 2039765 &#8211; Cristina 335 5989156<\/p>\n<p align=\"center\"><span style=\"text-decoration: underline\">Gradita prenotazione<\/span><\/p>\n<p><strong>\u00a0<\/strong><br \/>\n<strong>LABORATORIO03 DI FOTOGRAFIA <\/strong><br \/>\n<strong><span style=\"text-decoration: underline\">Marted\u00ec 5 febbraio 2013 c\/o Sede Tank Via Sillaro, 42 &#8211; Forl\u00ec<\/span><\/strong><br \/>\n<strong>Cristina Paglionico<\/strong><br \/>\n<strong>Ritratto di un Paese: l\u2019Italia dei Fotografi dal 1945 agli anni 200<\/strong><br \/>\nFotografi professionisti e non hanno dato il loro contributo alla Storia del nostro Paese.<br \/>\n&nbsp;<br \/>\n<strong><span style=\"text-decoration: underline\">Marted\u00ec 12 febbraio 2013 c\/o Sede Tank Via Sillaro, 42 &#8211; Forl\u00ec<\/span><\/strong><br \/>\n<strong>Andrea Angelini<\/strong><br \/>\n<strong>La fotografia Concettuale<\/strong><br \/>\nUna delle avanguardie del 900 che ha fatto la storia della fotografia; un percorso tutto da scoprire attraverso i protagonisti dell\u2019arte concettuale ed analizzando le idee che l\u2019hanno caratterizzata.<br \/>\n&nbsp;<br \/>\n<strong><span style=\"text-decoration: underline\">Marted\u00ec 19 Febbario 2013 c\/o Sede Tank Via Sillaro, 42 &#8211; Forl\u00ec<\/span><\/strong><br \/>\n<strong>Cinzia Busi Thompson<\/strong><br \/>\n<strong>Arte e fotografia<\/strong><br \/>\nTendenze artistiche della fotografia che si affranca e si fonde nel mondo delle Belle Arti.<br \/>\n&nbsp;<br \/>\n<strong>SIGNORA FOTOGRAFIA 02<\/strong><br \/>\n<strong><span style=\"text-decoration: underline\">Marted\u00ec 12 marzo 2013 c\/o Sala FORO BOARIO, 7 &#8211; Forl\u00ec<\/span><\/strong><br \/>\n<strong>Claudio Marra<\/strong><br \/>\n<strong>L\u2019identit\u00e0 della fotografia attraverso il cinema<\/strong><br \/>\nAttraverso l\u2019analisi di alcuni celebri film della seconda met\u00e0 del Novecento si faranno emergere i capisaldi di un\u2019identit\u00e0 fotografica determinante dalla ricerca artistica e dalla pratica sociale del mezzo.<br \/>\n&nbsp;<br \/>\n<strong><span style=\"text-decoration: underline\">Marted\u00ec 19 marzo 2013 c\/o Sala FORO BOARIO, 7 &#8211; Forl\u00ec<\/span><\/strong><br \/>\n<strong>Claudio Marra<\/strong><br \/>\n<strong>Tendenze della ricerca fotografica fra gli anni Novanta e Duemila<\/strong><br \/>\nQuali le conferme e quali le novit\u00e0 nella ricerca fotografica tra gli anni Novanta e Duemila? Attraverso l\u2019analisi dell\u2019opera di alcuni autori chiave di questo periodo, si metteranno in luce le caratteristiche con le quali il mezzo \u00e8 presente nella ricerca artistica a cavallo del millennio.<br \/>\n&nbsp;<br \/>\n<strong><span style=\"text-decoration: underline\">Marted\u00ec 26 marzo 2013 c\/o Sala FORO BOARIO, 7 &#8211; Forl\u00ec<\/span><\/strong><br \/>\n<strong>Federica Muzzarelli<\/strong><br \/>\n<strong>Dal buco della serratura. Voyeurismo e Fotografia<\/strong><br \/>\nUn percorso attraverso i protagonisti e le vicende di una delle dimensioni pi\u00f9 affascinanti e insieme pi\u00f9 istintive dell&#8217;identit\u00e0 della fotografia.<br \/>\n&nbsp;<br \/>\n<strong><span style=\"text-decoration: underline\">Marted\u00ec 02 Aprile 2013 c\/o Sala FORO BOARIO, 7 &#8211; Forl\u00ec<\/span><\/strong><br \/>\n<strong>Federica Muzzarelli<\/strong><br \/>\n<strong>Moderne icone di moda. La costruzione fotografica del mito<\/strong><br \/>\nDi come alcune personalit\u00e0 a cavallo tra Otto e Novecento hanno saputo fin da subito sfruttare la fotografia come il mezzo per eccellenza per creare il mito di s\u00e9, per farsi icona mediale. Da Baudelaire a D&#8217;Annunzio, da Nijinski a Schwarzenbach e altri.<br \/>\n&nbsp;<\/p>\n<p align=\"center\"><strong>PER PARTECIPARE A TUTTI GLI INCONTRI E\u2019 SUFFICIENTE ASSOCIARSI A TANK SVILUPPO IMMAGINE: 25,00\u20ac &#8211; Under25:\u00a0 15,00\u20ac<\/strong><\/p>\n\n    <div class=\"xs_social_share_widget xs_share_url after_content \t\tmain_content  wslu-style-1 wslu-share-box-shaped wslu-fill-colored wslu-none wslu-share-horizontal wslu-theme-font-no wslu-main_content\">\n\n\t\t\n        <ul>\n\t\t\t        <\/ul>\n    <\/div> \n","protected":false},"excerpt":{"rendered":"<p>INCONTRI DI FOTOGRAFIA Sede Tank &#8211; Circosc. 2 \u2013 Via Sillaro 42 FC &#8211; Sala FORO BOARIO, 7 &#8211; FORLI\u2019 &hellip;<\/p>\n","protected":false},"author":64,"featured_media":420,"comment_status":"closed","ping_status":"open","sticky":false,"template":"","format":"standard","meta":{"_acf_changed":false,"footnotes":""},"categories":[2],"tags":[],"class_list":["post-418","post","type-post","status-publish","format-standard","has-post-thumbnail","hentry","category-attivita-circoli"],"acf":[],"_links":{"self":[{"href":"https:\/\/fiaf.net\/emiliaromagna\/wp-json\/wp\/v2\/posts\/418","targetHints":{"allow":["GET"]}}],"collection":[{"href":"https:\/\/fiaf.net\/emiliaromagna\/wp-json\/wp\/v2\/posts"}],"about":[{"href":"https:\/\/fiaf.net\/emiliaromagna\/wp-json\/wp\/v2\/types\/post"}],"author":[{"embeddable":true,"href":"https:\/\/fiaf.net\/emiliaromagna\/wp-json\/wp\/v2\/users\/64"}],"replies":[{"embeddable":true,"href":"https:\/\/fiaf.net\/emiliaromagna\/wp-json\/wp\/v2\/comments?post=418"}],"version-history":[{"count":0,"href":"https:\/\/fiaf.net\/emiliaromagna\/wp-json\/wp\/v2\/posts\/418\/revisions"}],"wp:featuredmedia":[{"embeddable":true,"href":"https:\/\/fiaf.net\/emiliaromagna\/wp-json\/wp\/v2\/media\/420"}],"wp:attachment":[{"href":"https:\/\/fiaf.net\/emiliaromagna\/wp-json\/wp\/v2\/media?parent=418"}],"wp:term":[{"taxonomy":"category","embeddable":true,"href":"https:\/\/fiaf.net\/emiliaromagna\/wp-json\/wp\/v2\/categories?post=418"},{"taxonomy":"post_tag","embeddable":true,"href":"https:\/\/fiaf.net\/emiliaromagna\/wp-json\/wp\/v2\/tags?post=418"}],"curies":[{"name":"wp","href":"https:\/\/api.w.org\/{rel}","templated":true}]}}