{"id":4236,"date":"2018-12-02T03:00:05","date_gmt":"2018-12-02T01:00:05","guid":{"rendered":"https:\/\/fiaf.net\/regioni\/emiliaromagna\/?p=4236"},"modified":"2018-12-02T03:00:05","modified_gmt":"2018-12-02T01:00:05","slug":"luoghi-darte-e-dellarte-2","status":"publish","type":"post","link":"https:\/\/fiaf.net\/emiliaromagna\/luoghi-darte-e-dellarte-2\/","title":{"rendered":"Luoghi d&#039;Arte e dell&#039;Arte &#8211; FERRARA"},"content":{"rendered":"<p><a href=\"https:\/\/fiaf.net\/emiliaromagna\/wp-content\/uploads\/sites\/9\/2018\/11\/locandina-MOSTRA-Ferrara-completa.jpg\"><img loading=\"lazy\" decoding=\"async\" class=\"aligncenter size-large wp-image-4237\" alt=\"locandina MOSTRA Ferrara completa\" src=\"https:\/\/fiaf.net\/emiliaromagna\/wp-content\/uploads\/sites\/9\/2018\/11\/locandina-MOSTRA-Ferrara-completa-727x1024.jpg\" width=\"727\" height=\"1024\" srcset=\"https:\/\/fiaf.net\/emiliaromagna\/wp-content\/uploads\/sites\/9\/2018\/11\/locandina-MOSTRA-Ferrara-completa-727x1024.jpg 727w, https:\/\/fiaf.net\/emiliaromagna\/wp-content\/uploads\/sites\/9\/2018\/11\/locandina-MOSTRA-Ferrara-completa-213x300.jpg 213w, https:\/\/fiaf.net\/emiliaromagna\/wp-content\/uploads\/sites\/9\/2018\/11\/locandina-MOSTRA-Ferrara-completa-768x1081.jpg 768w, https:\/\/fiaf.net\/emiliaromagna\/wp-content\/uploads\/sites\/9\/2018\/11\/locandina-MOSTRA-Ferrara-completa-1091x1536.jpg 1091w, https:\/\/fiaf.net\/emiliaromagna\/wp-content\/uploads\/sites\/9\/2018\/11\/locandina-MOSTRA-Ferrara-completa-1455x2048.jpg 1455w, https:\/\/fiaf.net\/emiliaromagna\/wp-content\/uploads\/sites\/9\/2018\/11\/locandina-MOSTRA-Ferrara-completa-scaled.jpg 1818w\" sizes=\"auto, (max-width: 727px) 100vw, 727px\" \/><\/a><br \/>\n<b>Mostra fotografica LUOGHI D\u2019ARTE E DELL\u2019ARTE<\/b>.<br \/>\nProsegue il tour della mostra fotografica dedicata ai Beni patrimonio artistico della regione Emilia Romagna promossa da FIAF Emilia Romagna, a seguito della pubblicazione dell\u2019omonimo libro uscito nel maggio del 2017.<\/p>\n<p style=\"text-align: justify\">Dopo il lancio in anteprima a Cento nel mese di Settembre \u00e8 stata poi la volta di Salsomaggiore Terme e <i>Villerupt<\/i> (Francia) ove \u00e8 stata esposta durante il 41\u00b0 Festival del Film Italiano \u2013 quest\u2019anno dedicato proprio all\u2019Emilia Romagna \u2013 dal prossimo <b>20 Novembre <\/b>la mostra sar\u00e0 visitabile a<b> Ferrara presso Palazzo Turchi di Bagno.<\/b><\/p>\n<p style=\"text-align: justify\">L&#8217;iniziativa \u00e8 promossa dal CDE (<i>Centro di Documentazione e studi sull\u2019Unione Europea<\/i>) dell\u2019Universit\u00e0 di Ferrara, dal FOTOCLUB Ferrara e da FIAF (<i>Federazione Italiana Associazioni Fotografiche<\/i>) delegazione Emilia Romagna, vanta il patrocinio del Comune di Ferrara e la collaborazione del Sistema Museale di Ateneo.<\/p>\n<p style=\"text-align: justify\">Ed \u00e8 proprio dal CDE dell\u2019Universit\u00e0 di Ferrara che \u00e8 nata l\u2019idea di portare nella citt\u00e0 estense questa esposizione, in occasione delle iniziative organizzate dalla rete dei CDE per il progetto \u201cPopoli, culture e tradizioni: un patrimonio comune per l\u2019Europa del futuro\u201d, realizzato con il contributo della Rappresentanza in Italia della Commissione europea, in occasione dell\u2019Anno europeo del Patrimonio Culturale.<\/p>\n<p style=\"text-align: justify\">Per il Direttore del CDE dell\u2019Universit\u00e0 di Ferrara, prof. <b>Paolo Borghi<\/b>, \u201c<i>la mostra permette al visitatore \u2013 grazie alla potenza evocativa del mezzo fotografico \u2013 di emozionarsi davanti alla scoperta di ricchezze spesso del tutto sconosciute di una regione italiana. \u00c8 il primo passo per formare una coscienza culturale comune europea: la consapevolezza del patrimonio culturale dell\u2019Europa (cui l\u2019Unione ha voluto dedicare l\u2019anno 2018) non potr\u00e0 mai nascere dalla omologazione e dalla cancellazione delle differenze, ma sar\u00e0 sempre il frutto della sua unica variet\u00e0, fatta di eccellenze locali che nascono dall\u2019enorme \u2018biodiversit\u00e0 culturale\u2019 dei popoli che la compongono.<\/i>\u201d<\/p>\n<p style=\"text-align: justify\">Sono<b> 65 i fotografi<\/b> presenti in mostra, con altrettante immagini che descrivono <b>luoghi d&#8217;arte<\/b> e <b>luoghi che contengono l&#8217;arte<\/b>, distribuiti su tutto il territorio regionale, da Piacenza a Rimini. Luoghi noti e meno noti, che suscitano interesse in chi osserva, curiosit\u00e0 e desiderio di visitarli dal vivo. Tra questi vi sono beni considerati Patrimonio dell\u2019UNESCO, e altri meno conosciuti, ma non per questo meno interessanti.<\/p>\n<p style=\"text-align: justify\">La tappa ferrarese \u00e8 ricca di significati, in <i>primis<\/i> perch\u00e9 la citt\u00e0 \u00e8 Patrimonio dell\u2019Unesco e dunque sede ideale per ospitare una mostra che parla di luoghi d\u2019Arte e dell\u2019Arte. In secondo luogo perch\u00e9 il Fotoclub Ferrara B.F.I., che l\u2019ha organizzata in <i>partnership<\/i> con il CDE dell\u2019Universit\u00e0 di Ferrara, \u00e8 un circolo molto attivo e soprattutto presente con propri soci tra gli autori della mostra stessa.<\/p>\n<p style=\"text-align: justify\">Per <b>Maurizio Tieghi<\/b> presidente del Fotoclub Ferrara <i>\u201cquesto evento ci ha permesso, non solo di portare a Ferrara una mostra a valenza regionale alla quale il nostro Fotoclub ha contribuito in maniera attiva, ma di collaborare con l\u2019Universit\u00e0 di Ferrara in particolare con il Centro Documentazione e studi sull\u2019Unione Europea e di esporre in un contenitore culturale di grandissimo prestigio come la sala mostre di Palazzo Turchi di Bagno\u201d.<\/i><\/p>\n<p style=\"text-align: justify\">Tra gli autori che hanno aderito all\u2019iniziativa sono presenti anche Grandi Maestri della nostra regione conosciuti in ambito internazionale come <b>Stanislao FARRI,<\/b> <b>Franco FONTANA,<\/b> <b>Ivano BOLONDI, Luciano BOVINA e Antonella MONZONI <\/b>che con le loro immagini hanno contributo ad arricchire ulteriormente la mostra.<\/p>\n<p style=\"text-align: justify\">Il <b>1\u00b0 Dicembre alle ore 18,00<\/b> si terr\u00e0 il <i>finissage<\/i> della mostra, al quale parteciperanno tutti i protagonisti che hanno reso possibile questa esposizione:<\/p>\n<table border=\"0\" cellspacing=\"0\" cellpadding=\"0\">\n<tbody>\n<tr>\n<td valign=\"top\" width=\"255\">\n<p align=\"right\"><b>Paolo Borghi <\/b><\/p>\n<\/td>\n<td valign=\"top\" width=\"16\"><\/td>\n<td valign=\"top\" width=\"311\">Direttore del CDE<\/td>\n<\/tr>\n<tr>\n<td valign=\"top\" width=\"255\">\n<p align=\"right\"><b>Ursula Thun Hohenstein <\/b><\/p>\n<\/td>\n<td valign=\"top\" width=\"16\"><\/td>\n<td valign=\"top\" width=\"311\">Presidente del Sistema Museale di Ateneo<\/td>\n<\/tr>\n<tr>\n<td valign=\"top\" width=\"255\">\n<p align=\"right\"><b>Massimo Maisto <\/b><\/p>\n<\/td>\n<td valign=\"top\" width=\"16\"><\/td>\n<td valign=\"top\" width=\"311\">Assessore alla Cultura del Comune di Ferrara<\/td>\n<\/tr>\n<tr>\n<td valign=\"top\" width=\"255\">\n<p align=\"right\"><b>Maurizio Tieghi\u00a0 <\/b><\/p>\n<\/td>\n<td valign=\"top\" width=\"16\"><\/td>\n<td valign=\"top\" width=\"311\">Presidente del Fotoclub di Ferrara<\/td>\n<\/tr>\n<tr>\n<td valign=\"top\" width=\"255\">\n<p align=\"right\"><b>Elena Melloni\u00a0 <\/b><\/p>\n<\/td>\n<td valign=\"top\" width=\"16\"><\/td>\n<td valign=\"top\" width=\"311\">Delegato FIAF Emilia Romagna<\/td>\n<\/tr>\n<\/tbody>\n<\/table>\n<p>&nbsp;<br \/>\nSi ringraziano Sophia Salmaso del CDE e Chiara Camisani Calzolari dello SMA per il loro prezioso contributo nella realizzazione dell&#8217;evento.<br \/>\nLa mostra \u00e8 corredata da un volume fotografico, disponibile per il pubblico e rimarr\u00e0 aperta fino <b>al 5 Dicembre<\/b> rispettando i seguenti orari di apertura: <span style=\"text-decoration: underline\">dal luned\u00ec al gioved\u00ec 10-18, venerd\u00ec 10-17, sabato e domenica 14,30-18,30.<\/span><br \/>\n<b>Palazzo Turchi di Bagno<\/b><br \/>\n<b>Corso Ercole I d\u2019Este, 32<\/b><br \/>\n<b>Ferrara<\/b><br \/>\n<b>\u00a0<\/b><br \/>\n<b><span style=\"text-decoration: underline\">INGRESSO LIBERO<\/span><\/b><\/p>\n\n    <div class=\"xs_social_share_widget xs_share_url after_content \t\tmain_content  wslu-style-1 wslu-share-box-shaped wslu-fill-colored wslu-none wslu-share-horizontal wslu-theme-font-no wslu-main_content\">\n\n\t\t\n        <ul>\n\t\t\t        <\/ul>\n    <\/div> \n","protected":false},"excerpt":{"rendered":"<p>Mostra fotografica LUOGHI D\u2019ARTE E DELL\u2019ARTE. Prosegue il tour della mostra fotografica dedicata ai Beni patrimonio artistico della regione Emilia &hellip;<\/p>\n","protected":false},"author":64,"featured_media":4242,"comment_status":"closed","ping_status":"closed","sticky":false,"template":"","format":"standard","meta":{"_acf_changed":false,"footnotes":""},"categories":[2,6,9],"tags":[],"class_list":["post-4236","post","type-post","status-publish","format-standard","has-post-thumbnail","hentry","category-attivita-circoli","category-generale","category-mostre"],"acf":[],"_links":{"self":[{"href":"https:\/\/fiaf.net\/emiliaromagna\/wp-json\/wp\/v2\/posts\/4236","targetHints":{"allow":["GET"]}}],"collection":[{"href":"https:\/\/fiaf.net\/emiliaromagna\/wp-json\/wp\/v2\/posts"}],"about":[{"href":"https:\/\/fiaf.net\/emiliaromagna\/wp-json\/wp\/v2\/types\/post"}],"author":[{"embeddable":true,"href":"https:\/\/fiaf.net\/emiliaromagna\/wp-json\/wp\/v2\/users\/64"}],"replies":[{"embeddable":true,"href":"https:\/\/fiaf.net\/emiliaromagna\/wp-json\/wp\/v2\/comments?post=4236"}],"version-history":[{"count":0,"href":"https:\/\/fiaf.net\/emiliaromagna\/wp-json\/wp\/v2\/posts\/4236\/revisions"}],"wp:featuredmedia":[{"embeddable":true,"href":"https:\/\/fiaf.net\/emiliaromagna\/wp-json\/wp\/v2\/media\/4242"}],"wp:attachment":[{"href":"https:\/\/fiaf.net\/emiliaromagna\/wp-json\/wp\/v2\/media?parent=4236"}],"wp:term":[{"taxonomy":"category","embeddable":true,"href":"https:\/\/fiaf.net\/emiliaromagna\/wp-json\/wp\/v2\/categories?post=4236"},{"taxonomy":"post_tag","embeddable":true,"href":"https:\/\/fiaf.net\/emiliaromagna\/wp-json\/wp\/v2\/tags?post=4236"}],"curies":[{"name":"wp","href":"https:\/\/api.w.org\/{rel}","templated":true}]}}