{"id":5311,"date":"2022-03-11T20:19:44","date_gmt":"2022-03-11T19:19:44","guid":{"rendered":"https:\/\/fiaf.net\/emiliaromagna\/?p=5311"},"modified":"2022-03-11T20:25:39","modified_gmt":"2022-03-11T19:25:39","slug":"cesare-di-liborio-pensieroprogetti-e-sperimentazione","status":"publish","type":"post","link":"https:\/\/fiaf.net\/emiliaromagna\/cesare-di-liborio-pensieroprogetti-e-sperimentazione\/","title":{"rendered":"Cesare Di Liborio &#8211; Pensiero,progetti e sperimentazione"},"content":{"rendered":"<p><img loading=\"lazy\" decoding=\"async\" class=\"aligncenter wp-image-5312\" src=\"https:\/\/fiaf.net\/emiliaromagna\/wp-content\/uploads\/sites\/9\/2022\/03\/Locandina-Cesare-Di-Liborio-819x1024.jpg\" alt=\"\" width=\"542\" height=\"678\" srcset=\"https:\/\/fiaf.net\/emiliaromagna\/wp-content\/uploads\/sites\/9\/2022\/03\/Locandina-Cesare-Di-Liborio-819x1024.jpg 819w, https:\/\/fiaf.net\/emiliaromagna\/wp-content\/uploads\/sites\/9\/2022\/03\/Locandina-Cesare-Di-Liborio-240x300.jpg 240w, https:\/\/fiaf.net\/emiliaromagna\/wp-content\/uploads\/sites\/9\/2022\/03\/Locandina-Cesare-Di-Liborio-768x960.jpg 768w, https:\/\/fiaf.net\/emiliaromagna\/wp-content\/uploads\/sites\/9\/2022\/03\/Locandina-Cesare-Di-Liborio-1229x1536.jpg 1229w, https:\/\/fiaf.net\/emiliaromagna\/wp-content\/uploads\/sites\/9\/2022\/03\/Locandina-Cesare-Di-Liborio-1638x2048.jpg 1638w, https:\/\/fiaf.net\/emiliaromagna\/wp-content\/uploads\/sites\/9\/2022\/03\/Locandina-Cesare-Di-Liborio-scaled.jpg 2048w\" sizes=\"auto, (max-width: 542px) 100vw, 542px\" \/><\/p>\n<h2 style=\"text-align: center\"><strong>Cesare Di Liborio<\/strong><\/h2>\n<h5 style=\"text-align: center\"><strong>Luned\u00ec 21 Marzo ore 21:00<\/strong><br \/>\n<strong>Serata con L\u2019autore<\/strong><br \/>\n<strong>Alla Bottega Photographica<\/strong><br \/>\n<strong>Boretto\u00a0 R.E.\u00a0\u00a0 V.le Umberto 1\u00b0 n\u00b023<\/strong><\/h5>\n<p><em><strong>Pensiero, progetti e sperimentazione<\/strong><\/em><\/p>\n<p>Cesare Di\u00a0 Liborio\u00a0 \u00a0(Reggio Emilia 1960)<br \/>\nVive e lavora a Basilicagoiano (PR).<\/p>\n<p>Ha esposto in personali e collettive sia in Italia sia all\u2019estero. Ha pubblicato svariati libri sulla sua ricerca fotografica contenenti testi di Jacques Le Goff, C.H. Favrod, Italo Zannier, Mich\u00e8le Moutashar, Xavier Canonne, Antonella Anedda, Robert Pujade, Paolo Barbaro, Massimo Mussini, Daniele De Luigi, Elena Alfonsi e altri ancora.<\/p>\n<p>Le sue fotografie sono presenti nelle collezioni di: Bibliotheque Nationale de France, Mus\u00e9e Reattu, Arles, Mus\u00e9e de la Photographie, Charleroi, Archivio Italo Zannier, Venezia, Maison Europ\u00e9enne de la Photographie, Parigi, Victoria &amp; Albert Museum, Londra, J. Paul Getty Museum, Los Angeles, Fondazione Giulia Maramotti, Reggio Emilia, Detuschen Centrum f\u00fcr Photographie, Kunstbibliothek, Berlino, CSAC Centro Studi Archivio della Comunicazione, Parma e diverse altre.<\/p>\n\n    <div class=\"xs_social_share_widget xs_share_url after_content \t\tmain_content  wslu-style-1 wslu-share-box-shaped wslu-fill-colored wslu-none wslu-share-horizontal wslu-theme-font-no wslu-main_content\">\n\n\t\t\n        <ul>\n\t\t\t        <\/ul>\n    <\/div> \n","protected":false},"excerpt":{"rendered":"<p>Cesare Di Liborio Luned\u00ec 21 Marzo ore 21:00 Serata con L\u2019autore Alla Bottega Photographica Boretto\u00a0 R.E.\u00a0\u00a0 V.le Umberto 1\u00b0 n\u00b023 &hellip;<\/p>\n","protected":false},"author":29,"featured_media":5317,"comment_status":"closed","ping_status":"closed","sticky":false,"template":"","format":"standard","meta":{"_acf_changed":false,"footnotes":""},"categories":[2,8],"tags":[],"class_list":["post-5311","post","type-post","status-publish","format-standard","has-post-thumbnail","hentry","category-attivita-circoli","category-manifestazioni"],"acf":[],"_links":{"self":[{"href":"https:\/\/fiaf.net\/emiliaromagna\/wp-json\/wp\/v2\/posts\/5311","targetHints":{"allow":["GET"]}}],"collection":[{"href":"https:\/\/fiaf.net\/emiliaromagna\/wp-json\/wp\/v2\/posts"}],"about":[{"href":"https:\/\/fiaf.net\/emiliaromagna\/wp-json\/wp\/v2\/types\/post"}],"author":[{"embeddable":true,"href":"https:\/\/fiaf.net\/emiliaromagna\/wp-json\/wp\/v2\/users\/29"}],"replies":[{"embeddable":true,"href":"https:\/\/fiaf.net\/emiliaromagna\/wp-json\/wp\/v2\/comments?post=5311"}],"version-history":[{"count":3,"href":"https:\/\/fiaf.net\/emiliaromagna\/wp-json\/wp\/v2\/posts\/5311\/revisions"}],"predecessor-version":[{"id":5316,"href":"https:\/\/fiaf.net\/emiliaromagna\/wp-json\/wp\/v2\/posts\/5311\/revisions\/5316"}],"wp:featuredmedia":[{"embeddable":true,"href":"https:\/\/fiaf.net\/emiliaromagna\/wp-json\/wp\/v2\/media\/5317"}],"wp:attachment":[{"href":"https:\/\/fiaf.net\/emiliaromagna\/wp-json\/wp\/v2\/media?parent=5311"}],"wp:term":[{"taxonomy":"category","embeddable":true,"href":"https:\/\/fiaf.net\/emiliaromagna\/wp-json\/wp\/v2\/categories?post=5311"},{"taxonomy":"post_tag","embeddable":true,"href":"https:\/\/fiaf.net\/emiliaromagna\/wp-json\/wp\/v2\/tags?post=5311"}],"curies":[{"name":"wp","href":"https:\/\/api.w.org\/{rel}","templated":true}]}}