{"id":5433,"date":"2022-06-12T15:55:38","date_gmt":"2022-06-12T13:55:38","guid":{"rendered":"https:\/\/fiaf.net\/emiliaromagna\/?p=5433"},"modified":"2022-06-13T07:28:36","modified_gmt":"2022-06-13T05:28:36","slug":"io-mangio-locale-mostra-fotografica-collettiva-del-colors-light","status":"publish","type":"post","link":"https:\/\/fiaf.net\/emiliaromagna\/io-mangio-locale-mostra-fotografica-collettiva-del-colors-light\/","title":{"rendered":"IO MANGIO LOCALE mostra fotografica collettiva del Color&#8217;s Light"},"content":{"rendered":"<p><img loading=\"lazy\" decoding=\"async\" class=\"aligncenter size-large wp-image-5434\" src=\"https:\/\/fiaf.net\/emiliaromagna\/wp-content\/uploads\/sites\/9\/2022\/06\/io-mangio-locale1-724x1024.jpg\" alt=\"\" width=\"724\" height=\"1024\" \/><\/p>\n<h1 style=\"text-align: center\"><strong><u>Io Mangio Locale<\/u><\/strong><\/h1>\n<p>E\u2019 possibile mangiare in modo ecosostenibile? Questa \u00e8 la domanda che ci siamo fatti vedendo in tanti supermercati, frutta e altri generi alimentari che prima di arrivare sulle nostre tavole percorrono migliaia di Chilometri e quanta plastica negli imballaggi!<\/p>\n<p><u>E\u2019 possibile cambiare direzione?<\/u><\/p>\n<p>Sembra proprio di si, diverse associazioni propongono produzioni e spese a Km zero, il nostro laboratorio ha indagato e fotografato \u201cIo Mangio Locale\u201d un&#8217;associazione Parmense, che promuove la filiera corta e il consumo di prodotti locali, naturali e di stagione, sostenendo l&#8217;economia dei piccoli produttori del territorio ed organizzando per i consumatori un servizio di spese collettive, un consumo alimentare pi\u00f9 consapevole e genuino che mette al centro la qualit\u00e0 dei prodotti, la tutela dell&#8217;ambiente, il sostegno alle piccole realt\u00e0 agricole e all&#8217;economia locale.<\/p>\n<p>I produttori sono spesso giovani che hanno scelto una nuova filosofia di vita, abbandonando il posto fisso, chi impiegato presso importanti uffici oppure operai in aziende manifatturiere, per dedicarsi all\u2019agricoltura come una missione di vita.<\/p>\n<p>L\u2019energia e la gioia di vivere di questi giovani produttori ci ha fatto capire che esiste veramente una via d\u2019uscita ecosostenibile.<\/p>\n<p>Nel nostro progetto proponiamo una serie di immagini che raccontano queste realt\u00e0 dove emerge la gioia di vivere all\u2019aria aperta a contatto con la natura e la voglia di coltivare e produrre prodotti di qualit\u00e0 e biologici, insomma c\u2019\u00e8 speranza per il futuro !!<\/p>\n<p>Le foto del progetto sono state eseguite dai soci del GF Color\u2019s Light Colorno APS : Antonio Fazio, Massimo Gandolfi, Marco Garbi, Cesare Groppi, Gigi Montali e Giovanni Previdi.<\/p>\n<p>Il Progetto \u201cIo Mangio locale\u201d fa parte di un progetto nazionale della FIAF (federazione al cui il gruppo \u00e8 affiliato da tempo) \u201cAmbiente, clima e Futuro\u201d, ricerca fotografica nazionale sulle tematiche ambientali, nel week end del 18-19 Giugno in tutt\u2019Italia ci saranno esposizioni fotografiche.<\/p>\n<p>&nbsp;<\/p>\n<p>&nbsp;<\/p>\n\n    <div class=\"xs_social_share_widget xs_share_url after_content \t\tmain_content  wslu-style-1 wslu-share-box-shaped wslu-fill-colored wslu-none wslu-share-horizontal wslu-theme-font-no wslu-main_content\">\n\n\t\t\n        <ul>\n\t\t\t        <\/ul>\n    <\/div> \n","protected":false},"excerpt":{"rendered":"<p>Io Mangio Locale E\u2019 possibile mangiare in modo ecosostenibile? Questa \u00e8 la domanda che ci siamo fatti vedendo in tanti &hellip;<\/p>\n","protected":false},"author":29,"featured_media":5434,"comment_status":"closed","ping_status":"closed","sticky":false,"template":"","format":"standard","meta":{"_acf_changed":false,"footnotes":""},"categories":[2,9],"tags":[],"class_list":["post-5433","post","type-post","status-publish","format-standard","has-post-thumbnail","hentry","category-attivita-circoli","category-mostre"],"acf":[],"_links":{"self":[{"href":"https:\/\/fiaf.net\/emiliaromagna\/wp-json\/wp\/v2\/posts\/5433","targetHints":{"allow":["GET"]}}],"collection":[{"href":"https:\/\/fiaf.net\/emiliaromagna\/wp-json\/wp\/v2\/posts"}],"about":[{"href":"https:\/\/fiaf.net\/emiliaromagna\/wp-json\/wp\/v2\/types\/post"}],"author":[{"embeddable":true,"href":"https:\/\/fiaf.net\/emiliaromagna\/wp-json\/wp\/v2\/users\/29"}],"replies":[{"embeddable":true,"href":"https:\/\/fiaf.net\/emiliaromagna\/wp-json\/wp\/v2\/comments?post=5433"}],"version-history":[{"count":2,"href":"https:\/\/fiaf.net\/emiliaromagna\/wp-json\/wp\/v2\/posts\/5433\/revisions"}],"predecessor-version":[{"id":5436,"href":"https:\/\/fiaf.net\/emiliaromagna\/wp-json\/wp\/v2\/posts\/5433\/revisions\/5436"}],"wp:featuredmedia":[{"embeddable":true,"href":"https:\/\/fiaf.net\/emiliaromagna\/wp-json\/wp\/v2\/media\/5434"}],"wp:attachment":[{"href":"https:\/\/fiaf.net\/emiliaromagna\/wp-json\/wp\/v2\/media?parent=5433"}],"wp:term":[{"taxonomy":"category","embeddable":true,"href":"https:\/\/fiaf.net\/emiliaromagna\/wp-json\/wp\/v2\/categories?post=5433"},{"taxonomy":"post_tag","embeddable":true,"href":"https:\/\/fiaf.net\/emiliaromagna\/wp-json\/wp\/v2\/tags?post=5433"}],"curies":[{"name":"wp","href":"https:\/\/api.w.org\/{rel}","templated":true}]}}