{"id":5437,"date":"2022-06-07T18:23:06","date_gmt":"2022-06-07T16:23:06","guid":{"rendered":"https:\/\/fiaf.net\/emiliaromagna\/?p=5437"},"modified":"2022-06-07T18:25:07","modified_gmt":"2022-06-07T16:25:07","slug":"viaggi-sotto-le-stelle-31-edizione","status":"publish","type":"post","link":"https:\/\/fiaf.net\/emiliaromagna\/viaggi-sotto-le-stelle-31-edizione\/","title":{"rendered":"VIAGGI SOTTO LE STELLE 31\u00b0 EDIZIONE"},"content":{"rendered":"<p><img loading=\"lazy\" decoding=\"async\" class=\"size-large wp-image-5438\" src=\"https:\/\/fiaf.net\/emiliaromagna\/wp-content\/uploads\/sites\/9\/2022\/06\/VIAGGI2-725x1024.jpg\" alt=\"\" width=\"725\" height=\"1024\" \/><\/p>\n<p>&nbsp;<\/p>\n<h1 style=\"text-align: center\"><strong><u>Viaggi sotto le stelle 31\u00b0 edizione<\/u><\/strong><\/h1>\n<p>&nbsp;<\/p>\n<p>Con il presente comunicato vi informiamo che a partire da venerd\u00ec 1 luglio nel parterre della Reggia Di Colorno ritorneranno le proiezioni di audiovisivi fotografici \u201cViaggi sotto le stelle\u201d.<\/p>\n<p>tutti i venerd\u00ec di Luglio e Agosto autori dei pi\u00f9 conosciuti del nord Italia si alterneranno con proposte visive di alta qualit\u00e0, un programma che inizier\u00e0 con gli autori parmigiani pluripremiati Oreste &amp; Odetta Ferretti.<\/p>\n<p>L\u2019edizione di quest\u2019anno proporr\u00e0 diversi autori tra i pi\u00f9 conosciuti del panorama nazionale per la prima volta ospiti della rassegna:\u00a0 Sandra Zagolin, Guido Forino, Giulio Montini e Cividal Giorgio.<\/p>\n<p>Non mancheranno le certezze locali che da anni sono presenti alla rassegna: Massimo gandolfi, Gigi Montali, Stefano Anzola &amp; Antonio Cosi.<\/p>\n<p>Un\u2019estate da viaggiare sotto le stelle della Reggia Colornese, tutte le serate sono ad ingresso gratuito, avranno inizio all\u2019imbrunire (ore 21,30 circa).<\/p>\n\n    <div class=\"xs_social_share_widget xs_share_url after_content \t\tmain_content  wslu-style-1 wslu-share-box-shaped wslu-fill-colored wslu-none wslu-share-horizontal wslu-theme-font-no wslu-main_content\">\n\n\t\t\n        <ul>\n\t\t\t        <\/ul>\n    <\/div> \n","protected":false},"excerpt":{"rendered":"<p>&nbsp; Viaggi sotto le stelle 31\u00b0 edizione &nbsp; Con il presente comunicato vi informiamo che a partire da venerd\u00ec 1 &hellip;<\/p>\n","protected":false},"author":29,"featured_media":5438,"comment_status":"closed","ping_status":"closed","sticky":false,"template":"","format":"standard","meta":{"_acf_changed":false,"footnotes":""},"categories":[2,3,8],"tags":[],"class_list":["post-5437","post","type-post","status-publish","format-standard","has-post-thumbnail","hentry","category-attivita-circoli","category-audiovisivi-fotografici","category-manifestazioni"],"acf":[],"_links":{"self":[{"href":"https:\/\/fiaf.net\/emiliaromagna\/wp-json\/wp\/v2\/posts\/5437","targetHints":{"allow":["GET"]}}],"collection":[{"href":"https:\/\/fiaf.net\/emiliaromagna\/wp-json\/wp\/v2\/posts"}],"about":[{"href":"https:\/\/fiaf.net\/emiliaromagna\/wp-json\/wp\/v2\/types\/post"}],"author":[{"embeddable":true,"href":"https:\/\/fiaf.net\/emiliaromagna\/wp-json\/wp\/v2\/users\/29"}],"replies":[{"embeddable":true,"href":"https:\/\/fiaf.net\/emiliaromagna\/wp-json\/wp\/v2\/comments?post=5437"}],"version-history":[{"count":1,"href":"https:\/\/fiaf.net\/emiliaromagna\/wp-json\/wp\/v2\/posts\/5437\/revisions"}],"predecessor-version":[{"id":5439,"href":"https:\/\/fiaf.net\/emiliaromagna\/wp-json\/wp\/v2\/posts\/5437\/revisions\/5439"}],"wp:featuredmedia":[{"embeddable":true,"href":"https:\/\/fiaf.net\/emiliaromagna\/wp-json\/wp\/v2\/media\/5438"}],"wp:attachment":[{"href":"https:\/\/fiaf.net\/emiliaromagna\/wp-json\/wp\/v2\/media?parent=5437"}],"wp:term":[{"taxonomy":"category","embeddable":true,"href":"https:\/\/fiaf.net\/emiliaromagna\/wp-json\/wp\/v2\/categories?post=5437"},{"taxonomy":"post_tag","embeddable":true,"href":"https:\/\/fiaf.net\/emiliaromagna\/wp-json\/wp\/v2\/tags?post=5437"}],"curies":[{"name":"wp","href":"https:\/\/api.w.org\/{rel}","templated":true}]}}