{"id":5461,"date":"2022-07-01T11:25:30","date_gmt":"2022-07-01T09:25:30","guid":{"rendered":"https:\/\/fiaf.net\/emiliaromagna\/?p=5461"},"modified":"2022-07-01T11:27:50","modified_gmt":"2022-07-01T09:27:50","slug":"viaggi-sotto-le-stelle-dei-soci-del-colibri","status":"publish","type":"post","link":"https:\/\/fiaf.net\/emiliaromagna\/viaggi-sotto-le-stelle-dei-soci-del-colibri\/","title":{"rendered":"Viaggi sotto le stelle dei Soci del Colibr\u00ec"},"content":{"rendered":"<p><img loading=\"lazy\" decoding=\"async\" class=\"size-large wp-image-5462 aligncenter\" src=\"https:\/\/fiaf.net\/emiliaromagna\/wp-content\/uploads\/sites\/9\/2022\/07\/267755A9F3FE4017A01D273D4562498B-731x1024.jpg\" alt=\"\" width=\"731\" height=\"1024\" \/><\/p>\n<p>&nbsp;<\/p>\n<p style=\"text-align: center\"><strong>La tradizionale rassegna di audiovisivi di viaggi sotto le stelle dei Soci del Colibr\u00ec avr\u00e0 inizio luned\u00ec 4 luglio e continuer\u00e0 nei successivi luned\u00ec di luglio alle 21.30 al Parco Amendola, ingresso via Panni ( Modena ).<\/strong><\/p>\n<p style=\"text-align: center\"><strong>Le proiezioni saranno all&#8217;aperto ma, in caso di maltempo, si svolgeranno nella tensostruttura all&#8217;ingresso del parco.<\/strong><\/p>\n<p>&nbsp;<\/p>\n\n    <div class=\"xs_social_share_widget xs_share_url after_content \t\tmain_content  wslu-style-1 wslu-share-box-shaped wslu-fill-colored wslu-none wslu-share-horizontal wslu-theme-font-no wslu-main_content\">\n\n\t\t\n        <ul>\n\t\t\t        <\/ul>\n    <\/div> \n","protected":false},"excerpt":{"rendered":"<p>&nbsp; La tradizionale rassegna di audiovisivi di viaggi sotto le stelle dei Soci del Colibr\u00ec avr\u00e0 inizio luned\u00ec 4 luglio &hellip;<\/p>\n","protected":false},"author":29,"featured_media":5462,"comment_status":"closed","ping_status":"closed","sticky":false,"template":"","format":"standard","meta":{"_acf_changed":false,"footnotes":""},"categories":[2,3],"tags":[],"class_list":["post-5461","post","type-post","status-publish","format-standard","has-post-thumbnail","hentry","category-attivita-circoli","category-audiovisivi-fotografici"],"acf":[],"_links":{"self":[{"href":"https:\/\/fiaf.net\/emiliaromagna\/wp-json\/wp\/v2\/posts\/5461","targetHints":{"allow":["GET"]}}],"collection":[{"href":"https:\/\/fiaf.net\/emiliaromagna\/wp-json\/wp\/v2\/posts"}],"about":[{"href":"https:\/\/fiaf.net\/emiliaromagna\/wp-json\/wp\/v2\/types\/post"}],"author":[{"embeddable":true,"href":"https:\/\/fiaf.net\/emiliaromagna\/wp-json\/wp\/v2\/users\/29"}],"replies":[{"embeddable":true,"href":"https:\/\/fiaf.net\/emiliaromagna\/wp-json\/wp\/v2\/comments?post=5461"}],"version-history":[{"count":2,"href":"https:\/\/fiaf.net\/emiliaromagna\/wp-json\/wp\/v2\/posts\/5461\/revisions"}],"predecessor-version":[{"id":5464,"href":"https:\/\/fiaf.net\/emiliaromagna\/wp-json\/wp\/v2\/posts\/5461\/revisions\/5464"}],"wp:featuredmedia":[{"embeddable":true,"href":"https:\/\/fiaf.net\/emiliaromagna\/wp-json\/wp\/v2\/media\/5462"}],"wp:attachment":[{"href":"https:\/\/fiaf.net\/emiliaromagna\/wp-json\/wp\/v2\/media?parent=5461"}],"wp:term":[{"taxonomy":"category","embeddable":true,"href":"https:\/\/fiaf.net\/emiliaromagna\/wp-json\/wp\/v2\/categories?post=5461"},{"taxonomy":"post_tag","embeddable":true,"href":"https:\/\/fiaf.net\/emiliaromagna\/wp-json\/wp\/v2\/tags?post=5461"}],"curies":[{"name":"wp","href":"https:\/\/api.w.org\/{rel}","templated":true}]}}