{"id":5526,"date":"2022-09-09T17:37:10","date_gmt":"2022-09-09T15:37:10","guid":{"rendered":"https:\/\/fiaf.net\/emiliaromagna\/?p=5526"},"modified":"2022-09-09T17:48:27","modified_gmt":"2022-09-09T15:48:27","slug":"xxi-rassegna-di-audiovisivi-fotografici-lignoto-e-levidente","status":"publish","type":"post","link":"https:\/\/fiaf.net\/emiliaromagna\/xxi-rassegna-di-audiovisivi-fotografici-lignoto-e-levidente\/","title":{"rendered":"XXI Rassegna di audiovisivi fotografici &#8211; L\u2019IGNOTO E L\u2019EVIDENTE"},"content":{"rendered":"<p><img loading=\"lazy\" decoding=\"async\" class=\"alignnone wp-image-5527 aligncenter\" src=\"https:\/\/fiaf.net\/emiliaromagna\/wp-content\/uploads\/sites\/9\/2022\/09\/LOCANDINA_IE2022DEF-194x300.jpg\" alt=\"\" width=\"312\" height=\"482\" srcset=\"https:\/\/fiaf.net\/emiliaromagna\/wp-content\/uploads\/sites\/9\/2022\/09\/LOCANDINA_IE2022DEF-194x300.jpg 194w, https:\/\/fiaf.net\/emiliaromagna\/wp-content\/uploads\/sites\/9\/2022\/09\/LOCANDINA_IE2022DEF-662x1024.jpg 662w, https:\/\/fiaf.net\/emiliaromagna\/wp-content\/uploads\/sites\/9\/2022\/09\/LOCANDINA_IE2022DEF-768x1187.jpg 768w, https:\/\/fiaf.net\/emiliaromagna\/wp-content\/uploads\/sites\/9\/2022\/09\/LOCANDINA_IE2022DEF-993x1536.jpg 993w, https:\/\/fiaf.net\/emiliaromagna\/wp-content\/uploads\/sites\/9\/2022\/09\/LOCANDINA_IE2022DEF-1325x2048.jpg 1325w, https:\/\/fiaf.net\/emiliaromagna\/wp-content\/uploads\/sites\/9\/2022\/09\/LOCANDINA_IE2022DEF-scaled.jpg 1656w\" sizes=\"auto, (max-width: 312px) 100vw, 312px\" \/><\/p>\n<h3 style=\"text-align: center\"><em>XXI Rassegna di audiovisivi fotografici<\/em><\/h3>\n<h3 style=\"text-align: center\"><strong>L\u2019IGNOTO E L\u2019EVIDENTE<\/strong><\/h3>\n<p>Dopo due anni di stop causa la pandemia, in una nuova collocazione autunnale, il circolo fotografico BLOW UP di MARANELLO \u00e8 lieto di riproporre alla cittadinanza e a tutti gli appassionati di fotografia e viaggi, la rassegna di audiovisivi fotografici\u00a0 giunta alla XXI edizione, con quattro serate il mercoled\u00ec con inizio alle ore 21,00.<\/p>\n<p>Prima serata il <strong>21 SETTEMBRE<\/strong> con il fotografo\u00a0 <strong>GIGI MONTALI<\/strong>, parmense di nascita ma cittadino del mondo. All\u2019attivo molte personali in Italia e autore di vari libri fotografici.<\/p>\n<p><em>\u201cTanto nelle fotografie di paesi lontani, che non sono nella sua ripresa n\u00e9 lontani n\u00e9 \u201cesotici\u201d, quanto nei progetti sull&#8217;Emilia e le terre del Po, Montali si rivela essere un fotografo di viaggio interessato alle tradizioni, consapevole che il viaggio della vita richiede uno sguardo sincero e un animo puro \u201c<\/em><\/p>\n<p><em>\u00a0<\/em>Seconda serata il <strong>28 SETTEMBRE<\/strong> con il fotografo\u00a0 comasco <strong>GIULIO MONTINI<\/strong>\u00a0 il fotografo con pi\u00f9 ammissioni e vittorie nei concorsi fotografici italiani (FIAF) e con vari successi anche\u00a0 all\u2019estero (Katar-Giappone_UK-Abu Dhabi). Tra questi \u00e8 fresco vincitore del <em>Weather Photographer of the Year 2021: su oltre 8900 foto in gara, provenienti da 114 paesi. <\/em>Vanta inoltre dodici partecipazioni alla coppa del mondo con la Federazione Italiana delle quali 5 volte campione del mondo e tre volte secondo.<\/p>\n<p>Terza serata il <strong>5 OTTOBRE<\/strong> con il Fotografo e\u00a0 Viaggiatore <strong>ALESSANDRO BERGAMINI<\/strong><strong>.<\/strong> Vive e lavora a Finale Emilia (MO)<em>.<\/em> Autore di foto importanti e bellissime pubblicate su numerose riviste dice di se: \u201d<em>Viaggiare per me \u00e8 sempre stata una passione, poi \u00e8 diventato anche un lavoro, ma alla fine \u00e8 ancora di pi\u00f9, uno stile di vita. <\/em><em>\u201c<\/em><\/p>\n<p>Durante I suoi viaggi nei paesi e luoghi pi\u00f9 remoti del mondo, Alessandro riesce a cogliere attimi di luce tra il tempo e spazio, in dimensioni di sconosciute culture, riuscendo a costruire un ponte spirituale e visivo tra volti e luoghi, colori e profumi d\u2019oriente in modo straordinario. La sua tecnica di post produzione \u00e8 frutto di una lunga ricerca ed esperienza per poter esprimere al massimo l\u2019atmosfera vissuta nei suoi viaggi.<\/p>\n<p>Nel suo libro <em>HUMANITY<\/em> sono narrate in immagini oltre trenta etnie incontrate nei suoi viaggi.<\/p>\n<p>Quarta serata il <strong>12 OTTOBRE<\/strong> con le immagini dei soci del <strong>CIRCOLO BLOW UP <\/strong><\/p>\n<p>Sicuramente i nomi sono meno famosi ma l\u2019eccellente capacit\u00e0 fotografica e la variet\u00e0 degli stili dei soci del circolo garantisce una serata di bellissimi racconti in immagini<\/p>\n<p style=\"text-align: center\"><img loading=\"lazy\" decoding=\"async\" class=\"alignnone size-medium wp-image-5531\" src=\"https:\/\/fiaf.net\/emiliaromagna\/wp-content\/uploads\/sites\/9\/2022\/09\/CARTOLINA-BLOWUP-RETRO-300x214.jpg\" alt=\"\" width=\"300\" height=\"214\" srcset=\"https:\/\/fiaf.net\/emiliaromagna\/wp-content\/uploads\/sites\/9\/2022\/09\/CARTOLINA-BLOWUP-RETRO-300x214.jpg 300w, https:\/\/fiaf.net\/emiliaromagna\/wp-content\/uploads\/sites\/9\/2022\/09\/CARTOLINA-BLOWUP-RETRO-1024x730.jpg 1024w, https:\/\/fiaf.net\/emiliaromagna\/wp-content\/uploads\/sites\/9\/2022\/09\/CARTOLINA-BLOWUP-RETRO-768x548.jpg 768w, https:\/\/fiaf.net\/emiliaromagna\/wp-content\/uploads\/sites\/9\/2022\/09\/CARTOLINA-BLOWUP-RETRO-1536x1096.jpg 1536w, https:\/\/fiaf.net\/emiliaromagna\/wp-content\/uploads\/sites\/9\/2022\/09\/CARTOLINA-BLOWUP-RETRO.jpg 1772w\" sizes=\"auto, (max-width: 300px) 100vw, 300px\" \/><\/p>\n\n    <div class=\"xs_social_share_widget xs_share_url after_content \t\tmain_content  wslu-style-1 wslu-share-box-shaped wslu-fill-colored wslu-none wslu-share-horizontal wslu-theme-font-no wslu-main_content\">\n\n\t\t\n        <ul>\n\t\t\t        <\/ul>\n    <\/div> \n","protected":false},"excerpt":{"rendered":"<p>XXI Rassegna di audiovisivi fotografici L\u2019IGNOTO E L\u2019EVIDENTE Dopo due anni di stop causa la pandemia, in una nuova collocazione &hellip;<\/p>\n","protected":false},"author":29,"featured_media":5530,"comment_status":"closed","ping_status":"closed","sticky":false,"template":"","format":"standard","meta":{"_acf_changed":false,"footnotes":""},"categories":[2,3],"tags":[],"class_list":["post-5526","post","type-post","status-publish","format-standard","has-post-thumbnail","hentry","category-attivita-circoli","category-audiovisivi-fotografici"],"acf":[],"_links":{"self":[{"href":"https:\/\/fiaf.net\/emiliaromagna\/wp-json\/wp\/v2\/posts\/5526","targetHints":{"allow":["GET"]}}],"collection":[{"href":"https:\/\/fiaf.net\/emiliaromagna\/wp-json\/wp\/v2\/posts"}],"about":[{"href":"https:\/\/fiaf.net\/emiliaromagna\/wp-json\/wp\/v2\/types\/post"}],"author":[{"embeddable":true,"href":"https:\/\/fiaf.net\/emiliaromagna\/wp-json\/wp\/v2\/users\/29"}],"replies":[{"embeddable":true,"href":"https:\/\/fiaf.net\/emiliaromagna\/wp-json\/wp\/v2\/comments?post=5526"}],"version-history":[{"count":3,"href":"https:\/\/fiaf.net\/emiliaromagna\/wp-json\/wp\/v2\/posts\/5526\/revisions"}],"predecessor-version":[{"id":5533,"href":"https:\/\/fiaf.net\/emiliaromagna\/wp-json\/wp\/v2\/posts\/5526\/revisions\/5533"}],"wp:featuredmedia":[{"embeddable":true,"href":"https:\/\/fiaf.net\/emiliaromagna\/wp-json\/wp\/v2\/media\/5530"}],"wp:attachment":[{"href":"https:\/\/fiaf.net\/emiliaromagna\/wp-json\/wp\/v2\/media?parent=5526"}],"wp:term":[{"taxonomy":"category","embeddable":true,"href":"https:\/\/fiaf.net\/emiliaromagna\/wp-json\/wp\/v2\/categories?post=5526"},{"taxonomy":"post_tag","embeddable":true,"href":"https:\/\/fiaf.net\/emiliaromagna\/wp-json\/wp\/v2\/tags?post=5526"}],"curies":[{"name":"wp","href":"https:\/\/api.w.org\/{rel}","templated":true}]}}