{"id":5963,"date":"2024-11-01T16:33:45","date_gmt":"2024-11-01T15:33:45","guid":{"rendered":"https:\/\/fiaf.net\/emiliaromagna\/?p=5963"},"modified":"2025-02-25T10:41:08","modified_gmt":"2025-02-25T09:41:08","slug":"34-convegno-regionale-fiaf-emilia-romagna","status":"publish","type":"post","link":"https:\/\/fiaf.net\/emiliaromagna\/34-convegno-regionale-fiaf-emilia-romagna\/","title":{"rendered":"34\u00b0 Convegno Regionale FIAF Emilia Romagna"},"content":{"rendered":"<p><img loading=\"lazy\" decoding=\"async\" class=\" wp-image-5964 aligncenter\" src=\"https:\/\/fiaf.net\/emiliaromagna\/wp-content\/uploads\/sites\/9\/2024\/11\/locandina-convegno-FIAF-ER-2024-copy-217x300.jpg\" alt=\"\" width=\"442\" height=\"611\" \/><\/p>\n<p>&nbsp;<\/p>\n<h3 style=\"text-align: center\"><strong>PROGRAMMA \u00a034\u00b0 CONVEGNO REGIONALE FIAF<\/strong><\/h3>\n<h3 style=\"text-align: center\"><strong>SALSOMAGGIORE TERME 2024<\/strong><\/h3>\n<p><strong><span style=\"color: #ff0000\">SABATO 16 NOVEMBRE<\/span><\/strong><\/p>\n<p><em>Ore 14:00 \u2013 14:30\u00a0\u00a0\u00a0\u00a0\u00a0\u00a0\u00a0\u00a0\u00a0 <\/em><strong>Apertura Segreteria<\/strong><\/p>\n<p><em>Ore 14:30<\/em><strong> &#8211; <\/strong><em>15:15<\/em><strong>\u00a0\u00a0\u00a0\u00a0\u00a0\u00a0\u00a0\u00a0\u00a0\u00a0\u00a0 Silvano Bicocchi Dipartimenti Cultura e Editoria FIAF, BFI Sem FIAF EFI<\/strong><\/p>\n<p>Presentazione del nuovo tema LAB DI CULT \u201c<strong>Memorie: ci\u00f2 che \u00e8 stato, ci\u00f2 che resta, ci\u00f2 che rester\u00e0.\u201d<\/strong><\/p>\n<ul>\n<li>Lancio del nuovo tema \u201c<strong>Paesaggio industriale in Emilia-Romagna<\/strong>\u201d, progetto fotografico per la produzione della quarta monografia regionale.<\/li>\n<\/ul>\n<p><em>Ore 15:30 -16:15<\/em><strong>\u00a0\u00a0\u00a0\u00a0\u00a0\u00a0\u00a0\u00a0\u00a0\u00a0\u00a0\u00a0 Dimenticanza<\/strong><\/p>\n<ul>\n<li style=\"text-align: left\">Progetto di <strong>Antonella Monzoni MFI <\/strong>con letture di<strong> Susi Rota<\/strong><\/li>\n<\/ul>\n<p><em>Ore 16:30<\/em><strong> &#8211;<\/strong> 17.00\u00a0\u00a0\u00a0\u00a0\u00a0\u00a0\u00a0\u00a0\u00a0\u00a0 Proclamazione Autore dell\u2019anno <strong>FIAF EMILIA ROMAGNA 2024\u00a0\u00a0\u00a0\u00a0\u00a0\u00a0\u00a0\u00a0 \u00a0\u00a0\u00a0\u00a0\u00a0\u00a0\u00a0\u00a0\u00a0\u00a0\u00a0\u00a0\u00a0 <\/strong><\/p>\n<p>Ore 17:15<strong>\u00a0\u00a0\u00a0\u00a0\u00a0\u00a0\u00a0\u00a0\u00a0\u00a0\u00a0\u00a0\u00a0\u00a0\u00a0\u00a0\u00a0\u00a0\u00a0\u00a0\u00a0\u00a0\u00a0\u00a0 Inaugurazione Convegno e apertura Mostre Fotografiche<\/strong><\/p>\n<p>Presso Palazzo dei Congressi di Salsomaggiore Terme: <strong>Sala Mainardi<\/strong><\/p>\n<p>Alla presenza di <strong>Raffaele Capasso BFI<\/strong> Coordinatore Regionale FIAF, <strong>Lorenzo Davighi<\/strong> <strong>BFI <\/strong>presidente del Circolo Fotografico ZOOM di Salsomaggiore.<\/p>\n<p>A seguire <strong>Apericena<\/strong> max partecipanti 60: <span style=\"color: #ff0000\"><strong>prenotazione entro 11 novembre<\/strong><\/span><\/p>\n<p><span style=\"color: #ff0000\"><strong>Prenotarsi presso:<\/strong><\/span>\u00a0\u00a0 <strong><em>Elena 3296483939 <\/em><\/strong><strong><em>\u00a0Marina 3928006899\u00a0\u00a0\u00a0\u00a0 <\/em><\/strong><a href=\"mailto:circolofotograficozoomsalso@gmail.com\"><strong><em>circolofotograficozoomsalso@gmail.com<\/em><\/strong><\/a><\/p>\n<p><strong><em>\u00a0<\/em><\/strong>Ore 20:30 &#8211; 21:30<strong> UN RICORDO PER EUGENIA E IVANO BOLONDI<\/strong><\/p>\n<p><strong>\u00a0<\/strong>Talk su Eugenia e Ivano Bolondi: Fotografia, Viaggi, Amicizia.<\/p>\n<p><strong>A cura di Elena Melloni AFI, Oreste Ferretti AV-IFI, Silvano Bicocchi BFI, SEM. FIAF, EFI, Pierluigi Montali AFI, Lorenzo Davighi BFI<\/strong><\/p>\n<p>Ore 21:30 \u2013 22:30 \u00a0\u00a0\u00a0\u00a0\u00a0\u00a0\u00a0 <strong>PROIEZIONE AUDIOVISIVI<\/strong><\/p>\n<ul>\n<li>a cura del GAER (Gruppo Audiovisivi Emilia-Romagna)<strong>Denis Fornaciari Coordinatore GAER<\/strong> e <strong>Paolo Cambi<\/strong> <strong>Vicedirettore DIAF<\/strong> presso la Sala Mainardi Palazzo dei Congressi di Salsomaggiore Terme.<\/li>\n<\/ul>\n<p><span style=\"color: #ff0000\"><strong>DOMENICA 17 NOVEMBRE<\/strong><\/span><\/p>\n<p><em>Ore 08:30<\/em><strong>\u00a0\u00a0\u00a0\u00a0\u00a0\u00a0\u00a0\u00a0 \u00a0\u00a0\u00a0\u00a0\u00a0\u00a0\u00a0\u00a0\u00a0\u00a0\u00a0\u00a0\u00a0 APERTURA SEGRETERIA \u2013 Registrazione ASSEMBLEA DEI SOCI<\/strong><\/p>\n<p><em>Ore 9:00 \u2013 12.30<\/em><strong>\u00a0\u00a0\u00a0\u00a0\u00a0\u00a0\u00a0\u00a0\u00a0\u00a0\u00a0 ASSEMBLEA DEI SOCI<\/strong><\/p>\n<p>Presso la Sala Mainardi Palazzo dei Congressi di Salsomaggiore Terme<\/p>\n<p>Saluto delle autorit\u00e0 cittadine, del <strong>Coordinatore Regionale FIAF Raffaele Capasso BFI<\/strong>, del <strong>presidente del Circolo Fotografico ZOOM Lorenzo Davighi BFI<\/strong><\/p>\n<p><strong>ORDINE DEL GIORNO<\/strong><\/p>\n<ol>\n<li>Saluto del Presidente del Circolo fotografico Zoom di Salsomaggiore<\/li>\n<li>Intervento di <strong>Cristina Paglionico<\/strong> IFI Direttrice Responsabile di FOTOIT e Consigliera Nazionale<\/li>\n<li>Relazione del Coordinatore Regionale<\/li>\n<li>Situazione Circoli parola ai Presidenti<\/li>\n<li>Varie ed eventuali.<\/li>\n<\/ol>\n<p><em>Ore 13:00<\/em><strong> \u00a0\u00a0\u00a0\u00a0\u00a0\u00a0\u00a0\u00a0 PRANZO DI GALA PRESSO Hotel Principe <\/strong><span style=\"color: #ff0000\"><strong>prenotazione entro 11 novembre<\/strong><\/span><\/p>\n<p><span style=\"color: #ff0000\"><strong>Prenotarsi presso:<\/strong>\u00a0\u00a0<\/span> <strong><em>Elena 3296483939 <\/em><\/strong><strong><em>\u00a0Marina 3928006899\u00a0\u00a0\u00a0\u00a0 <\/em><\/strong><a href=\"mailto:circolofotograficozoomsalso@gmail.com\"><strong><em>circolofotograficozoomsalso@gmail.com<\/em><\/strong><\/a><\/p>\n<p>Durante il pranzo si svolger\u00e0 il consueto appuntamento con:<\/p>\n<p>\u201c<strong>SCAMBIAMOCI UNA FOTO<\/strong>\u201d (vedi regolamento in calce al programma)<\/p>\n<p><em>Ore 15:30\u00a0\u00a0\u00a0\u00a0\u00a0\u00a0\u00a0\u00a0\u00a0\u00a0 <\/em><strong>Workshop Palazzo dei Congressi \u2013 \u201cTra liberty e <\/strong><strong>D\u00e9co\u201d<\/strong><strong> con figuranti in costumi dell\u2019epoca a cura di Noblesse Oblige Associazione Socio Culturale; <\/strong><strong>prezzo 20 \u20ac con un minimo di 15 partecipanti da prenotare entro 11 novembre<\/strong><\/p>\n<p><span style=\"color: #ff0000\"><strong>Prenotarsi presso:<\/strong>\u00a0\u00a0<\/span> <strong><em>Elena 3296483939 <\/em><\/strong><strong><em>\u00a0Marina 3928006899\u00a0\u00a0\u00a0\u00a0 circolofotograficozoomsalso@gmail.com<\/em><\/strong><\/p>\n<p><strong>contemporaneamente una guida illustrer\u00e0 gli ambienti e le numerose decorazioni liberty e d\u00e9co delle sale del Palazzo dei Congressi<\/strong><\/p>\n<ul>\n<li><em>Mostre Fotografiche<\/em><\/li>\n<\/ul>\n<p><em>Mostre Fotografiche dei Circoli Fotografici FIAF della Provincia di Parma presso la <strong>Sala Mainardi e Sala Colonne <\/strong>Palazzo dei Congressi di Salsomaggiore Terme:<\/em><\/p>\n<ul>\n<li><strong><em>Ivano Bolondi: \u201c<\/em><\/strong><strong><em>Un Sogno Chiamato Salsomaggiore\u201d<\/em><\/strong><\/li>\n<li><strong><em>Luciano Bovina: \u201cAppunti di viaggio\u201d<\/em><\/strong><\/li>\n<li><strong><em>Autore dell\u2019anno FIAF EMILIA ROMAGNA 2024<\/em><\/strong><\/li>\n<li>Circolo Fotografico Il Grandangolo Parma: Andrea Calestani<\/li>\n<li>Circolo Parmafotografica:<strong><em> \u201c<\/em><\/strong><strong><em>Passioni\u201d<\/em><\/strong><\/li>\n<li><em>Circolo Fotografico G. Rodolfo Namias Antiche Tecniche Fotografiche <\/em><\/li>\n<li><em>Obiettivamente Gruppo Fotografico <\/em><\/li>\n<li><em>Circolo Fotografico Renato Brozzi (Traversetolo) <\/em><\/li>\n<li>Color\u2019s Light Colorno<\/li>\n<li>Gabriele Pinardi: \u201c<strong><em>This is not A.I. &#8211; Londra\u00a010\u00a0mappe\u201d<\/em><\/strong><\/li>\n<li>Circolo Fotografico Zoom Salsomaggiore BFI e AV-BFI\n<ul>\n<li>Lorenzo Davighi, Marina Emanuelli, Elena Maini, Roberto Frigeri, Bruno Mezzadri, Marco Parmigiani, Malko Shpetim, Luca Storti<\/li>\n<\/ul>\n<\/li>\n<\/ul>\n<p><strong>INFORMAZIONI GENERALI<\/strong><\/p>\n<ul>\n<li>Apericena del sabato <strong>(<span style=\"color: #ff0000\">solo su prenotazione entro 11 novembre<\/span>)<\/strong> \u00a0\u00a0\u00a0\u00a0\u00a0\u00a0\u00a0\u00a0\u00a0\u00a0\u00a0\u00a0\u00a0\u00a0\u00a0\u00a0\u00a0\u00a0 \u00a0\u00a0\u00a0\u00a0\u00a0\u00a0\u00a0\u00a0\u00a0\u00a0\u00a0\u00a0\u00a0\u00a0\u00a0\u00a0\u00a0\u00a0\u00a0\u00a0\u00a0\u00a0\u00a0\u00a0\u00a0\u00a0\u00a0\u00a0\u00a0\u00a0\u00a0\u00a0\u00a0\u00a0\u00a0\u00a0\u00a0\u00a0\u00a0\u00a0\u00a0\u00a0\u00a0\u00a0\u00a0\u00a0\u00a0\u00a0\u00a0\u00a0\u00a0\u00a0\u00a0\u00a0\u00a0\u00a0\u00a0\u00a0\u00a0\u00a0\u00a0\u00a0\u00a0\u00a0\u00a0\u00a0\u00a0\u00a0\u00a0 \u00a0\u00a0\u00a0\u00a0\u00a0\u00a0\u00a0\u00a0\u00a0\u00a0\u00a0\u00a0\u00a0 \u20ac 18,00<\/li>\n<li>Pranzo di Gala di domenica <strong>(<span style=\"color: #ff0000\">solo su prenotazione entro 11 novembre<\/span>)<\/strong> \u00a0\u00a0\u00a0\u00a0\u00a0\u00a0\u00a0\u00a0\u00a0\u00a0\u00a0\u00a0\u00a0\u00a0\u00a0\u00a0\u00a0\u00a0\u00a0\u00a0\u00a0\u00a0\u00a0\u00a0\u00a0\u00a0\u00a0\u00a0\u00a0\u00a0\u00a0\u00a0\u00a0\u00a0\u00a0\u00a0\u00a0\u00a0\u00a0\u00a0\u00a0\u00a0\u00a0\u00a0\u00a0\u00a0\u00a0\u00a0\u00a0\u00a0\u00a0\u00a0\u00a0\u00a0\u00a0\u00a0\u00a0\u00a0\u00a0\u00a0\u00a0\u00a0\u00a0\u00a0\u00a0\u00a0\u00a0\u00a0\u00a0\u00a0\u00a0\u00a0\u00a0\u00a0\u00a0\u00a0\u00a0\u00a0\u00a0\u00a0\u00a0\u00a0\u00a0 \u20ac 25,00<\/li>\n<\/ul>\n<p><span style=\"color: #ff0000\"><strong>Prenotarsi presso:<\/strong>\u00a0<\/span>\u00a0 <strong><em>Elena 3296483939 <\/em><\/strong><strong><em>Marina 3928006899 circolofotograficozoomsalso@gmail.com<\/em><\/strong><\/p>\n<p><strong><em>\u00a0<\/em><\/strong><strong>Alloggio<\/strong><\/p>\n<p>pernottamento e prima colazione:<\/p>\n<ul>\n<li>camera singola \u00a0\u00a0\u00a0\u00a0\u00a0\u00a0\u00a0\u00a0\u00a0\u00a0\u00a0\u00a0\u00a0\u00a0\u00a0\u00a0\u00a0\u00a0\u00a0\u00a0\u00a0\u00a0\u00a0\u00a0\u00a0\u00a0\u00a0\u00a0\u00a0\u00a0\u00a0\u00a0\u00a0\u00a0\u00a0\u00a0\u00a0\u00a0\u00a0\u00a0\u00a0 \u20ac 50,00<\/li>\n<li>camera matrimoniale o doppia \u00a0\u00a0\u00a0\u00a0\u00a0\u00a0\u00a0\u00a0\u00a0\u00a0\u00a0\u00a0\u00a0\u00a0\u00a0\u00a0\u00a0\u00a0\u00a0\u00a0\u00a0\u00a0\u00a0\u00a0\u00a0\u00a0\u00a0\u00a0\u00a0\u00a0\u00a0\u00a0\u00a0\u00a0\u00a0\u00a0\u00a0\u00a0\u00a0\u00a0\u00a0 \u20ac 80,00<\/li>\n<\/ul>\n<p>Le prenotazioni andranno fatte direttamente presso <strong>Hotel Principe Salsomaggiore Terme <\/strong><strong><span style=\"color: #ff0000\">entro 8 Novembre 2024<\/span> <\/strong><\/p>\n<p>Viale Romagnosi, 22 &#8211; Tel. 0524.573148 \/ 335.5418941 &#8211; Fax 0524.574431<\/p>\n<p><strong>http:\/\/www.hotelprincipesalsomaggiore.it\/\u00a0\u00a0\u00a0 info@hotelprincipesalsomaggiore.it<\/strong><\/p>\n<p><strong>\u00a0\u00a0\u00a0\u00a0\u00a0\u00a0\u00a0\u00a0\u00a0\u00a0\u00a0\u00a0\u00a0 <\/strong><strong>\u00a0\u00a0\u00a0 <em>P<\/em><\/strong><strong><em>er info:\u00a0\u00a0 \u00a0Telefono e\/o Whatsup<\/em><\/strong><\/p>\n<ul>\n<li><strong><em>Elena Maini \u00a0\u00a0\u00a0\u00a0\u00a0\u00a0\u00a0\u00a0\u00a0\u00a0\u00a0\u00a0\u00a0 3296483939\u00a0\u00a0\u00a0 <\/em><\/strong><\/li>\n<li><strong><em>Marina Emanuelli 3928006899<\/em><\/strong><\/li>\n<li><strong><em>circolofotograficozoomsalso@gmail.com<\/em><\/strong><\/li>\n<\/ul>\n<p><strong>\u00a0<\/strong><strong>COMITATO ORGANIZZATORE<\/strong><\/p>\n<p><strong>\u00a0<\/strong><strong>Raffaele Capasso<\/strong> &#8211; Coordinatore Regionale FIAF<\/p>\n<p><strong>Gigi Montali<\/strong> &#8211; Coordinatore FIAF provincia di Parma<\/p>\n<p><strong>Lorenzo Davighi<\/strong> &#8211; Presidente Circolo Fotografico ZOOM Salsomaggiore<\/p>\n<p><span style=\"color: #ff0000\"><strong>Regolamento \u201cScambiamoci una foto\u201d<\/strong><\/span><\/p>\n<p>Al fine di dare una maggiore omogeneit\u00e0 alle opere scambiate, e per rispondere alle tante domande pervenute, si \u00e8 pensato di prevedere alcune indicazioni utili per la preparazione della stampa.<\/p>\n<p>La fotografia dovr\u00e0 essere montata possibilmente su un Passe-partout o direttamente su supporti tipo forex e recare sul retro i seguenti dati:<\/p>\n<p>1) Convegno regionale di riferimento (Salsomaggiore 2024);<\/p>\n<p>2) la dicitura che l\u2019Autore dona la sua fotografia per \u201cscambiamoci una foto\u201d;<\/p>\n<p>3) firma\/autografo leggibile dell\u2019autore<\/p>\n<p>Per garantire un equo scambio tra tutti i partecipanti, le stampe dovranno essere di buona qualit\u00e0, pena la non partecipazione allo scambio. Potranno essere donate stampe sia a colori che in bianco e nero.<\/p>\n<p>Ogni autore pu\u00f2 donare fino ad un massimo di tre opere (se un autore dona 3 stampe, ricever\u00e0 in cambio 3 stampe).<\/p>\n\n    <div class=\"xs_social_share_widget xs_share_url after_content \t\tmain_content  wslu-style-1 wslu-share-box-shaped wslu-fill-colored wslu-none wslu-share-horizontal wslu-theme-font-no wslu-main_content\">\n\n\t\t\n        <ul>\n\t\t\t        <\/ul>\n    <\/div> \n","protected":false},"excerpt":{"rendered":"<p>&nbsp; PROGRAMMA \u00a034\u00b0 CONVEGNO REGIONALE FIAF SALSOMAGGIORE TERME 2024 SABATO 16 NOVEMBRE Ore 14:00 \u2013 14:30\u00a0\u00a0\u00a0\u00a0\u00a0\u00a0\u00a0\u00a0\u00a0 Apertura Segreteria Ore 14:30 &hellip;<\/p>\n","protected":false},"author":29,"featured_media":5964,"comment_status":"closed","ping_status":"closed","sticky":false,"template":"","format":"standard","meta":{"_acf_changed":false,"footnotes":""},"categories":[6,8,9],"tags":[],"class_list":["post-5963","post","type-post","status-publish","format-standard","has-post-thumbnail","hentry","category-generale","category-manifestazioni","category-mostre"],"acf":[],"_links":{"self":[{"href":"https:\/\/fiaf.net\/emiliaromagna\/wp-json\/wp\/v2\/posts\/5963","targetHints":{"allow":["GET"]}}],"collection":[{"href":"https:\/\/fiaf.net\/emiliaromagna\/wp-json\/wp\/v2\/posts"}],"about":[{"href":"https:\/\/fiaf.net\/emiliaromagna\/wp-json\/wp\/v2\/types\/post"}],"author":[{"embeddable":true,"href":"https:\/\/fiaf.net\/emiliaromagna\/wp-json\/wp\/v2\/users\/29"}],"replies":[{"embeddable":true,"href":"https:\/\/fiaf.net\/emiliaromagna\/wp-json\/wp\/v2\/comments?post=5963"}],"version-history":[{"count":2,"href":"https:\/\/fiaf.net\/emiliaromagna\/wp-json\/wp\/v2\/posts\/5963\/revisions"}],"predecessor-version":[{"id":5966,"href":"https:\/\/fiaf.net\/emiliaromagna\/wp-json\/wp\/v2\/posts\/5963\/revisions\/5966"}],"wp:featuredmedia":[{"embeddable":true,"href":"https:\/\/fiaf.net\/emiliaromagna\/wp-json\/wp\/v2\/media\/5964"}],"wp:attachment":[{"href":"https:\/\/fiaf.net\/emiliaromagna\/wp-json\/wp\/v2\/media?parent=5963"}],"wp:term":[{"taxonomy":"category","embeddable":true,"href":"https:\/\/fiaf.net\/emiliaromagna\/wp-json\/wp\/v2\/categories?post=5963"},{"taxonomy":"post_tag","embeddable":true,"href":"https:\/\/fiaf.net\/emiliaromagna\/wp-json\/wp\/v2\/tags?post=5963"}],"curies":[{"name":"wp","href":"https:\/\/api.w.org\/{rel}","templated":true}]}}