{"id":6009,"date":"2025-01-30T17:53:13","date_gmt":"2025-01-30T16:53:13","guid":{"rendered":"https:\/\/fiaf.net\/emiliaromagna\/?p=6009"},"modified":"2025-02-25T10:44:34","modified_gmt":"2025-02-25T09:44:34","slug":"masterclass-di-lightroom-con-luca-setti","status":"publish","type":"post","link":"https:\/\/fiaf.net\/emiliaromagna\/masterclass-di-lightroom-con-luca-setti\/","title":{"rendered":"Masterclass di Lightroom con Luca Setti"},"content":{"rendered":"<p><img loading=\"lazy\" decoding=\"async\" class=\" wp-image-6010 aligncenter\" src=\"https:\/\/fiaf.net\/emiliaromagna\/wp-content\/uploads\/sites\/9\/2025\/01\/FEBBRAIO-20-300x213.jpg\" alt=\"\" width=\"523\" height=\"371\" srcset=\"https:\/\/fiaf.net\/emiliaromagna\/wp-content\/uploads\/sites\/9\/2025\/01\/FEBBRAIO-20-300x213.jpg 300w, https:\/\/fiaf.net\/emiliaromagna\/wp-content\/uploads\/sites\/9\/2025\/01\/FEBBRAIO-20-1024x725.jpg 1024w, https:\/\/fiaf.net\/emiliaromagna\/wp-content\/uploads\/sites\/9\/2025\/01\/FEBBRAIO-20-768x544.jpg 768w, https:\/\/fiaf.net\/emiliaromagna\/wp-content\/uploads\/sites\/9\/2025\/01\/FEBBRAIO-20-1536x1088.jpg 1536w, https:\/\/fiaf.net\/emiliaromagna\/wp-content\/uploads\/sites\/9\/2025\/01\/FEBBRAIO-20-2048x1451.jpg 2048w\" sizes=\"auto, (max-width: 523px) 100vw, 523px\" \/><\/p>\n<p><strong>Masterclass di Lightroom con Luca Setti: Un Corso Completo per Fotografi Professionisti e Appassionati<\/strong><\/p>\n<p>Il mondo della fotografia digitale sta evolvendo rapidamente, e con esso la necessit\u00e0 di una gestione efficiente e una post-produzione di alta qualit\u00e0 delle immagini. Per chi desidera affinare le proprie competenze, il corso di <strong>Lightroom<\/strong> tenuto da Luca Setti, Adobe Certified Expert Lightroom e Canson Certified Lab, rappresenta un&#8217;opportunit\u00e0 imperdibile. Il programma, articolato in due sessioni a febbraio e marzo 2025, offre un&#8217;immersione completa nel software di editing pi\u00f9 utilizzato dai fotografi professionisti, coprendo aspetti fondamentali per gestire e ottimizzare i propri scatti.<\/p>\n<h3><strong>Dettagli del Corso<\/strong><\/h3>\n<p>Il corso, che si terr\u00e0 presso il <strong>PhotoClub Eyes E.F.I.<\/strong> a San Felice sul Panaro (MO), si svolger\u00e0 in due moduli serali, con incontri dal 20 al 27 febbraio e dal 6 al 13 marzo 2025, ogni marted\u00ec e gioved\u00ec dalle 21:00 alle 23:00. L&#8217;approccio didattico si concentra non solo sulla teoria, ma anche su esercitazioni pratiche che permetteranno ai partecipanti di lavorare direttamente con il software e di apprendere i trucchi del mestiere da un esperto.<\/p>\n<h3><strong>Un Corso Completo e Approfondito<\/strong><\/h3>\n<p>Il percorso didattico \u00e8 strutturato in quattro principali obiettivi formativi, che coprono le aree chiave di <strong>Lightroom<\/strong> e le sue integrazioni con <strong>Photoshop<\/strong>. Ecco una panoramica dei temi trattati:<\/p>\n<ol>\n<li><strong>Catalogo e Modulo Libreria<br \/>\n<\/strong>Durante il primo modulo, i partecipanti impareranno a gestire il catalogo di Lightroom, una delle caratteristiche fondamentali del programma. L\u2019organizzazione delle immagini \u00e8 cruciale per un flusso di lavoro efficiente, e Setti guider\u00e0 i corsisti attraverso le tecniche di importazione, classificazione e archiviazione delle foto. Questo modulo fornir\u00e0 gli strumenti per una gestione ottimale di grandi archivi fotografici.<\/li>\n<li><strong>Sviluppo 1<br \/>\n<\/strong>Il cuore del corso riguarda il modulo di sviluppo, dove verranno trattate le tecniche di base e avanzate per l\u2019elaborazione delle immagini. I partecipanti acquisiranno le competenze per migliorare l\u2019esposizione, il contrasto, la saturazione e la nitidezza delle fotografie, imparando a utilizzare i vari strumenti di correzione e ottimizzazione che Lightroom mette a disposizione.<\/li>\n<li><strong>Sviluppo 2 + Photoshop<br \/>\n<\/strong>La seconda parte del modulo di sviluppo approfondir\u00e0 tecniche pi\u00f9 avanzate, inclusi i dettagli di editing non distruttivo e l\u2019integrazione con <strong>Photoshop<\/strong>. Questo segmento \u00e8 particolarmente utile per chi desidera arricchire le proprie immagini con ritocchi professionali, come la rimozione di imperfezioni, l\u2019aggiunta di effetti o la combinazione di pi\u00f9 scatti.<\/li>\n<li><strong>Esportazione e Metadati<br \/>\n<\/strong>Un buon flusso di lavoro non \u00e8 completo senza una gestione accurata dei metadati e un\u2019export finale di alta qualit\u00e0. Luca Setti insegner\u00e0 come esportare le immagini in vari formati, ottimizzando le risoluzioni per il web, la stampa e altri media, nonch\u00e9 come gestire i metadati per una corretta archiviazione e condivisione delle foto.<\/li>\n<\/ol>\n<h3><strong>Un Relatore d&#8217;eccezione<\/strong><\/h3>\n<p>Luca Setti, professionista con una lunga esperienza nel settore della fotografia e dell\u2019editing, \u00e8 un <strong>Adobe Certified Expert Lightroom<\/strong> e un <strong>Canson Certified Lab<\/strong>. Il suo approccio didattico \u00e8 caratterizzato dalla combinazione di competenza tecnica e passione per la fotografia, elementi che rendono ogni suo corso un\u2019opportunit\u00e0 unica di crescita professionale. Setti \u00e8 noto per il suo stile pratico e interattivo, con il quale riesce a rendere anche gli aspetti pi\u00f9 complessi di Lightroom accessibili a tutti.<\/p>\n<h3><strong>Il Luogo: PhotoClub Eyes E.F.I.<\/strong><\/h3>\n<p>Il corso si svolger\u00e0 presso il <strong>PhotoClub Eyes E.F.I.<\/strong> di San Felice sul Panaro (MO), una location ideale per eventi formativi, attrezzata con ampi spazi e dotazioni tecniche per sessioni pratiche di alta qualit\u00e0. Il club \u00e8 un punto di riferimento per gli appassionati di fotografia della zona, offrendo un ambiente stimolante e collaborativo dove la passione per l\u2019immagine \u00e8 al centro di ogni attivit\u00e0.<\/p>\n<h3><strong>Perch\u00e9 Partecipare<\/strong><\/h3>\n<p>Che tu sia un fotografo amatoriale desideroso di migliorare le tue abilit\u00e0 di post-produzione, o un professionista alla ricerca di un corso avanzato, la Masterclass di Lightroom con Luca Setti offre contenuti utili e approfonditi. Il corso \u00e8 strutturato per essere accessibile a tutti, anche a chi si avvicina per la prima volta a Lightroom, ma \u00e8 anche ricco di tecniche avanzate che sapranno soddisfare le esigenze di chi ha gi\u00e0 esperienza con il software.<\/p>\n<p>Concludendo, questa masterclass \u00e8 un\u2019occasione imperdibile per chiunque voglia perfezionare la propria tecnica di editing fotografico, acquisire maggiore competenza nell\u2019uso di Lightroom e scoprire nuove metodologie di lavoro grazie ai preziosi consigli di un esperto del settore.<\/p>\n<h3><strong>Info e Iscrizioni<\/strong><\/h3>\n<p>Le iscrizioni sono gi\u00e0 aperte. Per maggiori dettagli su costi, programma e modalit\u00e0 di partecipazione, \u00e8 possibile visitare il sito web del <strong>PhotoClub Eyes E.F.I.<\/strong> o contattare direttamente la struttura.<\/p>\n<p>Un corso che, senza dubbio, rappresenta un passo avanti nella carriera di ogni fotografo desideroso di affrontare con maggiore sicurezza le sfide della post-produzione digitale.<\/p>\n\n    <div class=\"xs_social_share_widget xs_share_url after_content \t\tmain_content  wslu-style-1 wslu-share-box-shaped wslu-fill-colored wslu-none wslu-share-horizontal wslu-theme-font-no wslu-main_content\">\n\n\t\t\n        <ul>\n\t\t\t        <\/ul>\n    <\/div> \n","protected":false},"excerpt":{"rendered":"<p>Masterclass di Lightroom con Luca Setti: Un Corso Completo per Fotografi Professionisti e Appassionati Il mondo della fotografia digitale sta &hellip;<\/p>\n","protected":false},"author":29,"featured_media":6010,"comment_status":"closed","ping_status":"closed","sticky":false,"template":"","format":"standard","meta":{"_acf_changed":false,"footnotes":""},"categories":[2,15],"tags":[],"class_list":["post-6009","post","type-post","status-publish","format-standard","has-post-thumbnail","hentry","category-attivita-circoli","category-corsi"],"acf":[],"_links":{"self":[{"href":"https:\/\/fiaf.net\/emiliaromagna\/wp-json\/wp\/v2\/posts\/6009","targetHints":{"allow":["GET"]}}],"collection":[{"href":"https:\/\/fiaf.net\/emiliaromagna\/wp-json\/wp\/v2\/posts"}],"about":[{"href":"https:\/\/fiaf.net\/emiliaromagna\/wp-json\/wp\/v2\/types\/post"}],"author":[{"embeddable":true,"href":"https:\/\/fiaf.net\/emiliaromagna\/wp-json\/wp\/v2\/users\/29"}],"replies":[{"embeddable":true,"href":"https:\/\/fiaf.net\/emiliaromagna\/wp-json\/wp\/v2\/comments?post=6009"}],"version-history":[{"count":1,"href":"https:\/\/fiaf.net\/emiliaromagna\/wp-json\/wp\/v2\/posts\/6009\/revisions"}],"predecessor-version":[{"id":6011,"href":"https:\/\/fiaf.net\/emiliaromagna\/wp-json\/wp\/v2\/posts\/6009\/revisions\/6011"}],"wp:featuredmedia":[{"embeddable":true,"href":"https:\/\/fiaf.net\/emiliaromagna\/wp-json\/wp\/v2\/media\/6010"}],"wp:attachment":[{"href":"https:\/\/fiaf.net\/emiliaromagna\/wp-json\/wp\/v2\/media?parent=6009"}],"wp:term":[{"taxonomy":"category","embeddable":true,"href":"https:\/\/fiaf.net\/emiliaromagna\/wp-json\/wp\/v2\/categories?post=6009"},{"taxonomy":"post_tag","embeddable":true,"href":"https:\/\/fiaf.net\/emiliaromagna\/wp-json\/wp\/v2\/tags?post=6009"}],"curies":[{"name":"wp","href":"https:\/\/api.w.org\/{rel}","templated":true}]}}