{"id":6103,"date":"2025-03-26T16:23:24","date_gmt":"2025-03-26T15:23:24","guid":{"rendered":"https:\/\/fiaf.net\/emiliaromagna\/?p=6103"},"modified":"2025-03-26T16:23:24","modified_gmt":"2025-03-26T15:23:24","slug":"mostra-fotografica-oasis-photocontest-tour","status":"publish","type":"post","link":"https:\/\/fiaf.net\/emiliaromagna\/mostra-fotografica-oasis-photocontest-tour\/","title":{"rendered":"Mostra Fotografica: Oasis Photocontest Tour"},"content":{"rendered":"<p><img loading=\"lazy\" decoding=\"async\" class=\" wp-image-6104 aligncenter\" src=\"https:\/\/fiaf.net\/emiliaromagna\/wp-content\/uploads\/sites\/9\/2025\/03\/H14-2025-OASIS-PHOTO-CONTEST-LOCANDINA-200x300.jpg\" alt=\"\" width=\"385\" height=\"578\" srcset=\"https:\/\/fiaf.net\/emiliaromagna\/wp-content\/uploads\/sites\/9\/2025\/03\/H14-2025-OASIS-PHOTO-CONTEST-LOCANDINA-200x300.jpg 200w, https:\/\/fiaf.net\/emiliaromagna\/wp-content\/uploads\/sites\/9\/2025\/03\/H14-2025-OASIS-PHOTO-CONTEST-LOCANDINA-682x1024.jpg 682w, https:\/\/fiaf.net\/emiliaromagna\/wp-content\/uploads\/sites\/9\/2025\/03\/H14-2025-OASIS-PHOTO-CONTEST-LOCANDINA-768x1152.jpg 768w, https:\/\/fiaf.net\/emiliaromagna\/wp-content\/uploads\/sites\/9\/2025\/03\/H14-2025-OASIS-PHOTO-CONTEST-LOCANDINA-1024x1536.jpg 1024w, https:\/\/fiaf.net\/emiliaromagna\/wp-content\/uploads\/sites\/9\/2025\/03\/H14-2025-OASIS-PHOTO-CONTEST-LOCANDINA.jpg 1333w\" sizes=\"auto, (max-width: 385px) 100vw, 385px\" \/><\/p>\n<h3 style=\"text-align: center\"><strong>Mostra Fotografica:<\/strong><\/h3>\n<h2 style=\"text-align: center\"><strong><u>Oasis Photocontest Tour<\/u><\/strong><\/h2>\n<h3 style=\"text-align: center\">A cura di OASIS<\/h3>\n<h6>MUPAC &#8211; ARANCIAIA<\/h6>\n<p>Piazzale Vittorio Veneto, 22 Colorno (Parma)<\/p>\n<p>Dal 29 Marzo al 27 Aprile 2025<\/p>\n<p>Orario: sabato dalle 15,30\u00a0 alle 18,30<\/p>\n<p>Domenica: e festivi: dalle 10,00 alle 12,00\u00a0 &#8211;\u00a0 dalle 15,30\u00a0 alle 18,30<\/p>\n<p>INAUGURAZIONE: sabato\u00a0 29 Marzo\u00a0\u00a0 ore 17,00<\/p>\n<p>Organizzazione: \u00a0\u00a0 G.F. Color\u2019s Light Colorno APS<\/p>\n<p>Collaborazione: \u00a0\u00a0\u00a0 Pro Loco Colorno<\/p>\n<p>Patrocinio:\u00a0\u00a0\u00a0\u00a0\u00a0\u00a0\u00a0\u00a0\u00a0\u00a0\u00a0\u00a0 Comune di Colorno \u2013 FIAF<\/p>\n<p>Torna la Primavera, e le associazioni GF Color\u2019s Light Colorno APS e Pro Loco Colorno, presentano una bellissima mostra fotografica naturalistica.<\/p>\n<p>La mostra, un\u2019esperienza di grande emozione! Lo spettacolo della natura congelato in scatti unici selezionati tra i migliori lavori dei grandi fotografi del mondo.<\/p>\n<p>Su 25 mila immagini selezionate solo 55 entrano a far parte della mostra Oasis Photocontest Tour. Una spietata selezione perch\u00e8 sono tante le foto di alto livello che rimangono escluse.<\/p>\n<p>Le foto vengono stampate su grande formato (100&#215;70) per rendere al meglio la loro bellezza. Il pubblico ne rimane affascinato dai primi sguardi, vuole vedere e vuole capire.<\/p>\n<p>Interessanti didascalie raccontano la foto, i soggetti, e le tecniche utilizzate per realizzarla.<\/p>\n<p>La mostra \u00e8 intelligibile, un interesse che accomuna adulti, ragazzi e bambini, ognuno dal suo punto di vista.<\/p>\n<p><strong>La mostra \u00e8 prodotta e curata dalla rivista OASIS.<\/strong><\/p>\n<p>Dal 1985, Oasis \u00e8 la pi\u00f9 conosciuta e diffusa rivista italiana di viaggi, natura e fotografia. Diretto da Alessandro Cecchi Paone, il magazine ha tra i suoi punti di forza i reportage realizzati dai pi\u00f9 grandi maestri internazionali della fotografia naturalistica e le pi\u00f9 prestigiose firme della divulgazione scientifica. Tra gli altri: Folco Quilici, Piero Angela, Fulco Pratesi, Reinhold Messner, Ermete Realacci, Piergiorgio Odifreddi, Roberto Giacobbo, Mario Tozzi, Licia Col\u00f2, Raffaele Morelli, Francesco Petretti e Donatella Bianchi.<\/p>\n<p>Il Premio Internazionale di Fotografia Naturalistica<\/p>\n<p>Considerato come il \u201cPremio Oscar\u201d della fotografia naturalistica, l\u2019Oasis Photocontest \u00e8 il pi\u00f9 importanti evento italiano legato alla fotografia naturalistica e uno dei pi\u00f9 conosciuti a livello internazionale. Un successo sottolineato dal prestigioso riconoscimento ricevuto nel 2003 dall\u2019allora presidente della Repubblica, Carlo Azeglio Ciampi. Nell\u2019ultima edizione erano in gara 30.000 immagini realizzate da fotografi di 68 nazioni di tutto il mondo. Il risultato \u00e8 una straordinaria selezione di fotografie che ritraggono animali, popoli, piante e paesaggi di tutto il mondo.<\/p>\n<p>Il\u00a0<a href=\"http:\/\/www.colorslight.it\/soci.aspx\" target=\"_blank\" rel=\"noopener\">G.F. Color&#8217;s Light<\/a> APS, nato e con sede a Colorno dal 1988 \u00e8 affiliato FIAF da cui \u00e8 stata riconosciuta la benemerenza BFI:<\/p>\n<p>Da tempo \u00e8 un riferimento nell&#8217;ambito fotografico della provincia di Parma e limitrofe provincie, tanto per gli appassionati quanto per gli enti, anche istituzionali, che intendano affiancare e promuovere i propri progetti attraverso l&#8217;espressione fotografica; l&#8217;attivit\u00e0 fotografica, intensificatasi anno dopo anno con il costante impegno e passione dei soci, ha infatti proposto, nel pregevole ambito della Reggia di\u00a0Colorno e l\u2019Aranciaia di Colorno, mostre fotografiche di maestri della fotografia e di affermati autori locali; progetti collettivi dei soci del gruppo spesso dedicati al racconto di temi ed aspetti del nostro territorio.<\/p>\n<p>Da oltre 15 anni organizza il festival fotografico COLORNOPHOTOLIFE, dove le nuove proposte fotografiche sono messe in connessione con le radici di quest\u2019arte.<\/p>\n<p>I soci si ritrovano tutti i marted\u00ec sera nella sede di Colorno in Via Macello,20.<\/p>\n<p>INFO<strong>: info@colornophotolife.it<\/strong><\/p>\n<p><a href=\"http:\/\/www.colornophotolife.it\" target=\"_blank\" rel=\"noopener\">www.colornophotolife.it<\/a><\/p>\n<p><a href=\"https:\/\/mupac.it\/\" target=\"_blank\" rel=\"noopener\">https:\/\/mupac.it\/<\/a><\/p>\n<p>tel: <strong>349 3512737\u00a0 <\/strong><\/p>\n<p>&nbsp;<\/p>\n<p>&nbsp;<\/p>\n<p>&nbsp;<\/p>\n<p>&nbsp;<\/p>\n\n    <div class=\"xs_social_share_widget xs_share_url after_content \t\tmain_content  wslu-style-1 wslu-share-box-shaped wslu-fill-colored wslu-none wslu-share-horizontal wslu-theme-font-no wslu-main_content\">\n\n\t\t\n        <ul>\n\t\t\t        <\/ul>\n    <\/div> \n","protected":false},"excerpt":{"rendered":"<p>Mostra Fotografica: Oasis Photocontest Tour A cura di OASIS MUPAC &#8211; ARANCIAIA Piazzale Vittorio Veneto, 22 Colorno (Parma) Dal 29 &hellip;<\/p>\n","protected":false},"author":29,"featured_media":6105,"comment_status":"closed","ping_status":"closed","sticky":false,"template":"","format":"standard","meta":{"_acf_changed":false,"footnotes":""},"categories":[2,9],"tags":[],"class_list":["post-6103","post","type-post","status-publish","format-standard","has-post-thumbnail","hentry","category-attivita-circoli","category-mostre"],"acf":[],"_links":{"self":[{"href":"https:\/\/fiaf.net\/emiliaromagna\/wp-json\/wp\/v2\/posts\/6103","targetHints":{"allow":["GET"]}}],"collection":[{"href":"https:\/\/fiaf.net\/emiliaromagna\/wp-json\/wp\/v2\/posts"}],"about":[{"href":"https:\/\/fiaf.net\/emiliaromagna\/wp-json\/wp\/v2\/types\/post"}],"author":[{"embeddable":true,"href":"https:\/\/fiaf.net\/emiliaromagna\/wp-json\/wp\/v2\/users\/29"}],"replies":[{"embeddable":true,"href":"https:\/\/fiaf.net\/emiliaromagna\/wp-json\/wp\/v2\/comments?post=6103"}],"version-history":[{"count":1,"href":"https:\/\/fiaf.net\/emiliaromagna\/wp-json\/wp\/v2\/posts\/6103\/revisions"}],"predecessor-version":[{"id":6106,"href":"https:\/\/fiaf.net\/emiliaromagna\/wp-json\/wp\/v2\/posts\/6103\/revisions\/6106"}],"wp:featuredmedia":[{"embeddable":true,"href":"https:\/\/fiaf.net\/emiliaromagna\/wp-json\/wp\/v2\/media\/6105"}],"wp:attachment":[{"href":"https:\/\/fiaf.net\/emiliaromagna\/wp-json\/wp\/v2\/media?parent=6103"}],"wp:term":[{"taxonomy":"category","embeddable":true,"href":"https:\/\/fiaf.net\/emiliaromagna\/wp-json\/wp\/v2\/categories?post=6103"},{"taxonomy":"post_tag","embeddable":true,"href":"https:\/\/fiaf.net\/emiliaromagna\/wp-json\/wp\/v2\/tags?post=6103"}],"curies":[{"name":"wp","href":"https:\/\/api.w.org\/{rel}","templated":true}]}}