{"id":6110,"date":"2025-04-02T18:05:02","date_gmt":"2025-04-02T16:05:02","guid":{"rendered":"https:\/\/fiaf.net\/emiliaromagna\/?p=6110"},"modified":"2025-04-21T14:06:06","modified_gmt":"2025-04-21T12:06:06","slug":"io-abito-qui-mostra-fotografica-di-francesca-artoni","status":"publish","type":"post","link":"https:\/\/fiaf.net\/emiliaromagna\/io-abito-qui-mostra-fotografica-di-francesca-artoni\/","title":{"rendered":"IO ABITO QUI &#8211; mostra fotografica di Francesca Artoni"},"content":{"rendered":"<h2 style=\"text-align: center;\"><strong>IO ABITO QUI<\/strong><\/h2>\n<p style=\"text-align: center;\"><strong>La fotografia come narrazione di territorio, memoria e trasformazione<\/strong><\/p>\n<p>Dal 7 aprile al 12 maggio 2025, la Galleria FIAF di San Felice sul Panaro ospiter\u00e0 la mostra fotografica <em>Io Abito Qui<\/em>, personale di Francesca Artoni, artista e fotografa che esplora le connessioni tra spazio, memoria e identit\u00e0. Attraverso tre progetti distintivi \u2013 <em>Ponte Alto 6<\/em>, <em>Il Gigante dai Piedi d&#8217;Argilla<\/em> e <em>Futopia Emilia<\/em> \u2013 l&#8217;autrice costruisce un percorso emozionale che intreccia documentazione e ricerca artistica.<\/p>\n<h3><strong>Una ricerca tra memoria e fragilit\u00e0<\/strong><\/h3>\n<p>Nata nel 1978 a Guastalla (RE), Francesca Artoni ha sempre coltivato la passione per l&#8217;arte, esplorando diverse forme espressive, dal disegno alla pittura, fino alla scrittura. Negli ultimi anni, il suo linguaggio si \u00e8 evoluto verso la fotografia e il collage analogico, con un particolare interesse per il recupero della memoria collettiva attraverso immagini e materiali di recupero.<\/p>\n<p>Il suo lavoro si concentra sulla rielaborazione della realt\u00e0, in una ricerca continua di significati che vadano oltre l&#8217;apparenza. La sua visione artistica si concretizza in una sperimentazione costante, che la porta a mescolare tecniche e discipline diverse, creando opere che parlano della fragilit\u00e0 umana e territoriale con un forte impatto visivo ed emozionale.<\/p>\n<h3><strong>Tre progetti, un unico filo conduttore<\/strong><\/h3>\n<h4><strong>Ponte Alto 6: il paesaggio dell&#8217;assenza<\/strong><\/h4>\n<p><em>Ponte Alto 6<\/em> \u00e8 un&#8217;indagine sulla trasformazione del territorio attraverso un dialogo tra passato e presente. Il progetto racconta il lento mutare di una zona liminale, un luogo della memoria dove il tempo sembra sospeso. Attraverso un uso evocativo della luce e delle ombre, Artoni cattura l&#8217;essenza di un&#8217;area che cambia sotto lo sguardo di chi la osserva, lasciando emergere ci\u00f2 che resta e ci\u00f2 che scompare.<\/p>\n<h4><strong>Il Gigante dai Piedi d&#8217;Argilla: fragilit\u00e0 e resistenza<\/strong><\/h4>\n<p>In <em>Il Gigante dai Piedi d&#8217;Argilla<\/em>, l&#8217;artista affronta il tema della precariet\u00e0 e della vulnerabilit\u00e0 del territorio emiliano, scosso da eventi naturali e trasformazioni antropiche. Attraverso un uso materico della fotografia, Artoni compone immagini che evocano la fragilit\u00e0 di un gigante che si sgretola sotto il peso del tempo e delle intemperie. La serie si fa metafora della condizione umana e della lotta tra forza e instabilit\u00e0.<\/p>\n<h4><strong>Futopia Emilia: visioni di un domani possibile<\/strong><\/h4>\n<p><em>Futopia Emilia<\/em> \u00e8 una riflessione sulle prospettive future del paesaggio emiliano. Con un approccio che mescola documentazione e immaginazione, Artoni crea un mosaico di immagini in cui la realt\u00e0 si mescola alla visione utopica o distopica di un territorio in perenne trasformazione. Il progetto stimola una riflessione sul rapporto tra progresso, ambiente e identit\u00e0 culturale.<\/p>\n<h3><strong>Un appuntamento da non perdere<\/strong><\/h3>\n<p>L&#8217;inaugurazione della mostra si terr\u00e0 luned\u00ec 7 aprile 2025 alle ore 21:15 presso la Galleria FIAF di San Felice sul Panaro, in Via Montessori 39. L&#8217;esposizione sar\u00e0 visitabile fino al 12 maggio 2025, con apertura ogni luned\u00ec e gioved\u00ec dalle 21:00 alle 23:00.<\/p>\n<p>Per ulteriori informazioni, visitare il sito ufficiale dell&#8217;autrice: <a href=\"https:\/\/artonifrancesca.it\/\" target=\"_blank\" rel=\"noopener\">www.artonifrancesca.it<\/a>.<\/p>\n<p><strong>Francesca Artoni<\/strong><\/p>\n<p>Nata nel 1978 a Guastalla in provincia di Reggio nell\u2019Emilia, da sempre appassionata di qualsiasi forma creativa, nonostante gli studi tecnico scientifici, ha sempre coltivato la sua passione per il disegno, la pittura e la scrittura.<\/p>\n<p>Negli anni si \u00e8 dedicata all\u2019approfondimento di temi quali le origini, la famiglia, la memoria attraverso la sperimentazione di tecniche e linguaggi espressivi vari, che la portano oggi a utilizzare fotografie e materiali di recupero per raccontare nuove storie con uno sguardo attento a valorizzare sentimenti ed emozioni.<\/p>\n<p>Attiva sperimentatrice, dal 2017 anni si approccia alla tecnica del collage analogico miscelando pi\u00f9 linguaggi.<\/p>\n<p>Coordinatore del gruppo La Bottega Photographica di Boretto (R.E) dal 2018 nominata tutor fotografico Fiaf.<\/p>\n<p>Attiva la collaborazione con Gommapane Lab di Cavriago (RE) associazione culturale che si occupa di arte e creativit\u00e0 e Collettivo Colleria di cui \u00e8 membro co-founder.<\/p>\n<p>&nbsp;<\/p>\n<p><img loading=\"lazy\" decoding=\"async\" class=\"wp-image-6111 size-large\" style=\"font-weight: bold; color: #767676;\" src=\"https:\/\/fiaf.net\/emiliaromagna\/wp-content\/uploads\/sites\/9\/2025\/04\/APRILE-7-818x1024.jpg\" alt=\"\" width=\"818\" height=\"1024\" srcset=\"https:\/\/fiaf.net\/emiliaromagna\/wp-content\/uploads\/sites\/9\/2025\/04\/APRILE-7-818x1024.jpg 818w, https:\/\/fiaf.net\/emiliaromagna\/wp-content\/uploads\/sites\/9\/2025\/04\/APRILE-7-240x300.jpg 240w, https:\/\/fiaf.net\/emiliaromagna\/wp-content\/uploads\/sites\/9\/2025\/04\/APRILE-7-768x961.jpg 768w, https:\/\/fiaf.net\/emiliaromagna\/wp-content\/uploads\/sites\/9\/2025\/04\/APRILE-7-1227x1536.jpg 1227w, https:\/\/fiaf.net\/emiliaromagna\/wp-content\/uploads\/sites\/9\/2025\/04\/APRILE-7.jpg 1296w\" sizes=\"auto, (max-width: 818px) 100vw, 818px\" \/><\/p>\n<p>&nbsp;<\/p>\n<p>&nbsp;<\/p>\n\n    <div class=\"xs_social_share_widget xs_share_url after_content \t\tmain_content  wslu-style-1 wslu-share-box-shaped wslu-fill-colored wslu-none wslu-share-horizontal wslu-theme-font-no wslu-main_content\">\n\n\t\t\n        <ul>\n\t\t\t        <\/ul>\n    <\/div> \n","protected":false},"excerpt":{"rendered":"<p>IO ABITO QUI La fotografia come narrazione di territorio, memoria e trasformazione Dal 7 aprile al 12 maggio 2025, la &hellip;<\/p>\n","protected":false},"author":29,"featured_media":6112,"comment_status":"closed","ping_status":"closed","sticky":false,"template":"","format":"standard","meta":{"_acf_changed":false,"footnotes":""},"categories":[2,9],"tags":[],"class_list":["post-6110","post","type-post","status-publish","format-standard","has-post-thumbnail","hentry","category-attivita-circoli","category-mostre"],"acf":[],"_links":{"self":[{"href":"https:\/\/fiaf.net\/emiliaromagna\/wp-json\/wp\/v2\/posts\/6110","targetHints":{"allow":["GET"]}}],"collection":[{"href":"https:\/\/fiaf.net\/emiliaromagna\/wp-json\/wp\/v2\/posts"}],"about":[{"href":"https:\/\/fiaf.net\/emiliaromagna\/wp-json\/wp\/v2\/types\/post"}],"author":[{"embeddable":true,"href":"https:\/\/fiaf.net\/emiliaromagna\/wp-json\/wp\/v2\/users\/29"}],"replies":[{"embeddable":true,"href":"https:\/\/fiaf.net\/emiliaromagna\/wp-json\/wp\/v2\/comments?post=6110"}],"version-history":[{"count":5,"href":"https:\/\/fiaf.net\/emiliaromagna\/wp-json\/wp\/v2\/posts\/6110\/revisions"}],"predecessor-version":[{"id":6122,"href":"https:\/\/fiaf.net\/emiliaromagna\/wp-json\/wp\/v2\/posts\/6110\/revisions\/6122"}],"wp:featuredmedia":[{"embeddable":true,"href":"https:\/\/fiaf.net\/emiliaromagna\/wp-json\/wp\/v2\/media\/6112"}],"wp:attachment":[{"href":"https:\/\/fiaf.net\/emiliaromagna\/wp-json\/wp\/v2\/media?parent=6110"}],"wp:term":[{"taxonomy":"category","embeddable":true,"href":"https:\/\/fiaf.net\/emiliaromagna\/wp-json\/wp\/v2\/categories?post=6110"},{"taxonomy":"post_tag","embeddable":true,"href":"https:\/\/fiaf.net\/emiliaromagna\/wp-json\/wp\/v2\/tags?post=6110"}],"curies":[{"name":"wp","href":"https:\/\/api.w.org\/{rel}","templated":true}]}}