{"id":63,"date":"2012-04-26T16:01:05","date_gmt":"2012-04-26T16:01:05","guid":{"rendered":"https:\/\/fiaf.net\/regioni\/emiliaromagna\/?p=63"},"modified":"2012-04-26T16:01:05","modified_gmt":"2012-04-26T16:01:05","slug":"radici-e-nuove-frontiere","status":"publish","type":"post","link":"https:\/\/fiaf.net\/emiliaromagna\/radici-e-nuove-frontiere\/","title":{"rendered":"RADICI E NUOVE FRONTIERE"},"content":{"rendered":"<p><a href=\"https:\/\/fiaf.net\/regioni\/emiliaromagna\/wp-content\/uploads\/2012\/04\/festival-web.jpg\"><img loading=\"lazy\" decoding=\"async\" class=\"alignnone size-full wp-image-64\" title=\"festival web\" src=\"https:\/\/fiaf.net\/regioni\/emiliaromagna\/wp-content\/uploads\/2012\/04\/festival-web.jpg\" alt=\"\" width=\"1024\" height=\"682\" \/><\/a><br \/>\n<strong><sub>\u00a0<\/sub><\/strong><\/p>\n<p align=\"center\">Radici e Nuove frontiere<\/p>\n<p>Siamo lieti di presentare la terza edizione del festival fotografico di Colorno<br \/>\n&nbsp;<br \/>\n<strong>Comitato organizzatore <\/strong><br \/>\n<strong>\u00a0<\/strong><br \/>\nSilvano Bicocchi \u00a0\u00a0\u00a0\u00a0\u00a0\u00a0 Direttore del Dipartimento Cultura FIAF<br \/>\nGigi Montali \u00a0\u00a0\u00a0\u00a0\u00a0\u00a0\u00a0\u00a0\u00a0\u00a0\u00a0\u00a0\u00a0\u00a0 Fotografo presidente Color&#8217;s Light<br \/>\nIvano Bolondi \u00a0\u00a0\u00a0\u00a0\u00a0\u00a0\u00a0\u00a0\u00a0\u00a0\u00a0 Maestro della fotografia Italiana<strong><\/strong><br \/>\nDonatella Censori\u00a0\u00a0\u00a0\u00a0\u00a0\u00a0 Assessore alla cultura Comune di Colorno<br \/>\n<strong>\u00a0<\/strong><br \/>\nNelle giornate di venerd\u00ec 8, sabato 9, e domenica 10 Giugno 2012 si terr\u00e0 presso la Reggiadi Colorno (PR) la terza edizione del festival fotografico COLORNOPHOTOLIFE, organizzato dal gruppo <strong>Color\u2019s Light <\/strong>di Colorno e sostenuto dal Comune di Colorno e dalla Provincia di Parma.<br \/>\nLa manifestazione sar\u00e0 gemellata con il festival <strong><em>FACEPHOTONEWS<\/em><\/strong> di Sassoferrato ed il festival <strong><em>una penisola di luce<\/em><\/strong> di Sestri Levante.<br \/>\nScopo della manifestazione \u00e8 l\u2019incontro ed il confronto tra il mondo amatoriale e quello professionale ai fini di uno scambio di conoscenze, opinioni, esperienze.<br \/>\nNella filosofia del festival infatti, gli stimoli scaturiti dalla visione di opere di autori affermati o di fotografi gi\u00e0 sulla via del professionismo e lo scambio con professionisti di settore possono indurre una decisiva crescita per chi pratica la fotografia da una posizione amatoriale.<br \/>\nIl programma degli eventi \u00e8 a tal scopo volutamente diversificato: mostre, letture portfolio, conferenze, proiezioni, work shop, presenza di associazioni, punti vendita libri, e incentrato su autori e personalit\u00e0 differenti per percorso professionale ed orientamento artistico.<br \/>\nAccanto alle mostre ufficiali, tutto lo spazio del grande cortile centrale sar\u00e0 aperto a mostre amatoriali allestite dai fotografi stessi con lavori che si iscriveranno nella tematica di questa terza edizione: <span style=\"text-decoration: underline\">\u201cLa bellezza\u201d<\/span>, tema ispirato dal Festival <strong>FacePhotoNews<\/strong>, verr\u00e0 premiata la mostra migliore.<br \/>\nNelle serate di venerd\u00ec e sabato un fitto programma di proiezioni.<br \/>\n&nbsp;<br \/>\n&nbsp;<br \/>\nInfo:<br \/>\nStudio di Comunicazione &#8211; Barbara Valla<br \/>\nTel. +39.0521.831079<br \/>\nCell.+39.338.5823373<br \/>\nskype: barbara.valla<br \/>\n@: <a href=\"mailto:barbara@artistisenzanome.it\">barbara@artistisenzanome.it<\/a><br \/>\n&nbsp;<br \/>\n<a href=\"mailto:gigi@gigimontali.it\">gigi@gigimontali.it<\/a><br \/>\n&nbsp;<br \/>\n<a href=\"http:\/\/www.colornophotolife.it\" target=\"_blank\" rel=\"noopener\">www.colornophotolife.it<\/a><br \/>\n&nbsp;<br \/>\n&nbsp;<br \/>\n<strong><span style=\"text-decoration: underline\">Mostre <\/span><\/strong><br \/>\n<strong><span style=\"text-decoration: underline\">\u00a0<\/span><\/strong><br \/>\n<strong><em><span style=\"text-decoration: underline\">Sale espositive piano nobile<\/span><\/em><\/strong><br \/>\n<strong><em><span style=\"text-decoration: underline\">\u00a0<\/span><\/em><\/strong><br \/>\n<strong>Ivano Bolondi<\/strong><br \/>\n<strong><em>Quale Cina ?<\/em><\/strong><br \/>\n<strong><em>\u00a0<\/em><\/strong><br \/>\n<em>Ivano Bolondi vive a Montecchio\u00a0 Emilia (Reggio Emilia) dove \u00e8 nato.<\/em><br \/>\n<em>Fotografa dagli inizi degli anni settanta e dai primi anni ottanta ottiene importanti <\/em><em>riconoscimenti nei maggiori concorsi nazionali ed internazionali.<\/em><br \/>\n<em>Nel 1992, gli \u00e8 stata conferita dalla F.I.A.F. (Federazione Italiana Associazioni Fotografiche),<\/em><\/p>\n<h2 align=\"left\"><em>l\u2019onorificenza A.F.I. (Artista Fotografo Italiano). E\u2019 stato designato dalla F.I.A.F. Autore dell\u2019anno 2005 e Maestro della Fotografia italiana\u00a0 (MFI) nel 2007.<\/em><\/h2>\n<p><em>Dell\u2019ultima fatica l\u2019autore dice :\u00a0 Armonia, spiritualit\u00e0 e modernit\u00e0, intessuti di saggezza e cultura popolare, creano le \u201c atmosfere sospese \u201c di un paese, da una civilt\u00e0 millenaria, che incuriosisce e affascina.<\/em><strong><em><\/em><\/strong><br \/>\n<em>30 foto 50 x 70<\/em><br \/>\na cura di Silvano Bicocchi.<br \/>\n&nbsp;<br \/>\n<strong><em><span style=\"text-decoration: underline\">Sale espositive piano terra<\/span><\/em><\/strong><br \/>\n<strong><em><span style=\"text-decoration: underline\">\u00a0<\/span><\/em><\/strong><br \/>\n<strong>GIANNI PEZZANI<\/strong><br \/>\n<strong><em>\u201cMilano di Notte\u201d<\/em><\/strong><br \/>\n<strong>Milano notte<\/strong><br \/>\n<strong>\u00a0<\/strong><br \/>\n<em>Milano \u00e8 da tempo la mia Citt\u00e0, qui ho scelto di vivere e lavorare.<\/em><br \/>\n<em>\u00a0Per sentirmi bene ho affittato casa nel centro storico vicino a Brera, cercandola spaziosa e con grandi finestre.<\/em><br \/>\n<em>\u00a0Quando si fa notte fonda, a volte, esco dal mio portone e cammino per le vie del centro portandomi la macchina fotografica gia agganciata al treppiedi:<\/em><br \/>\n<em>\u00a0i rumori insistenti del fervore produttivo alla luce del sole restano solo un ricordo e la citt\u00e0 brilla sotto i lampioni apparendomi dal buio come vestita di nuovo.<\/em><br \/>\n<em>\u00a0La patina di smog e polvere scura che caratterizza Milano si rende invisibile, mentre le automobili parcheggiate con disordine in\u00a0 ogni spazio libero, sembrano rilassate e pulite a riflettere la citt\u00e0 illuminata.<\/em><br \/>\n<em>\u00a0<\/em><br \/>\n<em>Gianni Pezzani\u00a0\u00a0\u00a0\u00a0\u00a0\u00a0\u00a0\u00a0\u00a0\u00a0\u00a0\u00a0\u00a0\u00a0\u00a0\u00a0\u00a0\u00a0\u00a0\u00a0\u00a0\u00a0\u00a0\u00a0\u00a0\u00a0\u00a0\u00a0\u00a0 \u00a0\u00a0\u00a0\u00a0\u00a0\u00a0\u00a0\u00a0\u00a0\u00a0Milano, 15 Aprile 2011<\/em><br \/>\n<em>\u00a0<\/em><br \/>\n<strong><em>\u00a0<\/em><\/strong><br \/>\n<em>Nato a Colorno, Gianni Pezzani si avvicina alla fotografia grazie al padre, che dipinge e fotografa. La sua attivit\u00e0 di fotografo prende avvio da alcune ricerche, stava elaborando i primi viraggi selettivi. Questa particolare operazione porta in breve tempo il suo lavoro all&#8217;attenzione della critica. Nel 1979 Lanfranco Colombo ospita la sua prima mostra personale, solo due anni dopo \u00e8 selezionato dalle edizioni Time-Life tra i sei pi\u00f9 importanti fotografi emergenti dell&#8217;anno, mentre l&#8217;annuario Photography Year pubblica un suo portfolio. Nel 1982 Gianni Pezzani compie un viaggio negli USA, da cui nasce una serie di immagini che vengono esposte alla Galleria Civica di Modena. Nel 1983 espone alla Galleria d&#8217;Arte Moderna di Suzzara e contemporaneamente collabora con Vogue, iniziando un\u2019intensa attivit\u00e0 legata all\u2019editoria della moda internazionale che prosegue tuttora. Viene invitato a Tokyo ad esporre al Nagase Photo Salon e la sua opera viene conosciuta anche in Giappone, dove si trasferisce nel 1984. Tra il 1989 e il 1993 si sposta tra l\u2019Estremo Oriente e la Nuova Zelanda per realizzare servizi tra moda e documentazione. Di nuovo in Italia dal 1993, Gianni Pezzani partecipa a diverse esposizioni presso istituzioni pubbliche e private. Tra le pi\u00f9 importanti: la mostra alla Stazione Leopolda di Firenze del 1997, la retrospettiva dedicatagli dalla Fondazione Magnani Rocca di Parma nel 2000, la mostra \u201cViaggi in Giappone\u201d a Palazzo Barolo, Torino, nel 2003, \u201cI maestri della fotografia\u201d alla Peggy Guggenheim Collection nel 2005, ed alla galleria Hublab di Milano nel 2006 presenta Umus, fotografie oniriche di alberi e boschi. Vive e lavora a Milano. <\/em><a href=\"http:\/\/www.giannipezzani.it\" target=\"_blank\" rel=\"noopener\"><em>www.giannipezzani.it<\/em><\/a><em><\/em><br \/>\n<em>34 foto 54&#215;74<\/em><br \/>\n<em>\u00a0<\/em><br \/>\n<em>\u00a0<\/em><br \/>\n<strong>ERIKA SERENI<\/strong><br \/>\n<strong><em>\u201coggetti smarriti \/ objets trouv\u00e9s\u201d<\/em><\/strong><strong><\/strong><br \/>\n<em>Erika Sereni dall&#8217;inizio ha dimostrato una crescita costante del suo linguaggio fotografico, la sua curiosit\u00e0 nell&#8217;apprendere le potenzialit\u00e0 espressive dell&#8217;arte fotografica, la tenacia nella sperimentazione, autodidatta del mezzo e delle tecniche e nell&#8217;approfondimento del pensiero e dell&#8217;opera dei maestri, l&#8217;approccio critico nella scelta tematica del prossimo progetto da sviluppare; attraverso questa osservazione multidisciplinare Erika stabilisce gli ambiti di interesse per le sue ricerche, seppure non allo scopo di codificare un personale linguaggio fotografico e di definire una propria teoria cristallizzata \u2013 appositamente \u00e8 stato utilizzato il termine <\/em>ricerca &#8211;<em> piuttosto di individuare il <\/em>punctum<em> da sfaccettare<\/em> <em>nelle sue fotografie<\/em>.\u00a0 <em>Per Il festival di quest\u2019anno propone la sua nuova mostra curata da Claudia Cattani \u201coggetti smarriti \/ objets trouv\u00e9s\u201d.<\/em><br \/>\n<em>Claudia scrive: \u201cNella solitaria banalit\u00e0 del quotidiano Erika Sereni va alla ricerca dei momenti di silenzio per trasformarli, con delicatezza, in piccole scoperte di rara bellezza: senza indugi nostalgici, ma con uno sguardo fermo e una visione nitida, riesce a trovare un autentico senso del bello sia negli oggetti dimenticati, che in tempo remoto sono stati abbandonati per strada o in vecchie case disabitate, sia negli oggetti smarriti che si trovano catalogati e accatastati nei depositi comunali.\u00a0 Li espone insieme e ce li mostra per interrogarci sul senso dello \u201csmarrimento\u201d, del perdersi e ritrovarsi, come fatto inevitabile della vita di ognuno. Si perdono non solo gli oggetti, ma anche le storie, i volti, i ricordi. E la bellezza si trova l\u00ec, nella polvere, nella solitudine, nell&#8217;ironia e nel contrasto\u201d.<\/em><br \/>\n&nbsp;<br \/>\n<strong>DAVIDE GROSSI<\/strong><br \/>\n<strong><em>&#8220;Delle architetture spontanee nelle paludi&#8221;.<\/em><\/strong><br \/>\n<em>Il lavoro parla delle architetture spontanee palustri. Sorte con la funzione di ricovero e posta di pesca e caccia, erano costruite rudimentalmente impiegando materiali di recupero, assi di legno e canne palustri. Queste strutture caratterizzano ancora il territorio emiliano-romagnolo delle zone vallive della fascia litoranea, abbozzando uno skyline insolito e rimarcando una forma di antropizzazione arcaica. I capanni da pesca hanno rappresentato per anni un importante forma di sussistenza per l&#8217;economia locale. In origine il capanno da pesca non era mai di un singolo proprietario, solitamente\u00a0 almeno sei soci si alternavano nell\u2019utilizzo del padellone, condividendone i costi di gestione, ruoli e responsabilit\u00e0 stabilite da regole ben definite. Dagli anni &#8217;50, il miglioramento delle condizioni economiche contestualmente alla diminuita pescosit\u00e0 delle acque, hanno contribuito al cambiamento funzionale dei capanni. Oggi, questi, sono trasformati lentamente in luoghi di svago e convivialit\u00e0 e rappresentano un importante aspetto socializzante.<\/em><br \/>\n<strong>\u00a0<\/strong><br \/>\n<strong>\u00a0<\/strong><br \/>\n<em>\u00a0<\/em><br \/>\n<strong><em><span style=\"text-decoration: underline\">Mostre open air \u00a0nel cortile <\/span><\/em><\/strong><br \/>\n<strong><em><span style=\"text-decoration: underline\">\u00a0<\/span><\/em><\/strong><br \/>\n<strong>Iago Corazza<\/strong><br \/>\n<strong><em>\u201cGli Ultimi Uomini della terra\u201d<\/em><\/strong><br \/>\n&nbsp;<br \/>\n<em>Incredibili immagini in alta qualit\u00e0 e in grande formato. Riti, feste, sacrifici, tradizioni e costumi fotografati da Iago Corazza e Greta Ropa. Le spettacolari pitture sui visi e sui corpi, i particolari ornamenti e gli elaborati copricapo sono gli echi di un mondo lontano con cui gli autori, in collaborazione con la casa editrice White Star &#8211; National Geographic e la Epson, hanno inaugurato una serie di mostre fotografiche, realizzata con le esclusive immagini tratte dalla monografia \u201cGli Ultimi Uomini\u201d.<\/em><br \/>\n30 pannelli 90X135<br \/>\n<strong>\u00a0<\/strong><br \/>\n<strong>\u00a0<\/strong><br \/>\n<strong>COLLETTIVA COLOR\u2019S LIGHT<\/strong><br \/>\n<strong><em>\u201cLa bellezza \u00e8 soggettiva\u201d<\/em><\/strong><br \/>\n<em>I soci del Color\u2019s Light affonteranno il tema la bellezza in modo soggettivo ed ognuno esporr\u00e0 un pannello composto, gli stessi saranno esposti al centro del cortile.<\/em><br \/>\n<strong><em>\u00a0<\/em><\/strong><br \/>\n<strong><em>SPAZIO MOSTRE A TEMA \u201cLA BELLEZZA\u201d<\/em><\/strong><br \/>\n<em>Una parte del loggiato a lato del cortile centrale sar\u00e0 disponibile per mostre amatoriali auto-allestite, con spazi prenotabili fino ad esaurimento dei 40 posti\u00a0 (costo 30\u20ac). Le mostre dovranno iscriversi nella tematica \u201cla bellezza\u201d comune al tema del festival FacePhotoNews2012, Sassoferrato. Il comitato scientifico riunito in una giuria nominer\u00e0 la migliore esposizione, che andr\u00e0 di diritto a partecipare alla selezione finale dei portfolio a\u00a0 FacePhotoNews2012 (agosto 2012, <\/em><a href=\"http:\/\/www.marchefotografia.it\/\" target=\"_blank\" rel=\"noopener\"><em>http:\/\/www.marchefotografia.it\/<\/em><\/a><em>). <\/em><br \/>\n<strong><em><span style=\"text-decoration: underline\">\u00a0<\/span><\/em><\/strong><br \/>\n<strong><em><span style=\"text-decoration: underline\">Sale espositive Mulino Ducale<\/span><\/em><\/strong><br \/>\n<strong>\u00a0<\/strong><br \/>\n<strong>GRUPPO NAMIAS<\/strong><br \/>\n<strong><em>\u201cLa bellezza da interpretare\u201d \u00a0<\/em><\/strong><em>Foto realizzate con tecniche antiche<strong><\/strong><\/em><br \/>\n<strong><em>\u00a0<\/em><\/strong><br \/>\n<strong><em>\u00a0<\/em><\/strong><br \/>\n<strong><em>\u00a0<\/em><\/strong><br \/>\n<strong><em>\u00a0<\/em><\/strong><br \/>\n<strong><em><span style=\"text-decoration: underline\">Mostra nei negozi \u00a0<\/span><\/em><\/strong><br \/>\n<em>Colorno vista dai bambini con il foro stenopeico.<\/em><br \/>\n<em>\u00a0<\/em><br \/>\n<strong><em>\u00a0<\/em><\/strong><br \/>\n<span style=\"text-decoration: underline\">Mostre aperte fino al 10 luglio 2012 (sabato e festivi 10,00 \u2013 12,30 15,00 -18,30)<\/span><br \/>\n<strong>\u00a0<\/strong><br \/>\n<strong>\u00a0<\/strong><br \/>\n<strong>ATTIVITA&#8217; E PROTAGONISTI<\/strong><br \/>\n&nbsp;<br \/>\n<strong>Concorso a lettura di portfolio \u201cI\u00b0 PORTFOLIO MARIA LUIGIA\u201d<\/strong><br \/>\nParte integrante delle attivit\u00e0 del festival sono i momenti di lettura portfolio<strong> Concorso a lettura di portfolio \u201cI\u00b0 PORTFOLIO MARIA LUIGIA\u201d<\/strong> a cura degli esperti invitati. Critici e storici della fotografia, fotografi e addetti ai lavori saranno a disposizione per esaminare, commentare e premiare il lavoro di giovani fotografi o di fotografi avviati sulla strada del professionismo.<br \/>\n&nbsp;<br \/>\nLettori:<br \/>\n<strong>Silvano Bicocchi <\/strong>(Direttore del Dipartimento Cultura FIAF) <strong><\/strong><br \/>\n<strong>Davide Grossi <\/strong>(Fotografo)<br \/>\n<strong>Massimo Mazzoli <\/strong>(Fotografo e coocuratore di FacePhotoNews, Sassoferrato)<br \/>\n<strong>Orietta Bay<\/strong> (Fotografa)<br \/>\n<strong>Cinzia Busi Thompson \u00a0<\/strong>(Critico fotografico)<strong> <\/strong><br \/>\n<strong>Fulvio Merlak <\/strong>(Presidente d\u2019Onore FIAF)<br \/>\n<strong>\u00a0<\/strong><br \/>\n<strong>\u00a0<\/strong><br \/>\n<strong>Lettura Portfolio Face to Face (sabato mattina e pomeriggio)<\/strong><br \/>\nLettura pubblica dei portfolio partecipanti in modalit\u00e0 dibattito &#8211; studio con i due lettori: Cinzia Busi Thompson e Bicocchi Silvano. L\u2019attivit\u00e0 permetter\u00e0 al pubblico di ascoltare le riflessioni dei due lettori visionando perfettamente, comodamente seduto, le opere studiate.<br \/>\n&nbsp;<br \/>\n<strong>Premi del Concorso<\/strong>.<br \/>\n&nbsp;<br \/>\n&#8211;\u00a0\u00a0\u00a0\u00a0\u00a0\u00a0 <strong>1\u00b0 Premio<\/strong>, spazio per una mostra personale al COLORNOPHOTOLIFE 2013.<br \/>\n&#8211;\u00a0\u00a0\u00a0\u00a0\u00a0\u00a0 <strong>2\u00b0 Premio<\/strong>, Pernottamento e cena a Colorno (2 persone)<br \/>\n&#8211;\u00a0\u00a0\u00a0\u00a0\u00a0\u00a0 <strong>3\u00b0 Premio<\/strong>, Pernottamento e pranzo (1 persona)<br \/>\n<strong><span style=\"text-decoration: underline\">PROIEZIONI: <\/span><\/strong><br \/>\n<strong>\u00a0<\/strong><br \/>\n<strong>Venerd\u00ec sera 8 giugno ore 21,15<\/strong> \u201cil meglio del diaporama nazionale\u201d<\/p>\n<ul>\n<li>Ivano Bolondi \u00a0\u00a0\u00a0\u00a0\u00a0\u00a0\u00a0\u00a0\u00a0\u00a0\u00a0\u00a0\u00a0\u00a0\u00a0\u00a0\u00a0\u00a0\u00a0 \u201cQuale Cina ?&#8221;<\/li>\n<li>Oreste e Odetta Ferretti \u00a0\u00a0\u00a0\u00a0 \u201cTibet, un girotondo di preghiere\u201d<\/li>\n<li>Giacomo Cicciotti \u00a0\u00a0\u00a0\u00a0\u00a0\u00a0\u00a0\u00a0\u00a0\u00a0\u00a0\u00a0\u00a0\u00a0 \u201cEffetti collaterali\u201d<\/li>\n<li>GieFFeSSe \u00a0\u00a0\u00a0\u00a0\u00a0\u00a0\u00a0\u00a0\u00a0\u00a0\u00a0\u00a0\u00a0\u00a0\u00a0\u00a0\u00a0\u00a0\u00a0\u00a0\u00a0\u00a0 \u201cThe Loop\u201d<\/li>\n<li>Stefano Anzola<\/li>\n<li>Gigi Montali \u00a0\u00a0\u00a0\u00a0\u00a0\u00a0\u00a0\u00a0\u00a0\u00a0\u00a0\u00a0\u00a0\u00a0\u00a0\u00a0\u00a0\u00a0\u00a0\u00a0\u00a0 \u201cIl Viaggio, Cuamba -Nampula\u201d<\/li>\n<\/ul>\n<p>Alla fine delle proiezioni seguir\u00e0 un dibattito con gli autori con moderatori G.Rossi, L. De francesco e C.Cattani.<br \/>\n<strong>Sabato sera 9 giugno ore 21,30<\/strong> \u201cREPORTAGE INTORNO AL MONDO\u201d<\/p>\n<ul>\n<li>Ivano Bolondi\u00a0 \u00a0\u00a0\u00a0\u00a0\u00a0\u00a0\u00a0\u00a0\u00a0\u00a0\u00a0\u00a0\u00a0\u00a0\u00a0\u00a0\u00a0\u00a0\u00a0\u00a0\u00a0\u00a0\u00a0\u00a0\u00a0\u00a0\u00a0 \u201cLa grotta delle meraviglie\u201d<\/li>\n<li>Marco Gualazzini<\/li>\n<li>Enrico Genovesi\u00a0\u00a0\u00a0\u00a0\u00a0\u00a0\u00a0\u00a0\u00a0\u00a0\u00a0\u00a0\u00a0\u00a0\u00a0\u00a0\u00a0\u00a0\u00a0\u00a0\u00a0\u00a0\u00a0\u00a0\u00a0\u00a0 &#8220;Spettacolo Nostalgia&#8221;<\/li>\n<li>Aldo Soligno\u00a0\u00a0\u00a0\u00a0\u00a0\u00a0\u00a0\u00a0\u00a0\u00a0\u00a0\u00a0\u00a0\u00a0\u00a0\u00a0\u00a0\u00a0\u00a0\u00a0\u00a0\u00a0\u00a0\u00a0\u00a0\u00a0\u00a0\u00a0\u00a0\u00a0\u00a0 &#8220;Fame. Haiti 2012&#8221;<\/li>\n<li>Circolo 87 \u00a0\u00a0\u00a0\u00a0\u00a0\u00a0\u00a0\u00a0\u00a0\u00a0\u00a0\u00a0\u00a0\u00a0\u00a0\u00a0\u00a0\u00a0\u00a0\u00a0\u00a0\u00a0\u00a0\u00a0\u00a0\u00a0\u00a0\u00a0\u00a0\u00a0\u00a0 &#8220;Un giorno nella Kasbah&#8221;<\/li>\n<li>Luca Napoli \u00a0\u00a0\u00a0\u00a0\u00a0\u00a0\u00a0\u00a0\u00a0\u00a0\u00a0\u00a0\u00a0\u00a0\u00a0\u00a0\u00a0\u00a0\u00a0\u00a0\u00a0\u00a0\u00a0\u00a0\u00a0\u00a0\u00a0\u00a0\u00a0\u00a0\u00a0 &#8220;Il piu&#8217; bel giorno della mia vita&#8221;<\/li>\n<\/ul>\n<p>&nbsp;<br \/>\nAlla fine delle proiezioni seguir\u00e0 un dibattito con gli autori, moderato da Paola Riccardi e Silvano Bicocchi.<br \/>\n<em>\u00a0<\/em><br \/>\n<strong><span style=\"text-decoration: underline\">WORK SHOP<\/span><\/strong><br \/>\n<strong>Fotografia ragionata con Gianni Pezzani\u00a0\u00a0\u00a0\u00a0\u00a0\u00a0\u00a0\u00a0\u00a0\u00a0\u00a0\u00a0\u00a0\u00a0\u00a0\u00a0\u00a0\u00a0\u00a0\u00a0\u00a0\u00a0\u00a0 <\/strong>1,5 gg\u00a0 iscrizione\u00a0\u00a0 \u00a0\u00a0\u00a0\u00a0\u00a0 \u00a0\u00a070\u20ac<strong><\/strong><br \/>\n<strong>Laboratorio di stampa alla \u201cgomma bicromatata\u201d\u00a0 <\/strong><br \/>\n<strong>con Roberto Lagrasta, Docente Fiaf<\/strong><strong>\u00a0\u00a0\u00a0\u00a0\u00a0\u00a0\u00a0\u00a0\u00a0\u00a0\u00a0\u00a0\u00a0\u00a0\u00a0\u00a0\u00a0\u00a0\u00a0 <\/strong>2gg\u00a0\u00a0\u00a0\u00a0\u00a0 iscrizione \u00a0\u00a0\u00a0\u00a0\u00a0\u00a0\u00a0 180\u20ac<br \/>\n<strong>Per Bambini con Liana Pelaccini\u00a0\u00a0\u00a0\u00a0\u00a0\u00a0\u00a0\u00a0\u00a0\u00a0\u00a0\u00a0\u00a0\u00a0\u00a0\u00a0\u00a0\u00a0\u00a0\u00a0\u00a0\u00a0\u00a0\u00a0\u00a0 <\/strong>1gg\u00a0\u00a0\u00a0\u00a0\u00a0 iscrizione\u00a0\u00a0\u00a0\u00a0\u00a0\u00a0\u00a0\u00a0 \u00a0 30\u20ac<br \/>\n<strong>Montaggio di un audiovisivo con M.Object <\/strong>\u00a0\u00a0\u00a0\u00a0\u00a0\u00a0\u00a0 1gg\u00a0\u00a0\u00a0\u00a0\u00a0 iscrizione\u00a0\u00a0\u00a0\u00a0\u00a0\u00a0\u00a0\u00a0 \u00a0 50\u20ac<br \/>\n<strong>Condotto da Gianni Rossi<\/strong><br \/>\n<strong>\u00a0<\/strong><br \/>\n<strong><span style=\"text-decoration: underline\">SPAZIO MOSTRE OPEN AIR<\/span><\/strong><br \/>\nIl cortile centrale sar\u00e0 disponibile per mostre amatoriali auto-allestite, con spazi prenotabili fino ad esaurimento posti\u00a0 (costo 30\u20ac). Le mostre dovranno iscriversi nella tematica \u201cla bellezza\u201d comune al tema del festival FacePhotoNews2012, Sassoferrato. Il comitato scientifico riunito in una giuria nominer\u00e0 la migliore esposizione, che andr\u00e0 di diritto a partecipare alla selezione finale dei portfolio a \u00a0FacePhotoNews2012 (agosto 2012, <a href=\"http:\/\/www.marchefotografia.it\/\" target=\"_blank\" rel=\"noopener\">http:\/\/www.marchefotografia.it\/<\/a>)<br \/>\n<strong><span style=\"text-decoration: underline\">PUNTI VENDITA LIBRI<\/span><\/strong><br \/>\nPer offrire la possibilit\u00e0 di consultazione e acquisto di volumi fotografici saranno presenti con<br \/>\nun banchetto durante tutta la durata del festival i punti vendita libri <strong>HF distribuzione<\/strong><br \/>\n(http:\/\/www.hfnet.it\/index.asp)<br \/>\n&nbsp;<br \/>\n<strong>COLORNOPHOTOLIFE,<\/strong> proseguir\u00e0 dopo i tre giorni con le proiezioni di <strong><em>\u201cViaggi sotto le stelle\u201d<\/em><\/strong> rassegna di audiovisivi di viaggio che si terr\u00e0 i venerd\u00ec sera (Giugno \u2013 Luglio- Agosto) nel secondo cortile della reggia e un corso fotografico sulla <strong><em>storia della fortografia<\/em><\/strong> tenuto da Paolo Barbaro.<br \/>\nLe mostre fotografiche rimarranno aperte fino al 10 luglio (sabato e festivi 10,00 \u2013 12,30 15,00 -18,30).<br \/>\n&nbsp;<br \/>\n&nbsp;<br \/>\n<strong><span style=\"text-decoration: underline\">PROGRAMMA<\/span><\/strong><br \/>\n<strong><em>VENERDI&#8217; 8 GIUGNO<\/em><\/strong><br \/>\nore 18,30 INAUGURAZIONE presentazione e visita delle mostre nelle sale espositive della Reggia<br \/>\nore 19.30 rinfresco di benvenuto a ospiti e autori<br \/>\nore 21.00 \u2013 23.00 programma di proiezioni di autori DIAF<br \/>\n&nbsp;<br \/>\n<strong><em>SABATO 9 GIUGNO dalle ore 10.00<\/em><\/strong><br \/>\nAPERTURA MOSTRE AUTOALLESTITE NEL CORTILE DELLA REGGIA<br \/>\nPUNTI VENDITA LIBRI HF distribuzione<br \/>\nore 10.00 \u2013 13.00 letture portfolio (prenotazione obbligatoria)<br \/>\nore 10.00 \u2013 13.00 LETTURA FACE TO FACE Con Silvano Bicocchi e Cinzia Busi Thomson<br \/>\nore 10.00 \u2013 12.00\u00a0 13- 18\u00a0\u00a0 <strong>WORKSHOP <\/strong><br \/>\nore 15.00 \u2013 18.30 letture portfolio (prenotazione obbligatoria)<br \/>\nore 15.00 \u2013 18.00 LETTURA FACE TO FACE Con Silvano Bicocchi e Cinzia Busi Thomson<strong><em><\/em><\/strong><br \/>\nore 21.00 \u2013 23.00 programma di proiezioni di autori a cura di Paola Riccardi<br \/>\n&nbsp;<br \/>\n<strong><em>DOMENICA 10 GIUGNO dalle 10,00<\/em><\/strong><br \/>\nPUNTI VENDITA LIBRI HF distribuzione<br \/>\nContinuano le mostre nei cortili della Reggia dei giovani fotografi di Parma e dei Gruppi<br \/>\nfotografici invitati<br \/>\nore 09.30 \u2013 13.30 letture portfolio (prenotazione obbligatoria)<br \/>\nore 10.00 \u2013 14.00 <strong>WORKSHOP <\/strong><br \/>\nore 15.00 \u2013 \u00a0Giuria portfolio<br \/>\n&nbsp;<br \/>\nore 17.00- CHIUSURA FESTIVAL con aggiudicazione della mostra vincente tra le<br \/>\nesposizioni libere esposte nel cortile principale. E del miglior portfolio presentato.<br \/>\n<strong>\u00a0<\/strong><br \/>\nLE LETTURE PORTFOLIO SARANNO SOLO SU PRENOTAZIONE E FINO A DISPOSIZIONE<br \/>\nPOSTI PER OGNI LETTORE<br \/>\nGLI SPAZI-MOSTRE IN CORTILE SARANNO CONCESSI DIETRO INVIO DI 8 IMMAGINI<br \/>\nE CON ASSEGNAZIONE DI LOTTI DI ESPOSIZIONE FINO AD ESAURIMENTO POSTI.<br \/>\nL&#8217;ISCRIZIONE AL WORKSHOP DOVRA&#8217; AVVENIRE ENTRO E NON OLTRE IL 10 GIUGNO<br \/>\nL&#8217;AGGIUDICAZIONE DEL VINCITORE TRA LE MOSTRE DEL CORTILE PRINCIPALE SARA&#8217;<br \/>\nDECRETATO DALLA GIURIA DURANTELA PREMIAZIONEDEL\u201cI\u00b0 PORTFOLIO MARIA LUIGIA\u201d ENTRO LE ORE 17,00 DI DOMENICA 10\/6.<br \/>\n&nbsp;<br \/>\n<strong>INFO E PRENOTAZIONI<\/strong><br \/>\n<strong>www.colornophotolife.it<\/strong><br \/>\ngigi@gigimontali.it<br \/>\ntel. 0521312545 \u2013 0521 313790<br \/>\n&nbsp;<br \/>\nORARI E PRENOTAZIONI LETTURE PORTFOLIO\/WORKSHOP\/SPAZI MOSTRE:<br \/>\n<a href=\"http:\/\/www.colornophotolife.it\" target=\"_blank\" rel=\"noopener\"><strong>www.colornophotolife.it<\/strong><\/a><strong><\/strong><br \/>\n<strong>\u00a0<\/strong><br \/>\n<strong>\u00a0<\/strong><\/p>\n<ul>\n<li>Tema 2012 \u2013 La bellezza<\/li>\n<\/ul>\n<p><em>La bellezza nasce dalla positivit\u00e0 e dalla creativit\u00e0, \u00e8 sinonimo di compiutezza e perfezione, per queste ragioni essa \u00e8 un fine alto che merita di essere perseguito nella quotidiana esistenza umana.<\/em><br \/>\n<em>La bellezza \u00e8 un valore aggiunto assoluto, perch\u00e9 a parit\u00e0 di funzione l\u2019uomo sceglie l\u2019oggetto pi\u00f9 bello.<\/em><br \/>\n<em>La bellezza \u00e8 al centro di ogni dinamica della societ\u00e0 dei consumi: la moda, il design, la pubblicit\u00e0, i social network, ecc\u2026<\/em><br \/>\n<em>Non ci accorgiamo che i mass media, creando continuamente nuovi modelli di bellezza, inducono in noi nuovi canoni estetici.<\/em><br \/>\n<em>Non ci accorgiamo che l\u2019idea di bellezza stereotipata dalle migliaia di immagini che ogni giorno vediamo, ha omologato il nostro gusto estetico e condizionato il nostro comportamento in favore degli status simbol.<\/em><br \/>\n<em>La fotografia \u00e8 uno dei modi pi\u00f9 condivisibili per scoprire e comunicare l\u2019idea di bellezza soggettiva.<\/em><br \/>\n<strong><em>Il tema vuole essere uno stimolo per chiunque voglia andare alla scoperta della propria idea di bellezza, in qualunque campo egli vorr\u00e0 cercarla.<\/em><\/strong><br \/>\n<strong><em>\u00a0<\/em><\/strong><br \/>\n<strong><em>\u00a0<\/em><\/strong><br \/>\n<strong><em>\u00a0<\/em><\/strong><br \/>\n<strong><em>Viaggi sotto le stelle 2012<\/em><\/strong><\/p>\n<ul>\n<li><strong>8 giugno<\/strong> \u00a0\u00a0\u00a0\u00a0\u00a0\u00a0\u00a0\u00a0\u00a0 <strong><em>\u201ccolornophotolife\u201d<\/em><\/strong><strong><\/strong><\/li>\n<li><strong>15 giugno<\/strong>\u00a0\u00a0\u00a0\u00a0\u00a0\u00a0\u00a0\u00a0 <strong><em>\u201cGli Ultimi Uomini\u201d<\/em><\/strong><em> <strong>\u00a0(trib\u00f9 della Nuova Guinea) <\/strong><\/em><strong>\u00a0di Iago Corazza<\/strong><\/li>\n<li><strong>22 giugno\u00a0\u00a0\u00a0\u00a0\u00a0\u00a0\u00a0\u00a0 <\/strong><strong><em>\u201cFotografia di un paese\u201d<\/em><\/strong><strong> del Color\u2019s Light <\/strong><\/li>\n<\/ul>\n<p><strong>\u00a0\u00a0\u00a0\u00a0\u00a0\u00a0\u00a0\u00a0\u00a0\u00a0\u00a0\u00a0\u00a0 <\/strong><strong><em>\u201c Nabibia &amp; Botswana\u201d<\/em><\/strong><strong> di Nando\u00a0 Ferrari<\/strong><br \/>\n<strong>\u00a0\u00a0\u00a0\u00a0\u00a0\u00a0\u00a0\u00a0\u00a0\u00a0\u00a0\u00a0\u00a0 <\/strong><strong><em>\u201c La certosa di Parma a Colorno\u201d<\/em><\/strong><strong> di Lino Pellegri<\/strong><br \/>\n<strong>\u00a0\u00a0\u00a0\u00a0\u00a0\u00a0\u00a0\u00a0\u00a0\u00a0\u00a0\u00a0\u00a0\u00a0\u00a0\u00a0\u00a0\u00a0\u00a0\u00a0\u00a0\u00a0\u00a0\u00a0\u00a0\u00a0\u00a0\u00a0\u00a0\u00a0\u00a0\u00a0\u00a0\u00a0\u00a0\u00a0\u00a0\u00a0\u00a0 <\/strong><strong><em>\u201cLa sartiglia\u201d<\/em><\/strong><strong> di Fiorenzo Attene<\/strong><\/p>\n<ul>\n<li><strong>29 giugno\u00a0\u00a0\u00a0\u00a0\u00a0\u00a0\u00a0\u00a0 <\/strong><strong><em>\u201c La valle di Katmandu<\/em><\/strong><strong> (Nepal)\u201d di Antonio Cosi<\/strong><\/li>\n<li><strong>6 luglio<\/strong><strong>\u00a0\u00a0\u00a0\u00a0\u00a0\u00a0\u00a0\u00a0\u00a0\u00a0\u00a0\u00a0 <\/strong><strong><em>\u201cBolivia, dove le Ande incontrano l\u2019Amazzonia\u201d<\/em><\/strong><strong> di Massimo Gandolfi <\/strong><\/li>\n<\/ul>\n<p><strong><em>\u201cTana Toraja\u201d<\/em><\/strong><strong> di \u00a0Mazzoni Paolo<\/strong><\/p>\n<ul>\n<li><strong>13 luglio<\/strong><strong>\u00a0\u00a0\u00a0\u00a0\u00a0\u00a0\u00a0\u00a0\u00a0\u00a0 <\/strong><strong><em>\u201cPer qualche minuto al sud\u201d \u201c\u2026..poi barbagia\u201d<\/em><\/strong><strong>\u00a0 di Luciano Bitelli (fe)<\/strong><\/li>\n<li><strong>20 luglio\u00a0\u00a0\u00a0\u00a0\u00a0\u00a0\u00a0\u00a0\u00a0\u00a0 <\/strong><strong><em>\u201cEterno Cammino\u201d <\/em><\/strong><strong>(Mongolia)\u00a0 &#8211; di Stefano Anzola <\/strong><\/li>\n<li><strong>27 luglio\u00a0\u00a0\u00a0\u00a0\u00a0\u00a0\u00a0\u00a0\u00a0\u00a0 <\/strong><strong><em>\u201cStorie\u2026.\u201d<\/em><\/strong><strong> Di Alessandro Gandolfi<\/strong><\/li>\n<li><strong>3 agosto<\/strong><strong>\u00a0\u00a0\u00a0\u00a0\u00a0\u00a0\u00a0\u00a0\u00a0\u00a0 <\/strong><strong><em>\u201cAfrica\u201d \u201cCuba\u201d <\/em><\/strong><strong>di Irene e Luca<\/strong><strong><em> <\/em><\/strong><\/li>\n<li><strong>10 agosto<\/strong><strong><em>\u00a0\u00a0\u00a0\u00a0\u00a0\u00a0\u00a0\u00a0\u00a0 \u201cUna tazza di te\u201d (Malawi) \u2013 \u201cIlha de Mozambico<\/em><\/strong><strong><em>\u201d<\/em><\/strong><strong> di Gigi Montali<\/strong><\/li>\n<\/ul>\n\n    <div class=\"xs_social_share_widget xs_share_url after_content \t\tmain_content  wslu-style-1 wslu-share-box-shaped wslu-fill-colored wslu-none wslu-share-horizontal wslu-theme-font-no wslu-main_content\">\n\n\t\t\n        <ul>\n\t\t\t        <\/ul>\n    <\/div> \n","protected":false},"excerpt":{"rendered":"<p>\u00a0 Radici e Nuove frontiere Siamo lieti di presentare la terza edizione del festival fotografico di Colorno &nbsp; Comitato organizzatore &hellip;<\/p>\n","protected":false},"author":64,"featured_media":0,"comment_status":"closed","ping_status":"open","sticky":false,"template":"","format":"standard","meta":{"_acf_changed":false,"footnotes":""},"categories":[8],"tags":[],"class_list":["post-63","post","type-post","status-publish","format-standard","hentry","category-manifestazioni"],"acf":[],"_links":{"self":[{"href":"https:\/\/fiaf.net\/emiliaromagna\/wp-json\/wp\/v2\/posts\/63","targetHints":{"allow":["GET"]}}],"collection":[{"href":"https:\/\/fiaf.net\/emiliaromagna\/wp-json\/wp\/v2\/posts"}],"about":[{"href":"https:\/\/fiaf.net\/emiliaromagna\/wp-json\/wp\/v2\/types\/post"}],"author":[{"embeddable":true,"href":"https:\/\/fiaf.net\/emiliaromagna\/wp-json\/wp\/v2\/users\/64"}],"replies":[{"embeddable":true,"href":"https:\/\/fiaf.net\/emiliaromagna\/wp-json\/wp\/v2\/comments?post=63"}],"version-history":[{"count":0,"href":"https:\/\/fiaf.net\/emiliaromagna\/wp-json\/wp\/v2\/posts\/63\/revisions"}],"wp:attachment":[{"href":"https:\/\/fiaf.net\/emiliaromagna\/wp-json\/wp\/v2\/media?parent=63"}],"wp:term":[{"taxonomy":"category","embeddable":true,"href":"https:\/\/fiaf.net\/emiliaromagna\/wp-json\/wp\/v2\/categories?post=63"},{"taxonomy":"post_tag","embeddable":true,"href":"https:\/\/fiaf.net\/emiliaromagna\/wp-json\/wp\/v2\/tags?post=63"}],"curies":[{"name":"wp","href":"https:\/\/api.w.org\/{rel}","templated":true}]}}