{"id":710,"date":"2013-05-27T08:49:27","date_gmt":"2013-05-27T06:49:27","guid":{"rendered":"https:\/\/fiaf.net\/regioni\/emiliaromagna\/?p=710"},"modified":"2013-05-27T08:49:27","modified_gmt":"2013-05-27T06:49:27","slug":"cahier-de-voyage","status":"publish","type":"post","link":"https:\/\/fiaf.net\/emiliaromagna\/cahier-de-voyage\/","title":{"rendered":"Cahier de voyage"},"content":{"rendered":"<p><a href=\"https:\/\/fiaf.net\/emiliaromagna\/wp-content\/uploads\/sites\/9\/2013\/05\/Locandina_Bernabini1.jpg\"><img loading=\"lazy\" decoding=\"async\" class=\"alignnone size-full wp-image-711\" alt=\"Locandina_Bernabini\" src=\"https:\/\/fiaf.net\/emiliaromagna\/wp-content\/uploads\/sites\/9\/2013\/05\/Locandina_Bernabini1.jpg\" width=\"600\" height=\"882\" srcset=\"https:\/\/fiaf.net\/emiliaromagna\/wp-content\/uploads\/sites\/9\/2013\/05\/Locandina_Bernabini1.jpg 600w, https:\/\/fiaf.net\/emiliaromagna\/wp-content\/uploads\/sites\/9\/2013\/05\/Locandina_Bernabini1-204x300.jpg 204w\" sizes=\"auto, (max-width: 600px) 100vw, 600px\" \/><\/a><br \/>\n<b>Presso lo spazio espositivo di Argentica di via Girolamo Rossi 33 a Ravenna<br \/>\nInaugura venerd\u00ec 24 maggio &#8220;Cahier de voyage&#8221; di Paolo Bernabini.<br \/>\nLa mostra rester\u00e0 aperta fino al 9 giugno da gioved\u00ec a sabato dalle 16:00 alle 19:00<\/b><br \/>\nSi tratta di una selezione di opere, che ritraggono molti luoghi comuni tipici dell\u2019immaginario collettivo, che il fotografo ha realizzato lungo un percorso iniziato oltre quindici anni fa e che continua a portare avanti. Luoghi che rivelano spesso una sensibilit\u00e0 romantica e allo stesso tempo l\u2019eredit\u00e0 di una lunga tradizione: la rappresentazione del paesaggio italiano.<br \/>\nCome un fotografo d\u2019altri tempi percorre il territorio che gli appartiene, lo studia, attende il momento opportuno. Fino a comporre una ponderata scenografia, in cui ogni cromatismo \u00e8 attentamente bilanciato. Ogni tinta accesa \u00e8 negata o quantomeno sedata. Il colore dipinge un\u2019atmosfera sospesa, talvolta incantata che induce lo spettatore a fermarsi e a osservare. Ad aspettare che accada qualcosa all\u2019interno dell\u2019immagine.<br \/>\nLuoghi sempre disabitati dove si immagina un\u2019umanit\u00e0 che ha appena abbandonato la scena, solo un istante prima dello scatto. A volte si intravedono i segni della civilt\u00e0. Ma si tratta di segni pressoch\u00e9 atemporali. Di oggi forse, o forse di trent\u2019anni fa. Una persistente indeterminatezza cronologica che non fa che enfatizzare un magico presentimento di attesa.<br \/>\nPaolo Bernabini \u00e8 uno dei nuovi rappresentanti della fotografia di paesaggio italiana contemporanea. Dal 1999 \u00e8 il fotografo ufficiale della Soprintendenza ai Beni Architettonici e Paesaggistici di Ravenna. Negli anni recenti ha preso parte a diverse mostre collettive e personali in tutta Italia tra le quali:\u00a0 Cahier de Voyage (Milano, Nepente Art Gallery, 2007), Mediterranea (Bari, Pinacoteca Provinciale, 2006), Da Guarene all\u2019Etna 04 (Palermo, Galleria Civica, 2004), Modena per la fotografia, l\u2019idea di paesaggio nella fotografia italiana dal 1850 ad oggi (Modena, Palazzo Santa Margherita e Palazzina dei Giardini, 2003), Immagini del nostro tempo (Torino, Fondazione Sandretto Re Rebaudengo, 2003), Exit (Torino, FSRR, 2002), Da Guarene all\u2019Etna 02 (Padiglione Italia, Venezia, 2002), Paesaggi fluttuanti (Santuario di Oropa 2001), 900km (Prato Galleria Dryphoto, 2001).<br \/>\n<b>Per prenotare visite fuori orario telefonare al 3334455179 &#8211; 3394720833<br \/>\noppure inviare una mail a :\u00a0<a href=\"mailto:info@argentica.com\">info@argentica.com<\/a><\/b><br \/>\n&nbsp;<\/p>\n\n    <div class=\"xs_social_share_widget xs_share_url after_content \t\tmain_content  wslu-style-1 wslu-share-box-shaped wslu-fill-colored wslu-none wslu-share-horizontal wslu-theme-font-no wslu-main_content\">\n\n\t\t\n        <ul>\n\t\t\t        <\/ul>\n    <\/div> \n","protected":false},"excerpt":{"rendered":"<p>Presso lo spazio espositivo di Argentica di via Girolamo Rossi 33 a Ravenna Inaugura venerd\u00ec 24 maggio &#8220;Cahier de voyage&#8221; &hellip;<\/p>\n","protected":false},"author":64,"featured_media":712,"comment_status":"closed","ping_status":"closed","sticky":false,"template":"","format":"standard","meta":{"_acf_changed":false,"footnotes":""},"categories":[9],"tags":[],"class_list":["post-710","post","type-post","status-publish","format-standard","has-post-thumbnail","hentry","category-mostre"],"acf":[],"_links":{"self":[{"href":"https:\/\/fiaf.net\/emiliaromagna\/wp-json\/wp\/v2\/posts\/710","targetHints":{"allow":["GET"]}}],"collection":[{"href":"https:\/\/fiaf.net\/emiliaromagna\/wp-json\/wp\/v2\/posts"}],"about":[{"href":"https:\/\/fiaf.net\/emiliaromagna\/wp-json\/wp\/v2\/types\/post"}],"author":[{"embeddable":true,"href":"https:\/\/fiaf.net\/emiliaromagna\/wp-json\/wp\/v2\/users\/64"}],"replies":[{"embeddable":true,"href":"https:\/\/fiaf.net\/emiliaromagna\/wp-json\/wp\/v2\/comments?post=710"}],"version-history":[{"count":0,"href":"https:\/\/fiaf.net\/emiliaromagna\/wp-json\/wp\/v2\/posts\/710\/revisions"}],"wp:featuredmedia":[{"embeddable":true,"href":"https:\/\/fiaf.net\/emiliaromagna\/wp-json\/wp\/v2\/media\/712"}],"wp:attachment":[{"href":"https:\/\/fiaf.net\/emiliaromagna\/wp-json\/wp\/v2\/media?parent=710"}],"wp:term":[{"taxonomy":"category","embeddable":true,"href":"https:\/\/fiaf.net\/emiliaromagna\/wp-json\/wp\/v2\/categories?post=710"},{"taxonomy":"post_tag","embeddable":true,"href":"https:\/\/fiaf.net\/emiliaromagna\/wp-json\/wp\/v2\/tags?post=710"}],"curies":[{"name":"wp","href":"https:\/\/api.w.org\/{rel}","templated":true}]}}