{"id":717,"date":"2013-05-28T19:18:05","date_gmt":"2013-05-28T17:18:05","guid":{"rendered":"https:\/\/fiaf.net\/regioni\/emiliaromagna\/?p=717"},"modified":"2013-05-28T19:18:05","modified_gmt":"2013-05-28T17:18:05","slug":"colorno-photo-life-2","status":"publish","type":"post","link":"https:\/\/fiaf.net\/emiliaromagna\/colorno-photo-life-2\/","title":{"rendered":"Colorno photo life"},"content":{"rendered":"<p><a href=\"https:\/\/fiaf.net\/emiliaromagna\/wp-content\/uploads\/sites\/9\/2013\/05\/Locandinacolorno.jpg\"><img loading=\"lazy\" decoding=\"async\" class=\"alignnone size-full wp-image-718\" alt=\"Locandinacolorno\" src=\"https:\/\/fiaf.net\/emiliaromagna\/wp-content\/uploads\/sites\/9\/2013\/05\/Locandinacolorno.jpg\" width=\"600\" height=\"1583\" srcset=\"https:\/\/fiaf.net\/emiliaromagna\/wp-content\/uploads\/sites\/9\/2013\/05\/Locandinacolorno.jpg 600w, https:\/\/fiaf.net\/emiliaromagna\/wp-content\/uploads\/sites\/9\/2013\/05\/Locandinacolorno-114x300.jpg 114w, https:\/\/fiaf.net\/emiliaromagna\/wp-content\/uploads\/sites\/9\/2013\/05\/Locandinacolorno-388x1024.jpg 388w, https:\/\/fiaf.net\/emiliaromagna\/wp-content\/uploads\/sites\/9\/2013\/05\/Locandinacolorno-582x1536.jpg 582w\" sizes=\"auto, (max-width: 600px) 100vw, 600px\" \/><\/a><br \/>\n&nbsp;<br \/>\n&nbsp;<br \/>\n&nbsp;<\/p>\n<p align=\"center\"><b>COLORNO PHOTO LIFE<\/b><\/p>\n<p align=\"center\">Radici e nuove frontiere<\/p>\n<p align=\"center\"><b>\u00a0<\/b><\/p>\n<p align=\"center\"><b>Il festival fotografico della Reggia di Colorno arriva alla sua 4\u00b0 edizione<\/b><\/p>\n<p align=\"center\">\n<p align=\"center\"><b>7,8,9 giugno 2013<\/b><\/p>\n<p align=\"center\"><b>Reggia di Colorno<\/b><\/p>\n<p align=\"center\"><b>(Parma)<\/b><\/p>\n<p>&nbsp;<br \/>\n&nbsp;<br \/>\nComitato organizzatore:<br \/>\n<b>Silvano Bicocchi<\/b><br \/>\n<b>Ivano Bolondi<\/b><br \/>\n<b>Claudia Cattani<\/b><br \/>\n<b>Gigi Montali<\/b><br \/>\n<b>Erika Sereni<\/b><br \/>\n<b>\u00a0<\/b><br \/>\nManca ormai pochissimo alla partenza del Festival Fotografico <b>Colorno Photo Life 2013<\/b>, che rinnova per il quarto anno consecutivo il desiderio di offrire ai fotografi appassionati e professionisti nuovi e stimolanti momenti di incontro e di dialogo.<br \/>\nCome nella tradizione del Festival, si preannuncia una tre giorni ricca di appuntamenti che saranno ospitati nei bellissimi spazi della Reggia di Colorno e del suo giardino storico, e grazie all&#8217;adesione dei tanti cittadini appassionati la manifestazione coinvolger\u00e0 l&#8217;intero paese che si \u00e8 reso disponibile ad ospitare le iniziative anche in alcuni spazi privati.<br \/>\nTra gli appuntamenti pi\u00f9 importanti sono da segnalare le tredici mostre personali e collettive che il pubblico potr\u00e0 visitare a ingresso gratuito, seguendo un filo di immagini e suggestioni.<br \/>\nPer le mostre personali sono stati scelti fotografi emergenti ma che hanno gi\u00e0 ottenuto riconoscimenti importanti:<br \/>\n<b>Luigi Bussolati<\/b>, con il suo \u201cSeminarium\u201d congela gli istanti della nascita di un germoglio dal seme, dando vita a figure di estrema delicatezza e grande valore decorativo.<br \/>\n<b>Pietro Montanari<\/b>, che si \u00e8 aggiudicato la presenza al Festival con la vittoria del primo \u201cportfolio Maria Luigia\u201d nel 2012, mostra nel suo reportage \u201c6 ore 469 mm\u201d la devastante alluvione delle Cinque Terre.<br \/>\n<b>Bruno Cattani<\/b> con le sue Memorie d\u00e0 vita ad un teatro di immagini del quotidiano trasportate in una visione onirica e molto suggestiva.<br \/>\nLe \u201cVite senza fine\u201d di <b>Alessandra Cal\u00f2<\/b> sono invece ritratti che indagano il tema della memoria, non solo quella umana ama anche quella materiale. <b>Pietro Iori<\/b> presenta invece un progetto dinamico di moltiplicazione della visione e del supporto fotografico, che ha enigmaticamente intitolato \u201cObbligatoriamente transitori\u201d. Va anche ricordato che le mostre saranno visitabili sempre a ingresso gratuito anche oltre la durata del festival, <b>fino al 30 giugno<\/b>, nei giorni di sabato e domenica dalle 10 alle 12,30 e dalle 15,30 alle 18,30.<br \/>\nSul fronte della collettive dobbiamo segnalare <b>\u201cIntime Visioni\u201d<\/b>, che metter\u00e0 in mostra l&#8217;esito del workshop condotto dal maestro Ivano Bolondi, e l&#8217;attiva collaborazione delle <b>realt\u00e0 fotografiche di Parma e Provincia<\/b>: Officina Fotografica, Parmafotografica, Circolo Grandangolo, Circolo Renato Brozzi di Traversetolo, gruppo Oldmanagency di Parma porteranno le loro esperienze in mostra al festival. Fondamentali anche le presenze di <b>Progetto Immagine<\/b> di Lodi e <b>Face Photo News<\/b> di Sassoferrato, con cui il Festival di Colorno \u00e8 gemellato grazie alla comune adesione alla <b>FIAF<\/b>.<br \/>\nOltre a questo, per le giornate di sabato e domenica l&#8217;intera Reggia si trasformer\u00e0 in un <b>set fotografico a cielo aperto<\/b>, con figuranti in costumi, artisti e writer in azione, istallazioni artistiche a disposizione di chi voglia provare a immortalare qualcosa di insolito. Evento collaterale al Festival sar\u00e0 inoltre il mercatino dell&#8217;artigianato sulla piazza antistante la reggia di Colorno.<br \/>\nSempre sull&#8217;onda della fusione dei linguaggi saranno anche le <b>proiezioni audiovisive<\/b>, che per il Circolo Color&#8217;s Light di Colorno sono un vero must: musica e immagini si fondono sotto le stelle per uno spettacolo sempre pi\u00f9 ricco, reso ancor pi\u00f9 speciale dall&#8217;esibizione dei musicisti live la sera dell&#8217;8 giugno.<br \/>\nOltre alle mostre, nelle giornate di sabato e domenica tutti i fotografi avranno la possibilit\u00e0 di presentare gratuitamente a esperti del settore i loro <b>Portfolio <\/b>personali, previa prenotazione: potranno quindi ricevere una critica costruttiva e decisamente formativa per poter migliorare il percorso creativo di sviluppo dell&#8217;idea fotografica. Per l&#8217;edizione del 2013 i partecipanti potranno scegliere, direttamente dal sito <a href=\"http:\/\/www.colornophotolife.it\/\" target=\"_blank\" rel=\"noopener\">www.colornophotolife.it<\/a>, tra gli esperti Orietta Bay, Claudia Cattani, Davide Grossi, Massimo Mazzoli, Silvano Bicocchi (fino ad esaurimento dei posti disponibili). Tra gli appuntamenti pi\u00f9 attesi del Festival sono inoltre le lettura portfolio <b>\u201cFace to Face\u201d<\/b>, condotte da <b>Cinzia Busi Thompson<\/b> e <b>Silvano Bicocchi<\/b>, Direttore del <b>Dipartimento Cultura di FIAF<\/b> e riservate ai progetti pi\u00f9 interessanti, nelle quale due esperti si coalizzeranno per un&#8217;analisi parallela dei lavori presentati: si passa dall&#8217;analisi alla discussione aperta col pubblico che \u00e8 libero di contribuire alle letture.<br \/>\nSul fronte dei <b>workshop<\/b> invece gli appuntamenti principali saranno tre, con due professionisti di alto livello: il primo, \u201cProfessione Reporter\u201d sar\u00e0 condotto da <b>Sergio Ramazzotti<\/b>, reporter pluripremiato e gi\u00e0 collaboratore di Sky, che sveler\u00e0 i segreti del reportage e dello scatto istantaneo, della costruzione di una storia e i trucchi oer essere al posto giusto e nel momento giusto.\u00a0 Il secondo con laboratorio si tiene con il grande fotografo <b>Gianni Pezzani,<\/b> che porter\u00e0 gli allievi tra i vicoli di Colorno per scoprire nuovi modi di catturare una realt\u00e0 del tutto quotidiana.<br \/>\nUn esperimento, a met\u00e0 tra workshop, performance e set fotografico, riguarder\u00e0 l&#8217;arte del <b>body painting<\/b>, durante il quale i fotografi potranno fotografare una performance di pittura sul corpo di una modella, che verr\u00e0 lentamente trasformata con i colori e le forme.<br \/>\n&nbsp;<br \/>\nSi confermano le importanti presenze di Fotoelite con attrezzature fotografiche Nital\/ Nikon, il Mercatino Fotografico con pezzi usati e antichit\u00e0 da collezione, la\u00a0 libreria specializzata HLF, e da quest&#8217;anno anche il bookshop di Palazzo Magnani (RE) che porter\u00e0 offerte imperdibili. Cofermate anche le collaborazioni con altre realt\u00e0 nazionali: in particolare il gemellaggio con il <b>Festival Penisola di Luce di Sestri Levante,<\/b> con il <b>Festival <\/b><b>FacePhotoNews<\/b> di Sassoferrato e con l&#8217;esposizione internazionale <b>Art in Venice<\/b>, per la quale potranno essere selezionate opere direttamente a cura di Fausto Brozzi.<br \/>\nOccasione ghiotta per i fotografi saranno infine i <b>premi<\/b> assegnati ai migliori Portfolio presentati ai lettori che rispondano al tema dell&#8217;edizione 2013, ovvero <b>\u201cIl tempo\u201d<\/b>: il primo premio <b>\u201cPortfolio Maria Luigia\u201d<\/b> assicurer\u00e0 al vincitore l&#8217;allestimento della propria opera nella prossima edizione del Festival. Al secondo verr\u00e0 riservato un posto al festival di Sassoferrato, il terzo classificato verr\u00e0 omaggiato di un pernottamento a Colorno per la prossima edizione del Festival.<br \/>\n<i>\u00a0<\/i><br \/>\n&nbsp;<br \/>\nIl Festival, che non vedrebbe la luce senza la partecipazione attiva di tutti i volontari del Circolo Color&#8217;s Light,\u00a0 \u00e8 realizzato con il patrocinio di Provincia di Parma, Comune di Colorno, FIAF, con la preziosa collaborazione di Antea, Nital\/Nikon, HLF e grazie agli sponsor privati che appoggiano l&#8217;iniziativa: BS, Italgomma, Photoelite,Security Center, Staff Anticendio<br \/>\n&nbsp;<br \/>\nPer ricevere informazioni, programma aggiornato, modalit\u00e0 di partecipazione e prenotazione \u00e8 possibile rivolgersi all&#8217;indirizzo:<br \/>\n<a href=\"mailto:info@colornophotolife.it\">info@colornophotolife.it<\/a><br \/>\n&nbsp;<br \/>\n&nbsp;<br \/>\n&nbsp;<br \/>\nUfficio stampa e comunicazione:<br \/>\nClaudia Cattani<br \/>\n<a href=\"mailto:press@colornophotolife.it\">press@colornophotolife.it<\/a><br \/>\ntel. 339 8915271<br \/>\nFacebook: <a href=\"https:\/\/www.facebook.com\/photolife.colorno\" target=\"_blank\" rel=\"noopener\">https:\/\/www.facebook.com\/photolife.colorno<\/a><br \/>\n<a href=\"http:\/\/www.colornophotolife.it\/\" target=\"_blank\" rel=\"noopener\">www.colornophotolife.it<\/a><br \/>\n&nbsp;<br \/>\n&nbsp;<br \/>\n&nbsp;<br \/>\n&nbsp;<br \/>\n&nbsp;<br \/>\nProgramma<br \/>\n<b>venerd\u00ec 7 giugno<\/b><br \/>\nore 18: Sala del Trono: <b>apertura Festival,<\/b> saluto delle autorit\u00e0, presentazione mostre con i curatori e gli autori<br \/>\nore 20: saluto e aperitivo con musica dal vivo in collaborazione con Roots&amp;Blues Festival<br \/>\nore 21,45: <b>Proiezione audiovisivi:<\/b> \u201cLa fotografia contemporanea emiliana\u201d: selezione di autori FIAF a cura di Gigi Montali<br \/>\n&nbsp;<br \/>\n<b>sabato 8 giugno<\/b><br \/>\nore 9\/18: <b>Workshop<\/b> \u201cProfessione reporter: in prima linea con Sergio Ramazzotti\u201d<br \/>\nore 9\/17: <b>Workshop <\/b>\u201cFotografia creativa\u201d con Gianni Pezzani<br \/>\nore 10: <b>Apertura stand<\/b><br \/>\nLibreria specializzata HF libri, attrezzature fotografiche in prova Nital\/Nikon, bookshop Palazzo Magnani<br \/>\nApertura mercatino dell&#8217;artigianato<br \/>\nSelezione delle opere per l<b>a mostra Art in Venice a cura di Fausto Brozzi<\/b><br \/>\n<b>Apertura dei set fotografici <\/b>nell&#8217;esterno e nel giardino della Reggia<br \/>\nore 10-12,30 \/ 15-18: <b>Letture Portfolio<\/b> su\u00a0 prenotazione<br \/>\nore 15-18: lettura Portfolio <b>Face to Face<\/b>. Con Cinzia Busi Thompson e Silvano Bicocchi.<br \/>\nore 21,45: <b>Proiezioni audiovisivi<\/b> &#8220;La fotografia incontra la musica&#8221; a cura di Gigi Montali: immagini di Gigi Montali, Stefano Anzola, Sandro Pezzi, con l&#8217;accompagnamento musicale dal vivo di Maninblu, Q Ensemble, Sandro Pezzi<br \/>\n&nbsp;<br \/>\nOre 10-20: <b>Apertura mostre <\/b><br \/>\n&nbsp;<br \/>\n<b>domenica 9 giugno<\/b><br \/>\n&nbsp;<br \/>\nore 9\/18: <b>Workshop<\/b> \u201cProfessione reporter: in prima linea con Sergio Ramazzotti\u201d<br \/>\nore 10: <b>Apertura stand:<\/b><br \/>\nlibreria specializzata HF\u00a0 libri, bookshop Palazzo Magnani, Fotomercato con usato e materiale da collezione<br \/>\nApertura mercatino dell&#8217;artigianato<br \/>\nSelezione delle opere per la mostra <b>Art in Venice<\/b> a cura di Fausto Brozzi<br \/>\nApertura <b>Fotomercato<\/b>, mercatino specializzato dell&#8217;antiquariato e usato fotografico<br \/>\nApertura dei <b>set fotografici <\/b>nell&#8217;esterno e nel giardino della Reggia<br \/>\nore 10-13,30: Letture Portfolio, su\u00a0 prenotazione<br \/>\n10,30-12,30: Lettura Portfolio <b>Face to Face<\/b> con Silvano Bicocchi e Cinzia Busi Thompson<br \/>\nore 14,30-16,30: <b>Body Art Experience,<\/b> Workshop di body art<br \/>\nore 17,00: Proclamazione dei vincitori del \u201cPortfolio Maria Luigia\u201d con assegnazione dei premi.<br \/>\n&nbsp;<br \/>\n<b>Mostre personali <\/b><br \/>\nLuigi Bussolati, Seminarium<br \/>\nBruno Cattani, Memorie<br \/>\nPietro Iori, Obbligatoriamente Transitori<br \/>\nRoberto Montanari, 6 ore 469 mm<br \/>\nAlessandra Cal\u00f2, Vite senza fine<br \/>\n&nbsp;<br \/>\n<b>Mostre collettive <\/b><br \/>\nCircolo Parma Fotografica, Parma<br \/>\nCircolo Grandangolo, Parma<br \/>\nCollettivo Officina Fotografica, Parma<br \/>\nFotografia Etica, Lodi<br \/>\nFacePhotoNews, Sassoferrato<br \/>\nCircolo R. Brozzi, Traversetolo (PR)<br \/>\nOldmanagency, Parma<br \/>\nIntime visioni, esito del workshop condotto da Ivano Bolondi<br \/>\n&nbsp;<\/p>\n\n    <div class=\"xs_social_share_widget xs_share_url after_content \t\tmain_content  wslu-style-1 wslu-share-box-shaped wslu-fill-colored wslu-none wslu-share-horizontal wslu-theme-font-no wslu-main_content\">\n\n\t\t\n        <ul>\n\t\t\t        <\/ul>\n    <\/div> \n","protected":false},"excerpt":{"rendered":"<p>&nbsp; &nbsp; &nbsp; COLORNO PHOTO LIFE Radici e nuove frontiere \u00a0 Il festival fotografico della Reggia di Colorno arriva alla &hellip;<\/p>\n","protected":false},"author":64,"featured_media":719,"comment_status":"closed","ping_status":"closed","sticky":false,"template":"","format":"standard","meta":{"_acf_changed":false,"footnotes":""},"categories":[8],"tags":[],"class_list":["post-717","post","type-post","status-publish","format-standard","has-post-thumbnail","hentry","category-manifestazioni"],"acf":[],"_links":{"self":[{"href":"https:\/\/fiaf.net\/emiliaromagna\/wp-json\/wp\/v2\/posts\/717","targetHints":{"allow":["GET"]}}],"collection":[{"href":"https:\/\/fiaf.net\/emiliaromagna\/wp-json\/wp\/v2\/posts"}],"about":[{"href":"https:\/\/fiaf.net\/emiliaromagna\/wp-json\/wp\/v2\/types\/post"}],"author":[{"embeddable":true,"href":"https:\/\/fiaf.net\/emiliaromagna\/wp-json\/wp\/v2\/users\/64"}],"replies":[{"embeddable":true,"href":"https:\/\/fiaf.net\/emiliaromagna\/wp-json\/wp\/v2\/comments?post=717"}],"version-history":[{"count":0,"href":"https:\/\/fiaf.net\/emiliaromagna\/wp-json\/wp\/v2\/posts\/717\/revisions"}],"wp:featuredmedia":[{"embeddable":true,"href":"https:\/\/fiaf.net\/emiliaromagna\/wp-json\/wp\/v2\/media\/719"}],"wp:attachment":[{"href":"https:\/\/fiaf.net\/emiliaromagna\/wp-json\/wp\/v2\/media?parent=717"}],"wp:term":[{"taxonomy":"category","embeddable":true,"href":"https:\/\/fiaf.net\/emiliaromagna\/wp-json\/wp\/v2\/categories?post=717"},{"taxonomy":"post_tag","embeddable":true,"href":"https:\/\/fiaf.net\/emiliaromagna\/wp-json\/wp\/v2\/tags?post=717"}],"curies":[{"name":"wp","href":"https:\/\/api.w.org\/{rel}","templated":true}]}}