{"id":1600,"date":"2015-11-11T21:47:05","date_gmt":"2015-11-11T19:47:05","guid":{"rendered":"https:\/\/fiaf.net\/regioni\/friuli\/?p=1600"},"modified":"2015-11-11T21:47:05","modified_gmt":"2015-11-11T19:47:05","slug":"pordenone-2015-la-citta-reale","status":"publish","type":"post","link":"https:\/\/fiaf.net\/friuli\/pordenone-2015-la-citta-reale\/","title":{"rendered":"Pordenone 2015: la citt\u00e0 reale"},"content":{"rendered":"<p><a href=\"https:\/\/fiaf.net\/friuli\/wp-content\/uploads\/sites\/8\/2015\/11\/locandina.jpg\"><img loading=\"lazy\" decoding=\"async\" class=\"alignnone size-medium wp-image-1601\" alt=\"locandina\" src=\"https:\/\/fiaf.net\/friuli\/wp-content\/uploads\/sites\/8\/2015\/11\/locandina-212x300.jpg\" width=\"268\" height=\"380\" srcset=\"https:\/\/fiaf.net\/friuli\/wp-content\/uploads\/sites\/8\/2015\/11\/locandina-212x300.jpg 212w, https:\/\/fiaf.net\/friuli\/wp-content\/uploads\/sites\/8\/2015\/11\/locandina-724x1024.jpg 724w, https:\/\/fiaf.net\/friuli\/wp-content\/uploads\/sites\/8\/2015\/11\/locandina-768x1086.jpg 768w, https:\/\/fiaf.net\/friuli\/wp-content\/uploads\/sites\/8\/2015\/11\/locandina-1086x1536.jpg 1086w, https:\/\/fiaf.net\/friuli\/wp-content\/uploads\/sites\/8\/2015\/11\/locandina-1448x2048.jpg 1448w, https:\/\/fiaf.net\/friuli\/wp-content\/uploads\/sites\/8\/2015\/11\/locandina-scaled.jpg 1810w\" sizes=\"auto, (max-width: 268px) 100vw, 268px\" \/><\/a><\/p>\n<p>Spazi espositivi della Provincia<br \/>\nCorso Garibaldi, 6 Pordenone<\/p>\n<p>27 novembre &#8211; 30 dicembre<br \/>\ninaugurazione 27 novembre ore 18:00<br \/>\ncon presentazione di Chiara Tavella<\/p>\n<p>Mercoled\u00ec, Gioved\u00ec, Venerd\u00ec 16:00-19:00<br \/>\nSabato, Domenica 10:00-12:00 e 16:00-19:00<br \/>\nChiuso 24, 25, 26 dicembre<\/p>\n<p>INGRESSO LIBERO<\/p>\n\n    <div class=\"xs_social_share_widget xs_share_url after_content \t\tmain_content  wslu-style-1 wslu-share-box-shaped wslu-fill-colored wslu-none wslu-share-horizontal wslu-theme-font-no wslu-main_content\">\n\n\t\t\n        <ul>\n\t\t\t        <\/ul>\n    <\/div> \n","protected":false},"excerpt":{"rendered":"<p>Spazi espositivi della Provincia Corso Garibaldi, 6 Pordenone 27 novembre &#8211; 30 dicembre inaugurazione 27 novembre ore 18:00 con presentazione &hellip;<\/p>\n","protected":false},"author":64,"featured_media":1601,"comment_status":"closed","ping_status":"closed","sticky":false,"template":"","format":"standard","meta":{"_acf_changed":false,"footnotes":""},"categories":[3],"tags":[],"class_list":["post-1600","post","type-post","status-publish","format-standard","has-post-thumbnail","hentry","category-attivita_old"],"acf":[],"_links":{"self":[{"href":"https:\/\/fiaf.net\/friuli\/wp-json\/wp\/v2\/posts\/1600","targetHints":{"allow":["GET"]}}],"collection":[{"href":"https:\/\/fiaf.net\/friuli\/wp-json\/wp\/v2\/posts"}],"about":[{"href":"https:\/\/fiaf.net\/friuli\/wp-json\/wp\/v2\/types\/post"}],"author":[{"embeddable":true,"href":"https:\/\/fiaf.net\/friuli\/wp-json\/wp\/v2\/users\/64"}],"replies":[{"embeddable":true,"href":"https:\/\/fiaf.net\/friuli\/wp-json\/wp\/v2\/comments?post=1600"}],"version-history":[{"count":0,"href":"https:\/\/fiaf.net\/friuli\/wp-json\/wp\/v2\/posts\/1600\/revisions"}],"wp:featuredmedia":[{"embeddable":true,"href":"https:\/\/fiaf.net\/friuli\/wp-json\/wp\/v2\/media\/1601"}],"wp:attachment":[{"href":"https:\/\/fiaf.net\/friuli\/wp-json\/wp\/v2\/media?parent=1600"}],"wp:term":[{"taxonomy":"category","embeddable":true,"href":"https:\/\/fiaf.net\/friuli\/wp-json\/wp\/v2\/categories?post=1600"},{"taxonomy":"post_tag","embeddable":true,"href":"https:\/\/fiaf.net\/friuli\/wp-json\/wp\/v2\/tags?post=1600"}],"curies":[{"name":"wp","href":"https:\/\/api.w.org\/{rel}","templated":true}]}}