{"id":1621,"date":"2016-01-24T12:48:23","date_gmt":"2016-01-24T10:48:23","guid":{"rendered":"https:\/\/fiaf.net\/regioni\/friuli\/?p=1621"},"modified":"2016-01-24T12:48:23","modified_gmt":"2016-01-24T10:48:23","slug":"l-immediatezza-del-presente-luca-maria-patella-rosa-foschi-marcello-di-donato","status":"publish","type":"post","link":"https:\/\/fiaf.net\/friuli\/l-immediatezza-del-presente-luca-maria-patella-rosa-foschi-marcello-di-donato\/","title":{"rendered":"L\u2019 immediatezza del presente &#8211; Luca Maria Patella, Rosa Foschi , Marcello Di Donato"},"content":{"rendered":"<p align=\"center\"><b>Luca Maria Patella, Rosa Foschi e Marcello Di Donato<\/b><\/p>\n<p style=\"font-size: 1.5em\" align=\"center\"><b>L\u2019 immediatezza del presente <\/b><\/p>\n<p style=\"font-size: 1.5em\" align=\"center\"><a href=\"https:\/\/fiaf.net\/friuli\/wp-content\/uploads\/sites\/8\/2016\/01\/Immagine01.jpg\"><img loading=\"lazy\" decoding=\"async\" class=\"alignnone size-medium wp-image-1622\" alt=\"Immagine01\" src=\"https:\/\/fiaf.net\/friuli\/wp-content\/uploads\/sites\/8\/2016\/01\/Immagine01-300x79.jpg\" width=\"626\" height=\"146\" \/><\/a><\/p>\n<p align=\"center\"><b><i>Chiesa di San Lorenzo,\u00a0 San Vito al Tagliamento (PN)<br \/>\n<\/i><\/b><\/p>\n<p align=\"center\"><b><i>28 febbraio \u2013 1 maggio<\/i><\/b><\/p>\n<p align=\"center\">\u00a0<b><i>sabato &#8211; domenica<\/i><\/b> 10.30-12.30; 16-19.30<b> <\/b><\/p>\n<p>La mostra presenta\u00a0 la donazione di un corpus di opere che Luca Maria Patella, Rosa Foschi e Marcello Di Donato hanno conferito al CRAF ; con queste opere \u00e8 stata realizzata la mostra <i>L&#8217;immediatezza del presente,<\/i> con testi di Laura Leuzzi, Bruno Di Marino e\u00a0 Walter Liva.<\/p>\n<p>La mostra verr\u00e0 presentata nella chiesa di San Lorenzo a San Vito al Tagliamento che nel corso degli ultimi anni ha sempre ospitato eccellenti mostre di fotografia in collaborazione con il CRAF, di cui il Comune di San Vito al Tagliamento \u00e8 uno dei soci pi\u00f9 impegnati e convinti.<\/p>\n<p>Considerato uno tra i principali artisti europei del \u2018900, <b>Luca Maria Patella <\/b><b>(Roma, 1934)<\/b> ha vissuto per diversi anni in Francia ed in Argentina dove \u00e8 avvenuta la sua formazione artistica, scientifica e psicoanalitica. \u00c8 uno dei rappresentanti pi\u00f9 importanti delle arti visive italiane degli ultimi trent&#8217;anni e la sua preparazione multidisciplinare gli ha consentito di proporre, con originalit\u00e0 un complesso confronto tra arte-scienza, quello che chiama <i>Arte &amp; Non arte<\/i>, e che indaga tramite complesse relazioni semantiche e tecniche. Patella \u00e8 infatti convinto della necessit\u00e0 di dialogo tra campi diversi del sapere.<\/p>\n<p>Anche la sua produzione fotografica \u00e8 stata caratterizzata da elementi innovativi: risalgono ai primi anni sessanta le diapositive a colori e le grandi tele fotografiche virate, come <i>Terre Animate<\/i> del 1967, che precorrono le ricerche nell&#8217;ambito della <i>Land art<\/i> ed a met\u00e0 degli anni Sessanta ha introdotto i termini e i concetti di <i>Comportamenti<\/i> e <i>Ambienti Proiettivi Animati <\/i>e passando per le immagini di Montefolle \u00e8 approdato a esperienze virtuali e digitali. Una delle sue installazioni fotografiche multimediali pi\u00f9 recenti \u00e8 stata realizzata presso <i>Novecento, Arte e Storia <\/i>a Roma nel 2000 \u2013 2001.<\/p>\n<p>Sue opere si trovano, fra l\u2019altro, nelle collezioni dello <i>Stedeljik Museum<\/i> di Amsterdam, il <i>MoMA<\/i> di New York, il <i>Muhka <\/i>di Antwerpen e la <i>Polaroid Corporation<\/i> di Boston.<\/p>\n<p>Un posto particolare spetta anche a <b>Rosa Foschi<\/b>, la quale, oltre a svolgere una attivit\u00e0 pittorica e fotografica si \u00e8 dedicata alla poesia, realizzando anche otto cortometraggi in disegno animato a 35 mm. e vincendo vari premi presso festival nazionali ed internazionali.<\/p>\n<p>Trasferitasi a Milano, si occupa di pubblicit\u00e0, cinema e fotografia. A Roma ha frequentato il <i>Centro sperimentale di Cinematografia <\/i>e negli anni 1967 \u2013 1971 realizzato vari cortometraggi in disegno animato, 35 mm., bianco\/nero e colore, prodotti dalla <i>Corona Cinematografica<\/i>, ottenendo dei premi dal Ministero dello Spettacolo e partecipando anche ai festivals di Oberhausen, Annecy e al <i>Festival dei Popoli<\/i> di Firenze.<\/p>\n<p>Dopo aver studiato Scenografia presso l\u2019 Accademia di Belle Arti di Napoli,<b> Marcello Di Donato (Cava dei Tirreni, 1962)<\/b> si \u00e8 dedicato dalla met\u00e0 degli anni \u201880, alla fotografia e in particolare alle sperimentazioni con le tecniche fotografiche della <i>POLAROID SX-70.<\/i><\/p>\n<p>Dall\u2019inizio degli anni \u201990, si \u00e8 interessato alla grafica creando lo <i>Zoestudio,<\/i> con un\u2019attivit\u00e0 specialistica nel settore della videografica commerciale, continuando a mantenere la sua attivit\u00e0 professionale nel campo della fotografia freelance e nel corso degli ultimi due decenni, \u00e8 stato costantemente invitato ad esporre il suo lavoro in numerose Gallerie e Mostre d\u2019Arte.<\/p>\n<p>&nbsp;<\/p>\n<p>&nbsp;<\/p>\n\n    <div class=\"xs_social_share_widget xs_share_url after_content \t\tmain_content  wslu-style-1 wslu-share-box-shaped wslu-fill-colored wslu-none wslu-share-horizontal wslu-theme-font-no wslu-main_content\">\n\n\t\t\n        <ul>\n\t\t\t        <\/ul>\n    <\/div> \n","protected":false},"excerpt":{"rendered":"<p>Luca Maria Patella, Rosa Foschi e Marcello Di Donato L\u2019 immediatezza del presente Chiesa di San Lorenzo,\u00a0 San Vito al &hellip;<\/p>\n","protected":false},"author":64,"featured_media":1622,"comment_status":"closed","ping_status":"closed","sticky":false,"template":"","format":"standard","meta":{"_acf_changed":false,"footnotes":""},"categories":[9],"tags":[],"class_list":["post-1621","post","type-post","status-publish","format-standard","has-post-thumbnail","hentry","category-mostre"],"acf":[],"_links":{"self":[{"href":"https:\/\/fiaf.net\/friuli\/wp-json\/wp\/v2\/posts\/1621","targetHints":{"allow":["GET"]}}],"collection":[{"href":"https:\/\/fiaf.net\/friuli\/wp-json\/wp\/v2\/posts"}],"about":[{"href":"https:\/\/fiaf.net\/friuli\/wp-json\/wp\/v2\/types\/post"}],"author":[{"embeddable":true,"href":"https:\/\/fiaf.net\/friuli\/wp-json\/wp\/v2\/users\/64"}],"replies":[{"embeddable":true,"href":"https:\/\/fiaf.net\/friuli\/wp-json\/wp\/v2\/comments?post=1621"}],"version-history":[{"count":0,"href":"https:\/\/fiaf.net\/friuli\/wp-json\/wp\/v2\/posts\/1621\/revisions"}],"wp:featuredmedia":[{"embeddable":true,"href":"https:\/\/fiaf.net\/friuli\/wp-json\/wp\/v2\/media\/1622"}],"wp:attachment":[{"href":"https:\/\/fiaf.net\/friuli\/wp-json\/wp\/v2\/media?parent=1621"}],"wp:term":[{"taxonomy":"category","embeddable":true,"href":"https:\/\/fiaf.net\/friuli\/wp-json\/wp\/v2\/categories?post=1621"},{"taxonomy":"post_tag","embeddable":true,"href":"https:\/\/fiaf.net\/friuli\/wp-json\/wp\/v2\/tags?post=1621"}],"curies":[{"name":"wp","href":"https:\/\/api.w.org\/{rel}","templated":true}]}}