{"id":2020,"date":"2017-01-17T17:50:54","date_gmt":"2017-01-17T15:50:54","guid":{"rendered":"https:\/\/fiaf.net\/regioni\/friuli\/?p=2020"},"modified":"2017-01-17T17:50:54","modified_gmt":"2017-01-17T15:50:54","slug":"splendida-natura-del-nord-america-roberto-bartoloni","status":"publish","type":"post","link":"https:\/\/fiaf.net\/friuli\/splendida-natura-del-nord-america-roberto-bartoloni\/","title":{"rendered":"SPLENDIDA NATURA del Nord America &#8211; Roberto BARTOLONI"},"content":{"rendered":"<p><a href=\"https:\/\/fiaf.net\/friuli\/wp-content\/uploads\/sites\/8\/2017\/01\/2_nera_locandinaBartoloniTorrione.jpg\"><img loading=\"lazy\" decoding=\"async\" class=\"aligncenter size-large wp-image-2021\" alt=\"2_nera_locandinaBartoloniTorrione\" src=\"https:\/\/fiaf.net\/friuli\/wp-content\/uploads\/sites\/8\/2017\/01\/2_nera_locandinaBartoloniTorrione-724x1024.jpg\" width=\"724\" height=\"1024\" srcset=\"https:\/\/fiaf.net\/friuli\/wp-content\/uploads\/sites\/8\/2017\/01\/2_nera_locandinaBartoloniTorrione-724x1024.jpg 724w, https:\/\/fiaf.net\/friuli\/wp-content\/uploads\/sites\/8\/2017\/01\/2_nera_locandinaBartoloniTorrione-212x300.jpg 212w, https:\/\/fiaf.net\/friuli\/wp-content\/uploads\/sites\/8\/2017\/01\/2_nera_locandinaBartoloniTorrione-768x1086.jpg 768w, https:\/\/fiaf.net\/friuli\/wp-content\/uploads\/sites\/8\/2017\/01\/2_nera_locandinaBartoloniTorrione.jpg 959w\" sizes=\"auto, (max-width: 724px) 100vw, 724px\" \/><\/a><\/p>\n<h1 style=\"text-align: center\">\u00a0<strong>Roberto BARTOLONI<\/strong><\/h1>\n<p style=\"text-align: center\"><a href=\"https:\/\/fiaf.net\/friuli\/wp-content\/uploads\/sites\/8\/2017\/01\/biografia.jpg\"><img loading=\"lazy\" decoding=\"async\" class=\"wp-image-2022 aligncenter\" alt=\"biografia\" src=\"https:\/\/fiaf.net\/friuli\/wp-content\/uploads\/sites\/8\/2017\/01\/biografia.jpg\" width=\"819\" height=\"561\" srcset=\"https:\/\/fiaf.net\/friuli\/wp-content\/uploads\/sites\/8\/2017\/01\/biografia.jpg 1024w, https:\/\/fiaf.net\/friuli\/wp-content\/uploads\/sites\/8\/2017\/01\/biografia-300x205.jpg 300w, https:\/\/fiaf.net\/friuli\/wp-content\/uploads\/sites\/8\/2017\/01\/biografia-768x526.jpg 768w, https:\/\/fiaf.net\/friuli\/wp-content\/uploads\/sites\/8\/2017\/01\/biografia-220x150.jpg 220w\" sizes=\"auto, (max-width: 819px) 100vw, 819px\" \/><\/a><\/p>\n<p style=\"text-align: justify\">BIOGRAFIA<\/p>\n<p style=\"text-align: justify\">Dopo la laurea in scienze geologiche, Roberto Bartoloni ha preso parte a diverse spedizioni paleontologiche in Europa ed Africa, per conto delle Universit\u00e0 di Bologna e di Utrecht. Ha insegnato poi per pi\u00f9 di trent\u2019anni Scienze e Matematica ed ora \u00e8 in pensione. Da circa venti anni \u00e8 il Delegato LIPU della sezione di San Don\u00e0 di Piave in provincia di Venezia.<\/p>\n<p style=\"text-align: justify\">Ha viaggiato per anni in Italia, in Europa, in Asia, in Africa e nelle Americhe avendo sempre come scopo la ricerca fotografica e documentativa dei pi\u00f9 importanti siti naturalistici. Ha allestito numerose mostre ed ha collaborato con parecchie riviste di natura. Ha tenuto corsi di foto-naturalistica, dei quali uno presso l\u2019Universit\u00e0 di Trieste.<\/p>\n<p style=\"text-align: justify\">Ha vinto importanti premi sia in Italia che in molti altri paesi europei. Nel 2012, con una foto delle oche delle nevi, ha vinto il premio FIAF \u201cFOTO DELL\u2019ANNO\u201d<\/p>\n<p style=\"text-align: justify\">Dal 1999 organizza il \u201cdiapoNATURA\u201d che si svolge nel mese di marzo a San Don\u00e0 di Piave (VE).<\/p>\n<p style=\"text-align: justify\">Ha pubblicato due libri : nel 2012 \u201cSplendida natura del Nord-America\u201d e nel 2014 \u201cSplendida natura d\u2019Africa\u201d ; il prossimo marzo uscir\u00e0 il terzo libro \u201cSplendida natura d\u2019Europa\u201d .<\/p>\n<p>&nbsp;<\/p>\n<p>&nbsp;<\/p>\n<p>&nbsp;<\/p>\n<p>&nbsp;<\/p>\n\n    <div class=\"xs_social_share_widget xs_share_url after_content \t\tmain_content  wslu-style-1 wslu-share-box-shaped wslu-fill-colored wslu-none wslu-share-horizontal wslu-theme-font-no wslu-main_content\">\n\n\t\t\n        <ul>\n\t\t\t        <\/ul>\n    <\/div> \n","protected":false},"excerpt":{"rendered":"<p>\u00a0Roberto BARTOLONI BIOGRAFIA Dopo la laurea in scienze geologiche, Roberto Bartoloni ha preso parte a diverse spedizioni paleontologiche in Europa &hellip;<\/p>\n","protected":false},"author":64,"featured_media":2021,"comment_status":"closed","ping_status":"closed","sticky":false,"template":"","format":"standard","meta":{"_acf_changed":false,"footnotes":""},"categories":[2,3,6,8,9],"tags":[39,50,53,110],"class_list":["post-2020","post","type-post","status-publish","format-standard","has-post-thumbnail","hentry","category-attivita-circoli","category-attivita_old","category-generale","category-manifestazioni","category-mostre","tag-il-torrione","tag-roberto-bartoloni","tag-romans-disonzo","tag-fotografia"],"acf":[],"_links":{"self":[{"href":"https:\/\/fiaf.net\/friuli\/wp-json\/wp\/v2\/posts\/2020","targetHints":{"allow":["GET"]}}],"collection":[{"href":"https:\/\/fiaf.net\/friuli\/wp-json\/wp\/v2\/posts"}],"about":[{"href":"https:\/\/fiaf.net\/friuli\/wp-json\/wp\/v2\/types\/post"}],"author":[{"embeddable":true,"href":"https:\/\/fiaf.net\/friuli\/wp-json\/wp\/v2\/users\/64"}],"replies":[{"embeddable":true,"href":"https:\/\/fiaf.net\/friuli\/wp-json\/wp\/v2\/comments?post=2020"}],"version-history":[{"count":0,"href":"https:\/\/fiaf.net\/friuli\/wp-json\/wp\/v2\/posts\/2020\/revisions"}],"wp:featuredmedia":[{"embeddable":true,"href":"https:\/\/fiaf.net\/friuli\/wp-json\/wp\/v2\/media\/2021"}],"wp:attachment":[{"href":"https:\/\/fiaf.net\/friuli\/wp-json\/wp\/v2\/media?parent=2020"}],"wp:term":[{"taxonomy":"category","embeddable":true,"href":"https:\/\/fiaf.net\/friuli\/wp-json\/wp\/v2\/categories?post=2020"},{"taxonomy":"post_tag","embeddable":true,"href":"https:\/\/fiaf.net\/friuli\/wp-json\/wp\/v2\/tags?post=2020"}],"curies":[{"name":"wp","href":"https:\/\/api.w.org\/{rel}","templated":true}]}}