{"id":2070,"date":"2017-03-08T21:50:14","date_gmt":"2017-03-08T19:50:14","guid":{"rendered":"https:\/\/fiaf.net\/regioni\/friuli\/?p=2070"},"modified":"2017-03-08T21:50:14","modified_gmt":"2017-03-08T19:50:14","slug":"evaristo-fusar-i-grandi-reportages-2","status":"publish","type":"post","link":"https:\/\/fiaf.net\/friuli\/evaristo-fusar-i-grandi-reportages-2\/","title":{"rendered":"Evaristo Fusar, I Grandi Reportages"},"content":{"rendered":"<p>Evaristo Fusar, I Grandi Reportages<br \/>\n11 marzo &#8211; 28 maggio &#8211; Museo dell\u2019Arte Fabbrile e delle Coltellerie<\/p>\n<p>Orari mostra:<br \/>\nluned\u00ec &#8211; gioved\u00ec &#8211; venerd\u00ec &#8211; sabato e domenica<br \/>\n9.30 -12.30 \/ 15.30 -18.30<br \/>\nted\u00ec &#8211; mercoled\u00ec 9.30 &#8211; 12.30<\/p>\n<p>Ingresso libero<\/p>\n<p><a href=\"https:\/\/fiaf.net\/friuli\/wp-content\/uploads\/sites\/8\/2017\/03\/2017-depliant-Fusar.pdf\">2017 depliant Mostra Fusar<\/a><\/p>\n<p>&nbsp;<\/p>\n<p>Venerd\u00ec 10 marzo, ore 20.30<br \/>\nRidotto del Teatro Verdi, incontro con Evaristo Fusar moderato<br \/>\ndalla giornalista Giacomina Pellizzari. Interverranno Andrea<br \/>\nCarli, Sindaco di Maniago; Omar Monestier, direttore de Il<br \/>\nMessaggero Veneto.<\/p>\n<p style=\"text-align: justify\">Sabato 11 marzo, ore 11.30<br \/>\nPresso il Museo dell\u2019Arte Fabbrile, ore 11.30 inaugurazione<br \/>\ndella mostra I Grandi Reportages.<br \/>\nNel pomeriggio della stessa giornata, al Museo dell\u2019Arte Fabbrile,<br \/>\nincontro\/visita guidata alla mostra con\u00a0 Evaristo Fusar<br \/>\nper i soci del Circolo Fotografico L\u2019Immagine<br \/>\ne gli appassionati di fotografia che vorranno partecipare.<\/p>\n<p><a href=\"https:\/\/fiaf.net\/friuli\/wp-content\/uploads\/sites\/8\/2017\/03\/2017-invito.pdf\">2017 invito Incontro<\/a><\/p>\n\n    <div class=\"xs_social_share_widget xs_share_url after_content \t\tmain_content  wslu-style-1 wslu-share-box-shaped wslu-fill-colored wslu-none wslu-share-horizontal wslu-theme-font-no wslu-main_content\">\n\n\t\t\n        <ul>\n\t\t\t        <\/ul>\n    <\/div> \n","protected":false},"excerpt":{"rendered":"<p>Evaristo Fusar, I Grandi Reportages 11 marzo &#8211; 28 maggio &#8211; Museo dell\u2019Arte Fabbrile e delle Coltellerie Orari mostra: luned\u00ec &hellip;<\/p>\n","protected":false},"author":64,"featured_media":2073,"comment_status":"closed","ping_status":"closed","sticky":false,"template":"","format":"standard","meta":{"_acf_changed":false,"footnotes":""},"categories":[9],"tags":[],"class_list":["post-2070","post","type-post","status-publish","format-standard","has-post-thumbnail","hentry","category-mostre"],"acf":[],"_links":{"self":[{"href":"https:\/\/fiaf.net\/friuli\/wp-json\/wp\/v2\/posts\/2070","targetHints":{"allow":["GET"]}}],"collection":[{"href":"https:\/\/fiaf.net\/friuli\/wp-json\/wp\/v2\/posts"}],"about":[{"href":"https:\/\/fiaf.net\/friuli\/wp-json\/wp\/v2\/types\/post"}],"author":[{"embeddable":true,"href":"https:\/\/fiaf.net\/friuli\/wp-json\/wp\/v2\/users\/64"}],"replies":[{"embeddable":true,"href":"https:\/\/fiaf.net\/friuli\/wp-json\/wp\/v2\/comments?post=2070"}],"version-history":[{"count":0,"href":"https:\/\/fiaf.net\/friuli\/wp-json\/wp\/v2\/posts\/2070\/revisions"}],"wp:featuredmedia":[{"embeddable":true,"href":"https:\/\/fiaf.net\/friuli\/wp-json\/wp\/v2\/media\/2073"}],"wp:attachment":[{"href":"https:\/\/fiaf.net\/friuli\/wp-json\/wp\/v2\/media?parent=2070"}],"wp:term":[{"taxonomy":"category","embeddable":true,"href":"https:\/\/fiaf.net\/friuli\/wp-json\/wp\/v2\/categories?post=2070"},{"taxonomy":"post_tag","embeddable":true,"href":"https:\/\/fiaf.net\/friuli\/wp-json\/wp\/v2\/tags?post=2070"}],"curies":[{"name":"wp","href":"https:\/\/api.w.org\/{rel}","templated":true}]}}