{"id":2323,"date":"2017-11-27T10:38:12","date_gmt":"2017-11-27T08:38:12","guid":{"rendered":"https:\/\/fiaf.net\/regioni\/friuli\/?p=2323"},"modified":"2017-11-27T10:38:12","modified_gmt":"2017-11-27T08:38:12","slug":"splendida-natura-dafrica-e-deuropa-roberto-bartoloni","status":"publish","type":"post","link":"https:\/\/fiaf.net\/friuli\/splendida-natura-dafrica-e-deuropa-roberto-bartoloni\/","title":{"rendered":"&#8220;Splendida natura d&#8217;Africa e d&#8217;Europa&#8221; &#8211; Roberto BARTOLONI"},"content":{"rendered":"<p><a href=\"https:\/\/fiaf.net\/friuli\/wp-content\/uploads\/sites\/8\/2017\/11\/BARTOLONI.jpg\"><img loading=\"lazy\" decoding=\"async\" class=\"aligncenter size-large wp-image-2324\" alt=\"BARTOLONI\" src=\"https:\/\/fiaf.net\/friuli\/wp-content\/uploads\/sites\/8\/2017\/11\/BARTOLONI-727x1024.jpg\" width=\"727\" height=\"1024\" \/><\/a><\/p>\n<p>Il <b>&#8220;FOTOCLUB LUCINICO&#8221;<\/b> v&#8217;invita a partecipare ad un&#8217;interessantissima e imperdibile serata tutta dedicata alla natura d&#8217;Africa e d&#8217;Europa con Roberto BARTOLONI.<\/p>\n<p>&nbsp;<\/p>\n<p><b>Roberto BARTOLONI:<\/b><\/p>\n<p>&nbsp;<\/p>\n<p>Dopo la laurea in scienze geologiche, Roberto BARTOLONI ha preso parte a diverse spedizioni paleontologiche in Europa ed Africa, per conto delle Universit\u00e0 di Bologna e di Utrecht.<\/p>\n<p>Ha insegnato poi per pi\u00f9 di trent&#8217;anni Scienze e Matematica ed ora \u00e8 in pensione. Da circa venti anni \u00e8 il Delegato LIPU della sezione di San Don\u00e0 di Piave in provincia di Venezia.<\/p>\n<p>Ha viaggiato per anni in Italia, in Europa, in Asia, in Africa e nelle Americhe avendo sempre come scopo la ricerca fotografica e documentativa dei pi\u00f9 importanti siti naturalistici.<\/p>\n<p>Ha allestito numerose mostre ed ha collaborato con parecchie riviste di natura. Ha tenuto corsi di foto-naturalistica, dei quali uno presso l&#8217;Universit\u00e0 di Trieste.<\/p>\n<p>Ha vinto importanti premi sia in Italia che in molti altri paesi europei. Nel 2012, con una foto delle oche delle nevi, ha vinto il premio FIAF \u201cFOTO DELL&#8217;ANNO\u201d<\/p>\n<p>Dal 1999 organizza il \u201cdiapoNATURA\u201d che si svolge nel mese di marzo a San Don\u00e0 di Piave (VE).<\/p>\n<p>Ha pubblicato tre libri: nel 2012 \u201cSplendida natura del Nord-America\u201d e nel 2014 \u201cSplendida natura d&#8217;Africa\u201d; a marzo 2017 \u00e8 uscito il terzo libro \u201cSplendida natura d&#8217;Europa\u201d.<\/p>\n\n    <div class=\"xs_social_share_widget xs_share_url after_content \t\tmain_content  wslu-style-1 wslu-share-box-shaped wslu-fill-colored wslu-none wslu-share-horizontal wslu-theme-font-no wslu-main_content\">\n\n\t\t\n        <ul>\n\t\t\t        <\/ul>\n    <\/div> \n","protected":false},"excerpt":{"rendered":"<p>Il &#8220;FOTOCLUB LUCINICO&#8221; v&#8217;invita a partecipare ad un&#8217;interessantissima e imperdibile serata tutta dedicata alla natura d&#8217;Africa e d&#8217;Europa con Roberto &hellip;<\/p>\n","protected":false},"author":64,"featured_media":2324,"comment_status":"closed","ping_status":"closed","sticky":false,"template":"","format":"standard","meta":{"_acf_changed":false,"footnotes":""},"categories":[2,3,6,8,9],"tags":[27,50,116,130],"class_list":["post-2323","post","type-post","status-publish","format-standard","has-post-thumbnail","hentry","category-attivita-circoli","category-attivita_old","category-generale","category-manifestazioni","category-mostre","tag-fotoclub-lucinico","tag-roberto-bartoloni","tag-gorizia","tag-lucinico"],"acf":[],"_links":{"self":[{"href":"https:\/\/fiaf.net\/friuli\/wp-json\/wp\/v2\/posts\/2323","targetHints":{"allow":["GET"]}}],"collection":[{"href":"https:\/\/fiaf.net\/friuli\/wp-json\/wp\/v2\/posts"}],"about":[{"href":"https:\/\/fiaf.net\/friuli\/wp-json\/wp\/v2\/types\/post"}],"author":[{"embeddable":true,"href":"https:\/\/fiaf.net\/friuli\/wp-json\/wp\/v2\/users\/64"}],"replies":[{"embeddable":true,"href":"https:\/\/fiaf.net\/friuli\/wp-json\/wp\/v2\/comments?post=2323"}],"version-history":[{"count":0,"href":"https:\/\/fiaf.net\/friuli\/wp-json\/wp\/v2\/posts\/2323\/revisions"}],"wp:featuredmedia":[{"embeddable":true,"href":"https:\/\/fiaf.net\/friuli\/wp-json\/wp\/v2\/media\/2324"}],"wp:attachment":[{"href":"https:\/\/fiaf.net\/friuli\/wp-json\/wp\/v2\/media?parent=2323"}],"wp:term":[{"taxonomy":"category","embeddable":true,"href":"https:\/\/fiaf.net\/friuli\/wp-json\/wp\/v2\/categories?post=2323"},{"taxonomy":"post_tag","embeddable":true,"href":"https:\/\/fiaf.net\/friuli\/wp-json\/wp\/v2\/tags?post=2323"}],"curies":[{"name":"wp","href":"https:\/\/api.w.org\/{rel}","templated":true}]}}