{"id":3043,"date":"2019-11-12T01:49:23","date_gmt":"2019-11-11T23:49:23","guid":{"rendered":"https:\/\/fiaf.net\/regioni\/friuli\/?p=3043"},"modified":"2019-11-12T01:49:23","modified_gmt":"2019-11-11T23:49:23","slug":"magica-camargue-di-lisa-soleti-e-claudio-ziani","status":"publish","type":"post","link":"https:\/\/fiaf.net\/friuli\/magica-camargue-di-lisa-soleti-e-claudio-ziani\/","title":{"rendered":"&#8220;MAGICA CAMARGUE&#8221; di Lisa SOLETI e Claudio ZIANI"},"content":{"rendered":"<p style=\"text-align: center\"><a href=\"https:\/\/fiaf.net\/friuli\/wp-content\/uploads\/sites\/8\/2019\/11\/28701174_10204559275659598_1694597822599431856_o.jpg\"><img loading=\"lazy\" decoding=\"async\" class=\"aligncenter  wp-image-3044\" alt=\"28701174_10204559275659598_1694597822599431856_o\" src=\"https:\/\/fiaf.net\/friuli\/wp-content\/uploads\/sites\/8\/2019\/11\/28701174_10204559275659598_1694597822599431856_o-1024x682.jpg\" width=\"819\" height=\"546\" \/><\/a><\/p>\n<p>&nbsp;<\/p>\n<p>Il &#8220;<em>Fotoclub Lucinico<\/em>&#8221; presenta nei locali del<\/p>\n<p>&#8220;<em>Caff\u00e8 Massimiliano<\/em>&#8221; in Piazza Libert\u00e0 n. 12 a Corm\u00f2ns (Go)<\/p>\n<p>la mostra fotografica di <strong>Lisa SOLETI e Claudio ZIANI<\/strong>:<\/p>\n<div>\n<h1><strong>&#8220;MAGICA CAMARGUE&#8221;<\/strong><\/h1>\n<p><strong>dal 13 novembre al 10 dicembre 2019<\/strong>.<\/p>\n<p>La mostra si pu\u00f2 visitare durante gli orari d&#8217;apertura del locale:<\/p>\n<p>Luned\u00ec\u00a0\u00a0\u00a0\u00a0\u00a0\u00a0 07:30 \u2013 22:00<br \/>\nMarted\u00ec\u00a0\u00a0\u00a0\u00a0 07:30 \u2013 22:00<br \/>\nMercoled\u00ec 07:30 \u2013 22:00<br \/>\nGioved\u00ec\u00a0\u00a0\u00a0\u00a0 07:30 \u2013 22:30<br \/>\nVenerd\u00ec\u00a0\u00a0\u00a0\u00a0 07:30 \u2013 23:30<br \/>\nSabato\u00a0\u00a0\u00a0\u00a0\u00a0\u00a0 07:30 \u2013 23:30<br \/>\nDomenica 07:30 \u2013 22:30<\/p>\n<p>La \u201c<em>Camargue<\/em>\u201d \u00e8 una porzione di terra della Provenza.<\/p>\n<p>E\u2019 un lembo di terra composto da 75.000 ettari di sabbia, paludi, stagni e risaie, un immenso parco di natura selvaggia e incontaminata, un tripudio di colori e di scorci inviolati, in cui l\u2019uomo sembra essere ancora un ospite temporaneo.<\/p>\n<p>Fra fenicotteri rosa che placidamente camminano nell\u2019acqua al tramonto rosso acceso, tori indomiti che pascolano nella brughiera e cavalli bianchi che vivono allo stato brado, questo fazzoletto di natura stupisce e affascina, spazzato dal vento impetuoso e scottato da un sole infuocato, che spacca la terra e accende i colori.<\/p>\n<p>La \u201cCamargue\u201d rapisce il cuore per il carattere duro della sua natura e dei suoi abitanti, ancora profondamente legati alle tradizioni: non \u00e8 un caso raro, ma la normalit\u00e0, imbattersi in vecchiette in costumi tradizioni, nei \u201c\u201d (i butteri) col cappello di feltro nero, camicia a fiori e foulard al collo e nei gitani in roulotte con la chitarra in mano.<\/p>\n<p>Tutto si svolge in base ai ritmi implacabili del ciclo naturale, dall\u2019allevamento dei bovini alla coltivazione del riso, dalla raccolta del sale nelle saline alla pesca negli stagni.<\/p>\n<p>Claudio e Lisa in queste immagini che espongono raccontano con raffinata eleganza e buon gusto tutto questo.<\/p>\n<\/div>\n\n    <div class=\"xs_social_share_widget xs_share_url after_content \t\tmain_content  wslu-style-1 wslu-share-box-shaped wslu-fill-colored wslu-none wslu-share-horizontal wslu-theme-font-no wslu-main_content\">\n\n\t\t\n        <ul>\n\t\t\t        <\/ul>\n    <\/div> \n","protected":false},"excerpt":{"rendered":"<p>&nbsp; Il &#8220;Fotoclub Lucinico&#8221; presenta nei locali del &#8220;Caff\u00e8 Massimiliano&#8221; in Piazza Libert\u00e0 n. 12 a Corm\u00f2ns (Go) la mostra &hellip;<\/p>\n","protected":false},"author":64,"featured_media":3044,"comment_status":"closed","ping_status":"closed","sticky":false,"template":"","format":"standard","meta":{"_acf_changed":false,"footnotes":""},"categories":[2,3,6,9],"tags":[27,94,109,130,169,184],"class_list":["post-3043","post","type-post","status-publish","format-standard","has-post-thumbnail","hentry","category-attivita-circoli","category-attivita_old","category-generale","category-mostre","tag-fotoclub-lucinico","tag-cormons","tag-fotoclub","tag-lucinico","tag-soleti","tag-ziani"],"acf":[],"_links":{"self":[{"href":"https:\/\/fiaf.net\/friuli\/wp-json\/wp\/v2\/posts\/3043","targetHints":{"allow":["GET"]}}],"collection":[{"href":"https:\/\/fiaf.net\/friuli\/wp-json\/wp\/v2\/posts"}],"about":[{"href":"https:\/\/fiaf.net\/friuli\/wp-json\/wp\/v2\/types\/post"}],"author":[{"embeddable":true,"href":"https:\/\/fiaf.net\/friuli\/wp-json\/wp\/v2\/users\/64"}],"replies":[{"embeddable":true,"href":"https:\/\/fiaf.net\/friuli\/wp-json\/wp\/v2\/comments?post=3043"}],"version-history":[{"count":0,"href":"https:\/\/fiaf.net\/friuli\/wp-json\/wp\/v2\/posts\/3043\/revisions"}],"wp:featuredmedia":[{"embeddable":true,"href":"https:\/\/fiaf.net\/friuli\/wp-json\/wp\/v2\/media\/3044"}],"wp:attachment":[{"href":"https:\/\/fiaf.net\/friuli\/wp-json\/wp\/v2\/media?parent=3043"}],"wp:term":[{"taxonomy":"category","embeddable":true,"href":"https:\/\/fiaf.net\/friuli\/wp-json\/wp\/v2\/categories?post=3043"},{"taxonomy":"post_tag","embeddable":true,"href":"https:\/\/fiaf.net\/friuli\/wp-json\/wp\/v2\/tags?post=3043"}],"curies":[{"name":"wp","href":"https:\/\/api.w.org\/{rel}","templated":true}]}}