{"id":333,"date":"2013-02-13T00:23:23","date_gmt":"2013-02-12T22:23:23","guid":{"rendered":"https:\/\/fiaf.net\/regioni\/friuli\/?p=333"},"modified":"2013-02-13T00:23:23","modified_gmt":"2013-02-12T22:23:23","slug":"olga-micol-presenta-la-mostra-fotografica-a-volo-duccello-presso-lo-storico-caffe-tommaseo-piazza-tommaseo-4c-trieste-dal-25-febbraio-al-10-marzo-2013-tutti-i-giorni-d","status":"publish","type":"post","link":"https:\/\/fiaf.net\/friuli\/olga-micol-presenta-la-mostra-fotografica-a-volo-duccello-presso-lo-storico-caffe-tommaseo-piazza-tommaseo-4c-trieste-dal-25-febbraio-al-10-marzo-2013-tutti-i-giorni-d\/","title":{"rendered":"OLGA MICOL Presenta la mostra fotografica \u201cA volo d\u2019uccello\u201d presso lo Storico Caff\u00e8 Tommaseo &#8211; Piazza Tommaseo, 4\/c Trieste &#8211; Dal 25 febbraio al 10 marzo 2013 tutti i giorni dalle 8 alle 23"},"content":{"rendered":"<p>Questa mia mostra, diversa da tutte le altre, non ha forse\u00a0 un vero filo logico, ma vuole far vedere dei meravigliosi panorami in giro per il mondo.<\/p>\n<p>In questa mia carrellata, proprio a \u201cvolo d\u2019uccello\u201d mi mancano due continenti: America e Africa, che spero di poterli presentare successivamente.<a href=\"https:\/\/fiaf.net\/friuli\/wp-content\/uploads\/sites\/8\/2013\/02\/Barriera-Corallina.jpg\"><img loading=\"lazy\" decoding=\"async\" class=\"alignright size-medium wp-image-338\" title=\"Barriera Corallina\" alt=\"\" src=\"https:\/\/fiaf.net\/friuli\/wp-content\/uploads\/sites\/8\/2013\/02\/Barriera-Corallina-300x193.jpg\" width=\"300\" height=\"193\" \/><\/a><\/p>\n<p>L\u2019<strong>Australia<\/strong> con l\u2019Opera House e l\u2019Harbour Bridge il famoso ponte che si pu\u00f2 scalare in cordata ed arrivare a 135 metri di <strong>Sidney<\/strong>, con le bellezze naturali delle <strong>Bleu Mauntain <\/strong>nella foresta pluviale dove le rocce sono modellate dal vento come le Three Sisters, <strong>Cairns<\/strong> con la Barriere Corallina;\u00a0 <strong>Alice Sprint <\/strong>con la famosa roccia sacra (Uluru) di Ayers Rock, <strong>Melbourne<\/strong> con le sue spiagge sull\u2019Oceano..<\/p>\n<p>L\u2019<strong>Asia<\/strong> con la <strong>Cina<\/strong>: con <strong>Emeishan<\/strong> uno dei quattro monti sacri al buddhismo in Cina (metri 3200). La divinit\u00e0 tutelare del luogo viene raffigurata sul dorso di un elefante o con un fiore di loto tutta luccicante d\u2019oro. Si arriva a 330 metri e si sale a piedi per ben 800 gradini, poi si prende la teleferica e con altri 200 gradini si arriva alla Cima dorata.<strong> <\/strong><\/p>\n<p><strong>Chongqing<\/strong> miseria e squallore per le strade di giorno, ma sfarzosamente illuminata la sera.<\/p>\n<p>Ed infine <strong>Xi\u2019an<\/strong> con il suo esercito di Terracotta scoperto da contadini che stavano scavando un pozzo nel 1974, risale a 2000 anni fa ed \u00e8 un\u2019affascinante testimonianza di abilit\u00e0 artistica. I soldati e cavalli furono modellati in argilla e pitturati dopo la cottura, ma le tinte un tempo vivaci e variopinte, sono quasi completamente sbiadite.<\/p>\n<p>L\u2019armata principale, si trova nella fossa numero 1 che contiene dai 6000 ai 8000 soldati e cavalli. Le file di figure sono separate da mura spesse di due metri e mezzo. Le schiere sono in direzione opposta alla tomba dell\u2019imperatore. Ciascuna figura ha un\u2019espressione unica, le statue sono cave al di sopra delle gambe, le mani e le teste, devono essere state modellate separatamente e poi unite ai corpi.<a href=\"https:\/\/fiaf.net\/friuli\/wp-content\/uploads\/sites\/8\/2013\/02\/Ladakh5000mt.jpg\"><img loading=\"lazy\" decoding=\"async\" class=\"alignleft size-medium wp-image-336\" title=\"Ladakh5000mt\" alt=\"\" src=\"https:\/\/fiaf.net\/friuli\/wp-content\/uploads\/sites\/8\/2013\/02\/Ladakh5000mt-300x199.jpg\" width=\"300\" height=\"199\" \/><\/a><\/p>\n<p>&nbsp;<\/p>\n<p><strong>India\u00a0 Ladahk (Piccolo Tibet) <\/strong>: all&#8217;arrivo, si ha la meravigliosa sensazione di trovarsi in una terra unica al mondo, dove la luce \u00e8 la vera essenza dell\u2019uomo, una luce che non si pu\u00f2 dimenticare, quella che probabilmente vedremo tutti.<\/p>\n<p>La valle \u00e8 cosparsa da una miriade di monasteri buddisti, sperduti, che dominano il panorama montagnoso, arroccati su vette altissime, con pareti che scendono a picco e in ognuno di questi vivono piccole comunit\u00e0 di monaci. Tra i 3000 e 4000 metri vivono numerosi gruppi nomadi vicino al lago salato <strong>Tsomuri<\/strong> e il meraviglioso lago a <strong>Srinagar<\/strong> nel<\/p>\n<p><strong>Kasmir<\/strong> tra fiori di loto e aquile un vero paradiso terrestre.<\/p>\n<p>L\u2019<strong>Europa<\/strong> con una splendida alba all\u2019Alpe di Siusi in Italia;<a href=\"https:\/\/fiaf.net\/friuli\/wp-content\/uploads\/sites\/8\/2013\/02\/Alpe-di-Siusi.jpg\"><img loading=\"lazy\" decoding=\"async\" class=\"alignright size-medium wp-image-335\" title=\"OLYMPUS DIGITAL CAMERA\" alt=\"\" src=\"https:\/\/fiaf.net\/friuli\/wp-content\/uploads\/sites\/8\/2013\/02\/Alpe-di-Siusi-300x225.jpg\" width=\"300\" height=\"225\" srcset=\"https:\/\/fiaf.net\/friuli\/wp-content\/uploads\/sites\/8\/2013\/02\/Alpe-di-Siusi-300x225.jpg 300w, https:\/\/fiaf.net\/friuli\/wp-content\/uploads\/sites\/8\/2013\/02\/Alpe-di-Siusi-768x576.jpg 768w, https:\/\/fiaf.net\/friuli\/wp-content\/uploads\/sites\/8\/2013\/02\/Alpe-di-Siusi.jpg 1024w\" sizes=\"auto, (max-width: 300px) 100vw, 300px\" \/><\/a><\/p>\n<p>La <strong>Nuova Zelanda <\/strong>che \u00e8 il paese situato dalla parte opposta del mondo rispetto a noi, agli antipodi ed \u00e8 il primo paese a festeggiare l\u2019entrata nel nuovo anno, ci sono dodici ore di differenza con noi.<\/p>\n<p><strong>Auckland<\/strong>, sorge fra due porti naturali, detta anche la Citt\u00e0 delle Vele ricordiamo l\u2019America\u2019s Cup \u00e8 la citt\u00e0 pi\u00f9 importante e grande ed \u00e8 anche quella pi\u00f9 multiculturale di tutta la Nuova Zelanda..<\/p>\n<p>La terra dei kiwi, uccelli che non sanno volare e dei Maori, giunti dodici secoli fa dalle isole della Polinesia centrale.<a href=\"https:\/\/fiaf.net\/friuli\/wp-content\/uploads\/sites\/8\/2013\/02\/Nuova-Zelanda-Danidin.jpg\"><img loading=\"lazy\" decoding=\"async\" class=\"alignleft size-medium wp-image-339\" title=\"Nuova Zelanda Danidin\" alt=\"\" src=\"https:\/\/fiaf.net\/friuli\/wp-content\/uploads\/sites\/8\/2013\/02\/Nuova-Zelanda-Danidin-300x182.jpg\" width=\"300\" height=\"182\" \/><\/a><\/p>\n<p>La\u00a0 sua natura selvaggia e stupenda: i suoi paesaggi alpini simili ai nostri, <strong>Rotorua<\/strong> con i suoi gheisers ribollenti, <strong>Milford Sound<\/strong> con i suoi fiordi profondi, la regione costiera dell\u2019<strong>Otago<\/strong>, la sua citt\u00e0 pi\u00f9 importante, <strong>Dunedin,<\/strong> non \u00e8 toccata dal turismo di massa e offre un osservatorio splendido sulla sua ricca fauna selvatica. Ci si pu\u00f2 immergersi in una natura incontaminata, dove i pinguini escono dall\u2019oceano, insieme a leoni marini, otarie e con i voli sopra una scogliera flagellata dal vento di colonie di albatros in un pittoresco paesaggio naturale. Chi ha visto il Signore degli Anelli ne potr\u00e0 riconoscere le meravigliose scene.<\/p>\n<p>Ha un clima mite, con condizioni atmosferiche del tutto imprevedibili: si dice che \u00e8 possibile incontrare \u201cquattro stagioni in un giorno\u201d in qualunque stagione dell\u2019anno.<strong><em>\u00a0\u00a0\u00a0\u00a0\u00a0\u00a0\u00a0\u00a0\u00a0\u00a0\u00a0\u00a0\u00a0\u00a0\u00a0\u00a0\u00a0\u00a0\u00a0\u00a0\u00a0\u00a0\u00a0\u00a0\u00a0\u00a0\u00a0\u00a0\u00a0\u00a0\u00a0\u00a0\u00a0\u00a0\u00a0\u00a0\u00a0\u00a0\u00a0\u00a0\u00a0\u00a0\u00a0 <\/em><\/strong><\/p>\n<p><strong><em>\u00a0\u00a0\u00a0\u00a0\u00a0\u00a0\u00a0\u00a0\u00a0\u00a0\u00a0 \u00a0\u00a0\u00a0\u00a0\u00a0\u00a0\u00a0\u00a0\u00a0\u00a0\u00a0 \u00a0\u00a0\u00a0\u00a0\u00a0\u00a0\u00a0\u00a0\u00a0\u00a0\u00a0 \u00a0\u00a0\u00a0\u00a0\u00a0\u00a0\u00a0\u00a0\u00a0\u00a0\u00a0 \u00a0\u00a0\u00a0\u00a0\u00a0\u00a0\u00a0\u00a0\u00a0\u00a0\u00a0 \u00a0\u00a0\u00a0\u00a0\u00a0\u00a0\u00a0\u00a0\u00a0\u00a0\u00a0 \u00a0\u00a0\u00a0\u00a0\u00a0\u00a0\u00a0\u00a0\u00a0\u00a0\u00a0 \u00a0\u00a0\u00a0\u00a0\u00a0\u00a0\u00a0\u00a0\u00a0\u00a0\u00a0 \u00a0\u00a0\u00a0\u00a0\u00a0\u00a0\u00a0\u00a0\u00a0\u00a0\u00a0 \u00a0\u00a0\u00a0\u00a0\u00a0\u00a0\u00a0\u00a0\u00a0\u00a0\u00a0 \u00a0\u00a0\u00a0\u00a0\u00a0\u00a0\u00a0\u00a0\u00a0\u00a0\u00a0 \u00a0\u00a0\u00a0\u00a0\u00a0\u00a0\u00a0\u00a0\u00a0\u00a0\u00a0 Micol Olga<\/em><\/strong><\/p>\n<p>&nbsp;<\/p>\n<p><strong>\u00a0www.olgamicol.com<\/strong><\/p>\n<p><strong>E-mail:olgamicol@yahoo.it; info@olgamicol.com \u00a0<\/strong><\/p>\n<p><strong>Cell. +39 3294186677<\/strong><\/p>\n\n    <div class=\"xs_social_share_widget xs_share_url after_content \t\tmain_content  wslu-style-1 wslu-share-box-shaped wslu-fill-colored wslu-none wslu-share-horizontal wslu-theme-font-no wslu-main_content\">\n\n\t\t\n        <ul>\n\t\t\t        <\/ul>\n    <\/div> \n","protected":false},"excerpt":{"rendered":"<p>Questa mia mostra, diversa da tutte le altre, non ha forse\u00a0 un vero filo logico, ma vuole far vedere dei &hellip;<\/p>\n","protected":false},"author":64,"featured_media":350,"comment_status":"closed","ping_status":"open","sticky":false,"template":"","format":"standard","meta":{"_acf_changed":false,"footnotes":""},"categories":[3],"tags":[],"class_list":["post-333","post","type-post","status-publish","format-standard","has-post-thumbnail","hentry","category-attivita_old"],"acf":[],"_links":{"self":[{"href":"https:\/\/fiaf.net\/friuli\/wp-json\/wp\/v2\/posts\/333","targetHints":{"allow":["GET"]}}],"collection":[{"href":"https:\/\/fiaf.net\/friuli\/wp-json\/wp\/v2\/posts"}],"about":[{"href":"https:\/\/fiaf.net\/friuli\/wp-json\/wp\/v2\/types\/post"}],"author":[{"embeddable":true,"href":"https:\/\/fiaf.net\/friuli\/wp-json\/wp\/v2\/users\/64"}],"replies":[{"embeddable":true,"href":"https:\/\/fiaf.net\/friuli\/wp-json\/wp\/v2\/comments?post=333"}],"version-history":[{"count":0,"href":"https:\/\/fiaf.net\/friuli\/wp-json\/wp\/v2\/posts\/333\/revisions"}],"wp:featuredmedia":[{"embeddable":true,"href":"https:\/\/fiaf.net\/friuli\/wp-json\/wp\/v2\/media\/350"}],"wp:attachment":[{"href":"https:\/\/fiaf.net\/friuli\/wp-json\/wp\/v2\/media?parent=333"}],"wp:term":[{"taxonomy":"category","embeddable":true,"href":"https:\/\/fiaf.net\/friuli\/wp-json\/wp\/v2\/categories?post=333"},{"taxonomy":"post_tag","embeddable":true,"href":"https:\/\/fiaf.net\/friuli\/wp-json\/wp\/v2\/tags?post=333"}],"curies":[{"name":"wp","href":"https:\/\/api.w.org\/{rel}","templated":true}]}}