{"id":836,"date":"2014-09-02T21:26:48","date_gmt":"2014-09-02T19:26:48","guid":{"rendered":"https:\/\/fiaf.net\/regioni\/friuli\/?p=836"},"modified":"2014-09-02T21:26:48","modified_gmt":"2014-09-02T19:26:48","slug":"5-concorso-fotografico-nazionale-citta-di-brugnera","status":"publish","type":"post","link":"https:\/\/fiaf.net\/friuli\/5-concorso-fotografico-nazionale-citta-di-brugnera\/","title":{"rendered":"5\u00b0 Concorso Fotografico Nazionale &#8220;Citta di Brugnera&#8221;"},"content":{"rendered":"<p><a href=\"https:\/\/fiaf.net\/friuli\/wp-content\/uploads\/sites\/8\/2014\/09\/logo_concorso_2014_1_md.jpg\"><img loading=\"lazy\" decoding=\"async\" class=\"alignnone size-medium wp-image-837\" alt=\"Concorso 2014\" src=\"https:\/\/fiaf.net\/friuli\/wp-content\/uploads\/sites\/8\/2014\/09\/logo_concorso_2014_1_md-300x105.jpg\" width=\"300\" height=\"105\" srcset=\"https:\/\/fiaf.net\/friuli\/wp-content\/uploads\/sites\/8\/2014\/09\/logo_concorso_2014_1_md-300x105.jpg 300w, https:\/\/fiaf.net\/friuli\/wp-content\/uploads\/sites\/8\/2014\/09\/logo_concorso_2014_1_md.jpg 569w\" sizes=\"auto, (max-width: 300px) 100vw, 300px\" \/><\/a><\/p>\n<p><b>5\u00b0 Concorso Fotografico Nazionale &#8220;Citta di Brugnera&#8221;\u00a0 <\/b><\/p>\n<p>In occasione della \u00a0rassegna &#8220;Brugnera Fotografia 2014&#8221;, giunta al 5\u00b0 anno, il circolo culturale PHOTO-GRAFANDO di Brugnera (PN) organizza e bandisce\u00a0 un concorso fotografico aperto a tutti i gli appassionati di fotografia non professionisti. Le migliori opere saranno esposte al pubblico dal 11 ottobre al 19 ottobre.<\/p>\n<p>A disposizione degli appassionati due sezioni di concorso: una a <b>tema libero,<\/b> per dare l&#8217;occasione di esprimersi liberamente e una sezione a <b>tema obbligato<\/b> dal titolo <b>&#8220;IL MIO EROE&#8221;<\/b><b>. <\/b>Le immagini (massimo 3 per sezione) dovranno essere stampate in formato da 20 a 30 cm come dimensione massima per il lato lungo e devono essere spedite entro la scadenza prevista all&#8217;indirizzo indicato. La premiazione avverr\u00e0 sabato 11 ottobre 2014, presso la splendida cornice di Villa Varda di Brugnera in provincia di Pordenone, in concomitanza dell&#8217;inaugurazione della manifestazione. Per maggiori informazioni e regolamento dettagliato visitate il sito <a href=\"http:\/\/www.photo-grafando.com\" target=\"_blank\" rel=\"noopener\">www.photo-grafando.com<\/a>.<\/p>\n<p>In sintesi le regole sono:<\/p>\n<ul>\n<li><i>Scadenza presentazione lavori<\/i>: <b>Venerd\u00ec 12 settembre 2014<\/b><\/li>\n<li>\u00a0<i>Dove<\/i>: Villa Varda &#8211; Brugnera &#8211; Pordenone &#8211; Friuli Venezia Giulia<\/li>\n<li><em>Sezioni<\/em>: tema libero\u00a0oppure tema obbligato <strong>&#8220;IL MIO EROE&#8221;<\/strong><strong><\/strong><\/li>\n<li><i>Quota di partecipazione<\/i>: 15 euro per una sezione 18 euro per entrambe le sezioni. I soci FIAF hanno diritto ad una quota scontata di 13 e 15 euro rispettivamente per una o entrambe le sezioni.<\/li>\n<li><i>Premiazione<\/i>: sabato 11 ottobre 2014, nell&#8217;ambito della rassegna 5\u00b0 Brugnera Fotografia\u00a02014<\/li>\n<li><i>Premi<\/i>\n<ul>\n<li>Ai vincitori di sezione e al miglior autore una targa e un libro a tema fotografico.<\/li>\n<li>Ai secondi e terzi classificati una targa.<\/li>\n<li>Le foto premiate e le migliori 10 saranno esposte durante l&#8217;intera durata della rassegna e ospitate sul sito web <a href=\"http:\/\/www.photo-grafando.com\" target=\"_blank\" rel=\"noopener\">www.photo-grafando.com<\/a> fino al 31 dicembre 2014.<\/li>\n<\/ul>\n<\/li>\n<li><i>Consegna del materiale<\/i>: presso l&#8217;Ufficio Protocollo, presso il Municipio di Brugnera &#8211; Via Villa Varda n\u00b0 2 &#8211; 33070 Brugnera (PN). Per la consegna a mano gli orari sono i\u00a0seguenti: dal luned\u00ec al venerd\u00ec dalle ore 10.00 alle 13.00, luned\u00ec pomeriggio dalle 16.30 alle 18.00.<\/li>\n<li><i>Regolamento e info<\/i>: <a href=\"http:\/\/www.photo-grafando.com\/index.php\/eventi\/5-concorso-fotografico-citta-di-brugnera\" target=\"_blank\" rel=\"noopener\">http:\/\/www.photo-grafando.com\/index.php\/eventi\/5-concorso-fotografico-citta-di-brugnera<\/a><\/li>\n<\/ul>\n<p>&nbsp;<\/p>\n<p>&nbsp;<\/p>\n\n    <div class=\"xs_social_share_widget xs_share_url after_content \t\tmain_content  wslu-style-1 wslu-share-box-shaped wslu-fill-colored wslu-none wslu-share-horizontal wslu-theme-font-no wslu-main_content\">\n\n\t\t\n        <ul>\n\t\t\t        <\/ul>\n    <\/div> \n","protected":false},"excerpt":{"rendered":"<p>5\u00b0 Concorso Fotografico Nazionale &#8220;Citta di Brugnera&#8221;\u00a0 In occasione della \u00a0rassegna &#8220;Brugnera Fotografia 2014&#8221;, giunta al 5\u00b0 anno, il circolo &hellip;<\/p>\n","protected":false},"author":64,"featured_media":837,"comment_status":"closed","ping_status":"closed","sticky":false,"template":"","format":"standard","meta":{"_acf_changed":false,"footnotes":""},"categories":[3],"tags":[],"class_list":["post-836","post","type-post","status-publish","format-standard","has-post-thumbnail","hentry","category-attivita_old"],"acf":[],"_links":{"self":[{"href":"https:\/\/fiaf.net\/friuli\/wp-json\/wp\/v2\/posts\/836","targetHints":{"allow":["GET"]}}],"collection":[{"href":"https:\/\/fiaf.net\/friuli\/wp-json\/wp\/v2\/posts"}],"about":[{"href":"https:\/\/fiaf.net\/friuli\/wp-json\/wp\/v2\/types\/post"}],"author":[{"embeddable":true,"href":"https:\/\/fiaf.net\/friuli\/wp-json\/wp\/v2\/users\/64"}],"replies":[{"embeddable":true,"href":"https:\/\/fiaf.net\/friuli\/wp-json\/wp\/v2\/comments?post=836"}],"version-history":[{"count":0,"href":"https:\/\/fiaf.net\/friuli\/wp-json\/wp\/v2\/posts\/836\/revisions"}],"wp:featuredmedia":[{"embeddable":true,"href":"https:\/\/fiaf.net\/friuli\/wp-json\/wp\/v2\/media\/837"}],"wp:attachment":[{"href":"https:\/\/fiaf.net\/friuli\/wp-json\/wp\/v2\/media?parent=836"}],"wp:term":[{"taxonomy":"category","embeddable":true,"href":"https:\/\/fiaf.net\/friuli\/wp-json\/wp\/v2\/categories?post=836"},{"taxonomy":"post_tag","embeddable":true,"href":"https:\/\/fiaf.net\/friuli\/wp-json\/wp\/v2\/tags?post=836"}],"curies":[{"name":"wp","href":"https:\/\/api.w.org\/{rel}","templated":true}]}}