{"id":10328,"date":"2025-11-28T19:54:17","date_gmt":"2025-11-28T18:54:17","guid":{"rendered":"https:\/\/fiaf.net\/lazio\/?p=10328"},"modified":"2025-11-28T19:54:17","modified_gmt":"2025-11-28T18:54:17","slug":"mostra-justina-wind","status":"publish","type":"post","link":"https:\/\/fiaf.net\/lazio\/mostra-justina-wind\/","title":{"rendered":"Mostra &#8220;Per aspera ad astra&#8221;"},"content":{"rendered":"<p>La sala espositiva Le Stelle, all\u2019interno della Galleria dello Spettro Artistico presso Locomotiva \u2013 Societ\u00e0 Cooperativa Sociale Onlus, ospita dal <strong>5 al 23 dicembre<\/strong> la mostra fotografica solidale &#8220;<em>Per aspera ad astra<\/em>&#8221; di <strong>Justina Wind<\/strong>, con inaugurazione il <strong>5 dicembre alle 17:30<\/strong>.<br \/>\nL\u2019esposizione, riconosciuta da FIAF, raccoglie una selezione di lavori che attraversano diversi territori visivi: dall\u2019architettura al paesaggio, fino alla fotografia concettuale, linguaggio particolarmente caro all\u2019autrice. Un percorso che invita a guardare oltre la superficie, seguendo un filo narrativo che unisce rigore, sensibilit\u00e0 e una costante tensione verso l\u2019essenziale.<br \/>\nLe opere sono in vendita e l\u2019intero ricavato sar\u00e0 destinato a sostenere il Polo Autismo di Sant\u2019Eusanio (Rieti), offrendo cos\u00ec alla comunit\u00e0 un\u2019occasione in cui arte e solidariet\u00e0 camminano nella stessa direzione.<\/p>\n<blockquote><p>La mostra sar\u00e0 visitabile <strong>dal luned\u00ec al venerd\u00ec<\/strong>, dalle <strong>9:30 alle 18:00<\/strong>, mentre nei giorni festivi l\u2019ingresso sar\u00e0 possibile <strong>su prenotazione<\/strong> al 328 073 2297.<br \/>\nIndirizzo: <strong>Via delle Stelle 28, Rieti (zona Porta D&#8217;Arci)<\/strong>.<\/p><\/blockquote>\n<p><em>Per aspera ad astra<\/em> \u00e8 un invito a esplorare lo sguardo fotografico di Justina Wind e, allo stesso tempo, a contribuire a un progetto che guarda al futuro delle persone e delle famiglie coinvolte.<\/p>\n<p>Clicca sull&#8217;anteprima per la locandina:<br \/>\n<a href=\"https:\/\/fiaf.net\/lazio\/wp-content\/uploads\/sites\/13\/2025\/11\/Locandina-mostra-Ju.jpeg\"><img loading=\"lazy\" decoding=\"async\" class=\"alignnone wp-image-10331 size-medium\" src=\"https:\/\/fiaf.net\/lazio\/wp-content\/uploads\/sites\/13\/2025\/11\/Locandina-mostra-Ju-184x300.jpeg\" alt=\"\" width=\"184\" height=\"300\" srcset=\"https:\/\/fiaf.net\/lazio\/wp-content\/uploads\/sites\/13\/2025\/11\/Locandina-mostra-Ju-184x300.jpeg 184w, https:\/\/fiaf.net\/lazio\/wp-content\/uploads\/sites\/13\/2025\/11\/Locandina-mostra-Ju-629x1024.jpeg 629w, https:\/\/fiaf.net\/lazio\/wp-content\/uploads\/sites\/13\/2025\/11\/Locandina-mostra-Ju-768x1250.jpeg 768w, https:\/\/fiaf.net\/lazio\/wp-content\/uploads\/sites\/13\/2025\/11\/Locandina-mostra-Ju-944x1536.jpeg 944w, https:\/\/fiaf.net\/lazio\/wp-content\/uploads\/sites\/13\/2025\/11\/Locandina-mostra-Ju.jpeg 983w\" sizes=\"auto, (max-width: 184px) 100vw, 184px\" \/><\/a><\/p>\n\n    <div class=\"xs_social_share_widget xs_share_url after_content \t\tmain_content  wslu-style-1 wslu-share-box-shaped wslu-fill-colored wslu-none wslu-share-horizontal wslu-theme-font-no wslu-main_content\">\n\n\t\t\n        <ul>\n\t\t\t        <\/ul>\n    <\/div> \n","protected":false},"excerpt":{"rendered":"<p>La sala espositiva Le Stelle, all\u2019interno della Galleria dello Spettro Artistico presso Locomotiva \u2013 Societ\u00e0 Cooperativa Sociale Onlus, ospita dal &hellip;<\/p>\n","protected":false},"author":20,"featured_media":10330,"comment_status":"closed","ping_status":"closed","sticky":false,"template":"","format":"standard","meta":{"_acf_changed":false,"footnotes":""},"categories":[1,8],"tags":[],"class_list":["post-10328","post","type-post","status-publish","format-standard","has-post-thumbnail","hentry","category-altro","category-mostre"],"acf":[],"_links":{"self":[{"href":"https:\/\/fiaf.net\/lazio\/wp-json\/wp\/v2\/posts\/10328","targetHints":{"allow":["GET"]}}],"collection":[{"href":"https:\/\/fiaf.net\/lazio\/wp-json\/wp\/v2\/posts"}],"about":[{"href":"https:\/\/fiaf.net\/lazio\/wp-json\/wp\/v2\/types\/post"}],"author":[{"embeddable":true,"href":"https:\/\/fiaf.net\/lazio\/wp-json\/wp\/v2\/users\/20"}],"replies":[{"embeddable":true,"href":"https:\/\/fiaf.net\/lazio\/wp-json\/wp\/v2\/comments?post=10328"}],"version-history":[{"count":4,"href":"https:\/\/fiaf.net\/lazio\/wp-json\/wp\/v2\/posts\/10328\/revisions"}],"predecessor-version":[{"id":10334,"href":"https:\/\/fiaf.net\/lazio\/wp-json\/wp\/v2\/posts\/10328\/revisions\/10334"}],"wp:featuredmedia":[{"embeddable":true,"href":"https:\/\/fiaf.net\/lazio\/wp-json\/wp\/v2\/media\/10330"}],"wp:attachment":[{"href":"https:\/\/fiaf.net\/lazio\/wp-json\/wp\/v2\/media?parent=10328"}],"wp:term":[{"taxonomy":"category","embeddable":true,"href":"https:\/\/fiaf.net\/lazio\/wp-json\/wp\/v2\/categories?post=10328"},{"taxonomy":"post_tag","embeddable":true,"href":"https:\/\/fiaf.net\/lazio\/wp-json\/wp\/v2\/tags?post=10328"}],"curies":[{"name":"wp","href":"https:\/\/api.w.org\/{rel}","templated":true}]}}